{"id":114176,"date":"2018-03-11T10:42:05","date_gmt":"2018-03-11T10:42:05","guid":{"rendered":"https:\/\/www.deberes.net\/tesis\/sin-categoria\/la-industria-armera-vasca-1900-1959\/"},"modified":"2018-03-11T10:42:05","modified_gmt":"2018-03-11T10:42:05","slug":"la-industria-armera-vasca-1900-1959","status":"publish","type":"post","link":"https:\/\/www.deberes.net\/tesis\/historia-de-la-economia\/la-industria-armera-vasca-1900-1959\/","title":{"rendered":"La industria armera vasca 1900-1959"},"content":{"rendered":"<h2>Tesis doctoral de <strong> Igor Go\u00f1i Mendizabal <\/strong><\/h2>\n<p>La tesis doctoral que se presenta estudia la evoluci\u00f3n de la industria armera en el pa\u00eds vasco entre 1900 y 1959. En una primera parte de car\u00e1cter introductorio se analizan los or\u00edgenes de la fabricaci\u00f3n de armas de fuego en el territorio vasco entre los siglos xvi y xix. En una segunda parte, utilizando para ello la documentaci\u00f3n hist\u00f3rica a la que se ha tenido acceso, principalmente la depositada en el archivo municipal de eibar (gipuzkoa) as\u00ed como la correspondiente a la empresa astra-unceta y c\u00eda. De gernika-lumo (bizkaia), se procede al estudio de los factores que determinaron el devenir de esta industria desde de finales del siglo xix hasta la finalizaci\u00f3n de la primera guerra mundial momento \u00e1lgido de la producci\u00f3n de armas en el pa\u00eds vasco. En la tercera y \u00faltima parte se analizan los efectos de la crisis de posguerra, el inicio de la transformaci\u00f3n de la industria as\u00ed como su evoluci\u00f3n durante la guerra civil espa\u00f1ola y el primer franquismo. Tambi\u00e9n se dedica un cap\u00edtulo de la tesis, incluido en la segunda parte de la misma, a analizar el caso de la industria armera vasca en el marco te\u00f3rico de los distritos industriales iniciado por marshall y desarrollado por beccatini, concluyendo que la configuraci\u00f3n de este sector como un distrito industrial fue un factor determinante en su desarrollo durante el per\u00edodo estudiado.<\/p>\n<p>&nbsp;<\/p>\n<h3>Datos acad\u00e9micos de la tesis doctoral \u00ab<strong>La industria armera vasca 1900-1959<\/strong>\u00ab<\/h3>\n<ul>\n<li><strong>T\u00edtulo de la tesis:<\/strong>\u00a0 La industria armera vasca 1900-1959 <\/li>\n<li><strong>Autor:<\/strong>\u00a0 Igor Go\u00f1i Mendizabal <\/li>\n<li><strong>Universidad:<\/strong>\u00a0 Pa\u00eds vasco\/euskal herriko unibertsitatea<\/li>\n<li><strong>Fecha de lectura de la tesis:<\/strong>\u00a0 17\/05\/2013<\/li>\n<\/ul>\n<p>&nbsp;<\/p>\n<h3>Direcci\u00f3n y tribunal<\/h3>\n<ul>\n<li><strong>Director de la tesis<\/strong>\n<ul>\n<li>Emiliano Fernandez De Pinedo Fernandez<\/li>\n<\/ul>\n<\/li>\n<li><strong>Tribunal<\/strong>\n<ul>\n<li>Presidente del tribunal: Juan Carmona badia <\/li>\n<li>Santiago Manuel L\u00f3pez Garc\u00eda (vocal)<\/li>\n<li>Rafael Uriarte &#8212; (vocal)<\/li>\n<li>Jos\u00e9 patricio Saiz gonzalez (vocal)<\/li>\n<\/ul>\n<\/li>\n<\/ul>\n<p>&nbsp;<\/p>\n","protected":false},"excerpt":{"rendered":"<p>Tesis doctoral de Igor Go\u00f1i Mendizabal La tesis doctoral que se presenta estudia la evoluci\u00f3n de la industria armera en [&hellip;]<\/p>\n","protected":false},"author":1,"featured_media":0,"comment_status":"open","ping_status":"open","sticky":false,"template":"","format":"standard","meta":{"site-sidebar-layout":"default","site-content-layout":"","ast-site-content-layout":"","site-content-style":"default","site-sidebar-style":"default","ast-global-header-display":"","ast-banner-title-visibility":"","ast-main-header-display":"","ast-hfb-above-header-display":"","ast-hfb-below-header-display":"","ast-hfb-mobile-header-display":"","site-post-title":"","ast-breadcrumbs-content":"","ast-featured-img":"","footer-sml-layout":"","theme-transparent-header-meta":"","adv-header-id-meta":"","stick-header-meta":"","header-above-stick-meta":"","header-main-stick-meta":"","header-below-stick-meta":"","astra-migrate-meta-layouts":"default","ast-page-background-enabled":"default","ast-page-background-meta":{"desktop":{"background-color":"var(--ast-global-color-4)","background-image":"","background-repeat":"repeat","background-position":"center center","background-size":"auto","background-attachment":"scroll","background-type":"","background-media":"","overlay-type":"","overlay-color":"","overlay-gradient":""},"tablet":{"background-color":"","background-image":"","background-repeat":"repeat","background-position":"center center","background-size":"auto","background-attachment":"scroll","background-type":"","background-media":"","overlay-type":"","overlay-color":"","overlay-gradient":""},"mobile":{"background-color":"","background-image":"","background-repeat":"repeat","background-position":"center center","background-size":"auto","background-attachment":"scroll","background-type":"","background-media":"","overlay-type":"","overlay-color":"","overlay-gradient":""}},"ast-content-background-meta":{"desktop":{"background-color":"var(--ast-global-color-5)","background-image":"","background-repeat":"repeat","background-position":"center center","background-size":"auto","background-attachment":"scroll","background-type":"","background-media":"","overlay-type":"","overlay-color":"","overlay-gradient":""},"tablet":{"background-color":"var(--ast-global-color-5)","background-image":"","background-repeat":"repeat","background-position":"center center","background-size":"auto","background-attachment":"scroll","background-type":"","background-media":"","overlay-type":"","overlay-color":"","overlay-gradient":""},"mobile":{"background-color":"var(--ast-global-color-5)","background-image":"","background-repeat":"repeat","background-position":"center center","background-size":"auto","background-attachment":"scroll","background-type":"","background-media":"","overlay-type":"","overlay-color":"","overlay-gradient":""}},"footnotes":""},"categories":[438,12909],"tags":[194692,226441,226442,58695,28812,6485],"class_list":["post-114176","post","type-post","status-publish","format-standard","hentry","category-historia-de-la-economia","category-pais-vasco-euskal-herriko-unibertsitatea","tag-emiliano-fernandez-de-pinedo-fernandez","tag-igor-goni-mendizabal","tag-jose-patricio-saiz-gonzalez","tag-juan-carmona-badia","tag-rafael-uriarte","tag-santiago-manuel-lopez-garcia"],"_links":{"self":[{"href":"https:\/\/www.deberes.net\/tesis\/wp-json\/wp\/v2\/posts\/114176","targetHints":{"allow":["GET"]}}],"collection":[{"href":"https:\/\/www.deberes.net\/tesis\/wp-json\/wp\/v2\/posts"}],"about":[{"href":"https:\/\/www.deberes.net\/tesis\/wp-json\/wp\/v2\/types\/post"}],"author":[{"embeddable":true,"href":"https:\/\/www.deberes.net\/tesis\/wp-json\/wp\/v2\/users\/1"}],"replies":[{"embeddable":true,"href":"https:\/\/www.deberes.net\/tesis\/wp-json\/wp\/v2\/comments?post=114176"}],"version-history":[{"count":0,"href":"https:\/\/www.deberes.net\/tesis\/wp-json\/wp\/v2\/posts\/114176\/revisions"}],"wp:attachment":[{"href":"https:\/\/www.deberes.net\/tesis\/wp-json\/wp\/v2\/media?parent=114176"}],"wp:term":[{"taxonomy":"category","embeddable":true,"href":"https:\/\/www.deberes.net\/tesis\/wp-json\/wp\/v2\/categories?post=114176"},{"taxonomy":"post_tag","embeddable":true,"href":"https:\/\/www.deberes.net\/tesis\/wp-json\/wp\/v2\/tags?post=114176"}],"curies":[{"name":"wp","href":"https:\/\/api.w.org\/{rel}","templated":true}]}}