{"id":114233,"date":"2018-03-11T10:42:09","date_gmt":"2018-03-11T10:42:09","guid":{"rendered":"https:\/\/www.deberes.net\/tesis\/sin-categoria\/efecto-de-la-hidratacion-materna-en-la-version-cefalica-externa-a-termino\/"},"modified":"2018-03-11T10:42:09","modified_gmt":"2018-03-11T10:42:09","slug":"efecto-de-la-hidratacion-materna-en-la-version-cefalica-externa-a-termino","status":"publish","type":"post","link":"https:\/\/www.deberes.net\/tesis\/ginecologia\/efecto-de-la-hidratacion-materna-en-la-version-cefalica-externa-a-termino\/","title":{"rendered":"Efecto de la hidrataci\u00f3n materna en la versi\u00f3n cef\u00e1lica externa a t\u00e9rmino"},"content":{"rendered":"<h2>Tesis doctoral de <strong> Eider Quintana Ochoa De Alda <\/strong><\/h2>\n<p>El objetivo del estudio es valorar la eficacia de la hidrataci\u00f3n materna mediante la infusi\u00f3n intravenosa de suero sobre los resultados de la versi\u00f3n cef\u00e1lica externa a t\u00e9rmino. Es un dise\u00f1o cuasi-experimental de cohortes prospectivo no aleatorizado con 100 pacientes en cada grupo. Los resultados del estudio se\u00f1alan que la hidrataci\u00f3n materna a t\u00e9rmino aumenta significativamente la cantidad de l\u00edquido amni\u00f3tico, pero no aumenta la tasa de \u00e9xito de la versi\u00f3n cef\u00e1lica externa. La hidrataci\u00f3n materna no presenta complicaciones maternas o fetales cl\u00ednicamente relevantes.En conclusi\u00f3n, la hidrataci\u00f3n materna previa a la versi\u00f3n cef\u00e1lica externa no estar\u00eda indicado como procedimiento para mejorar las tasa de \u00e9xito de la versi\u00f3n cef\u00e1lica externa a t\u00e9rmino.<\/p>\n<p>&nbsp;<\/p>\n<h3>Datos acad\u00e9micos de la tesis doctoral \u00ab<strong>Efecto de la hidrataci\u00f3n materna en la versi\u00f3n cef\u00e1lica externa a t\u00e9rmino<\/strong>\u00ab<\/h3>\n<ul>\n<li><strong>T\u00edtulo de la tesis:<\/strong>\u00a0 Efecto de la hidrataci\u00f3n materna en la versi\u00f3n cef\u00e1lica externa a t\u00e9rmino <\/li>\n<li><strong>Autor:<\/strong>\u00a0 Eider Quintana Ochoa De Alda <\/li>\n<li><strong>Universidad:<\/strong>\u00a0 Pa\u00eds vasco\/euskal herriko unibertsitatea<\/li>\n<li><strong>Fecha de lectura de la tesis:<\/strong>\u00a0 31\/05\/2013<\/li>\n<\/ul>\n<p>&nbsp;<\/p>\n<h3>Direcci\u00f3n y tribunal<\/h3>\n<ul>\n<li><strong>Director de la tesis<\/strong>\n<ul>\n<li>Jorge Burgos San Cristobal<\/li>\n<\/ul>\n<\/li>\n<li><strong>Tribunal<\/strong>\n<ul>\n<li>Presidente del tribunal: josep Mar\u00eda Lailla vicens <\/li>\n<li>ernesto Fabr\u00e9 gonz\u00e1lez (vocal)<\/li>\n<li>justino Rodr\u00edguez de alarc\u00f3n g\u00f3mez (vocal)<\/li>\n<li>txant\u00f3n Mart\u00ednez astorquiza ort\u00edz de zarate (vocal)<\/li>\n<\/ul>\n<\/li>\n<\/ul>\n<p>&nbsp;<\/p>\n","protected":false},"excerpt":{"rendered":"<p>Tesis doctoral de Eider Quintana Ochoa De Alda El objetivo del estudio es valorar la eficacia de la hidrataci\u00f3n materna [&hellip;]<\/p>\n","protected":false},"author":1,"featured_media":0,"comment_status":"open","ping_status":"open","sticky":false,"template":"","format":"standard","meta":{"site-sidebar-layout":"default","site-content-layout":"","ast-site-content-layout":"","site-content-style":"default","site-sidebar-style":"default","ast-global-header-display":"","ast-banner-title-visibility":"","ast-main-header-display":"","ast-hfb-above-header-display":"","ast-hfb-below-header-display":"","ast-hfb-mobile-header-display":"","site-post-title":"","ast-breadcrumbs-content":"","ast-featured-img":"","footer-sml-layout":"","theme-transparent-header-meta":"","adv-header-id-meta":"","stick-header-meta":"","header-above-stick-meta":"","header-main-stick-meta":"","header-below-stick-meta":"","astra-migrate-meta-layouts":"default","ast-page-background-enabled":"default","ast-page-background-meta":{"desktop":{"background-color":"var(--ast-global-color-4)","background-image":"","background-repeat":"repeat","background-position":"center center","background-size":"auto","background-attachment":"scroll","background-type":"","background-media":"","overlay-type":"","overlay-color":"","overlay-gradient":""},"tablet":{"background-color":"","background-image":"","background-repeat":"repeat","background-position":"center center","background-size":"auto","background-attachment":"scroll","background-type":"","background-media":"","overlay-type":"","overlay-color":"","overlay-gradient":""},"mobile":{"background-color":"","background-image":"","background-repeat":"repeat","background-position":"center center","background-size":"auto","background-attachment":"scroll","background-type":"","background-media":"","overlay-type":"","overlay-color":"","overlay-gradient":""}},"ast-content-background-meta":{"desktop":{"background-color":"var(--ast-global-color-5)","background-image":"","background-repeat":"repeat","background-position":"center center","background-size":"auto","background-attachment":"scroll","background-type":"","background-media":"","overlay-type":"","overlay-color":"","overlay-gradient":""},"tablet":{"background-color":"var(--ast-global-color-5)","background-image":"","background-repeat":"repeat","background-position":"center center","background-size":"auto","background-attachment":"scroll","background-type":"","background-media":"","overlay-type":"","overlay-color":"","overlay-gradient":""},"mobile":{"background-color":"var(--ast-global-color-5)","background-image":"","background-repeat":"repeat","background-position":"center center","background-size":"auto","background-attachment":"scroll","background-type":"","background-media":"","overlay-type":"","overlay-color":"","overlay-gradient":""}},"footnotes":""},"categories":[135,12909],"tags":[226520,1370,137951,1264,171275,137953],"class_list":["post-114233","post","type-post","status-publish","format-standard","hentry","category-ginecologia","category-pais-vasco-euskal-herriko-unibertsitatea","tag-eider-quintana-ochoa-de-alda","tag-ernesto-fabre-gonzalez","tag-jorge-burgos-san-cristobal","tag-josep-maria-lailla-vicens","tag-justino-rodriguez-de-alarcon-gomez","tag-txanton-Martinez-astorquiza-ortiz-de-zarate"],"_links":{"self":[{"href":"https:\/\/www.deberes.net\/tesis\/wp-json\/wp\/v2\/posts\/114233","targetHints":{"allow":["GET"]}}],"collection":[{"href":"https:\/\/www.deberes.net\/tesis\/wp-json\/wp\/v2\/posts"}],"about":[{"href":"https:\/\/www.deberes.net\/tesis\/wp-json\/wp\/v2\/types\/post"}],"author":[{"embeddable":true,"href":"https:\/\/www.deberes.net\/tesis\/wp-json\/wp\/v2\/users\/1"}],"replies":[{"embeddable":true,"href":"https:\/\/www.deberes.net\/tesis\/wp-json\/wp\/v2\/comments?post=114233"}],"version-history":[{"count":0,"href":"https:\/\/www.deberes.net\/tesis\/wp-json\/wp\/v2\/posts\/114233\/revisions"}],"wp:attachment":[{"href":"https:\/\/www.deberes.net\/tesis\/wp-json\/wp\/v2\/media?parent=114233"}],"wp:term":[{"taxonomy":"category","embeddable":true,"href":"https:\/\/www.deberes.net\/tesis\/wp-json\/wp\/v2\/categories?post=114233"},{"taxonomy":"post_tag","embeddable":true,"href":"https:\/\/www.deberes.net\/tesis\/wp-json\/wp\/v2\/tags?post=114233"}],"curies":[{"name":"wp","href":"https:\/\/api.w.org\/{rel}","templated":true}]}}