{"id":114281,"date":"2018-03-11T10:42:09","date_gmt":"2018-03-11T10:42:09","guid":{"rendered":"https:\/\/www.deberes.net\/tesis\/sin-categoria\/el-tratamiento-de-la-revolucion-mejicana-en-el-western-europeo-perspectiva-de-un-fenomeno-cinematografico-1965-1975\/"},"modified":"2018-03-11T10:42:09","modified_gmt":"2018-03-11T10:42:09","slug":"el-tratamiento-de-la-revolucion-mejicana-en-el-western-europeo-perspectiva-de-un-fenomeno-cinematografico-1965-1975","status":"publish","type":"post","link":"https:\/\/www.deberes.net\/tesis\/cinematografia\/el-tratamiento-de-la-revolucion-mejicana-en-el-western-europeo-perspectiva-de-un-fenomeno-cinematografico-1965-1975\/","title":{"rendered":"El tratamiento de la revoluci\u00f3n mejicana en el western europeo. perspectiva de un fen\u00f3meno cinematogr\u00e1fico (1965-1975)"},"content":{"rendered":"<h2>Tesis doctoral de <strong> Marcos Garcia-erguin Maza <\/strong><\/h2>\n<p>Durante las d\u00e9cadas de 1960 y 1970 se produjo un \u00e9xito econ\u00f3mico y comercial mediante las producciones de g\u00e9nero western en europa. Al principio, todas ellas se originaron como un producto imitativo, o de menor nivel, del g\u00e9nero de hollywood. Sin embargo, a partir de 1.964 y del \u00e9xito de algunos realizadores italianos el g\u00e9nero western en europa empez\u00f3 a reivindicarse con un estilo propio y una manera de realizar este tipo de cine completamente diferente al estadounidense.\tA lo largo este proceso, el g\u00e9nero reelabor\u00f3 siempre los modelos que hab\u00edan producido ganancias en vistas a una explotaci\u00f3n del fen\u00f3meno. De este modo, sucedi\u00f3 que uno de los modelos que m\u00e1s se repiti\u00f3 y que m\u00e1s creadores se atrevieron a filmar fue el que se basaba en el suceso hist\u00f3rico de la revoluci\u00f3n mexicana. De hecho, el retrato de m\u00e9xico, por sus similitudes culturales, siempre hab\u00eda sido m\u00e1s c\u00f3modo para los pa\u00edses cat\u00f3licos y del sur de europa. Sin embrago, este estudio intenta determinar si este tipo de films posee un patr\u00f3n bien definido, gracias a una serie de cintas que responden a los siguientes t\u00edtulos:\u00c2\u00a1viva maria! (1965) -louis malle-django (1966) -sergio corbucci-\u00c2\u00a1viva carrancho! (1966) -alfonso balc\u00e1zar-\u00c2\u00bfqui\u00e9n sabe? Yo soy la revoluci\u00f3n (1967) -damiano damiani-los siete de pancho villa (1967) -jos\u00e9 mar\u00eda elorrieta-corri uomo corri \/ corre, cuchillo, corre (1968) -sergio sollima-il mercenario \/ salario para matar (1968) -sergio corbucci-tepepa (1969) -giulio petroni-\u00c2\u00a1vamos a matar, compa\u00f1eros! \/ Los compa\u00f1eros (1970) -sergio corbucci-gi\u00ed\u00b9 la testa! \/ \u00c2\u00a1ag\u00e1chate maldito! (1971) -sergio leone-viva la muerte&#8230; Tua! \/ Viva la muerte&#8230; Tuya! (1972) -duccio tessari-che c\u00c2\u00bfentriamo noi con la rivoluzione! \/ \u00c2\u00bfqu\u00e9 nos importa la revoluci\u00f3n? (1972) -sergio corbucci-<\/p>\n<p>&nbsp;<\/p>\n<h3>Datos acad\u00e9micos de la tesis doctoral \u00ab<strong>El tratamiento de la revoluci\u00f3n mejicana en el western europeo. perspectiva de un fen\u00f3meno cinematogr\u00e1fico (1965-1975)<\/strong>\u00ab<\/h3>\n<ul>\n<li><strong>T\u00edtulo de la tesis:<\/strong>\u00a0 El tratamiento de la revoluci\u00f3n mejicana en el western europeo. perspectiva de un fen\u00f3meno cinematogr\u00e1fico (1965-1975) <\/li>\n<li><strong>Autor:<\/strong>\u00a0 Marcos Garcia-erguin Maza <\/li>\n<li><strong>Universidad:<\/strong>\u00a0 Pa\u00eds vasco\/euskal herriko unibertsitatea<\/li>\n<li><strong>Fecha de lectura de la tesis:<\/strong>\u00a0 13\/06\/2013<\/li>\n<\/ul>\n<p>&nbsp;<\/p>\n<h3>Direcci\u00f3n y tribunal<\/h3>\n<ul>\n<li><strong>Director de la tesis<\/strong>\n<ul>\n<li>Gabriel Villota Toyos<\/li>\n<\/ul>\n<\/li>\n<li><strong>Tribunal<\/strong>\n<ul>\n<li>Presidente del tribunal: santos Zunzunegui diez <\/li>\n<li>valeria Camporesi lami (vocal)<\/li>\n<li>jenaro Talens carmona (vocal)<\/li>\n<li>Jos\u00e9 Luis Molinuevo mart\u00ednez de bujo (vocal)<\/li>\n<\/ul>\n<\/li>\n<\/ul>\n<p>&nbsp;<\/p>\n","protected":false},"excerpt":{"rendered":"<p>Tesis doctoral de Marcos Garcia-erguin Maza Durante las d\u00e9cadas de 1960 y 1970 se produjo un \u00e9xito econ\u00f3mico y comercial [&hellip;]<\/p>\n","protected":false},"author":1,"featured_media":0,"comment_status":"open","ping_status":"open","sticky":false,"template":"","format":"standard","meta":{"site-sidebar-layout":"default","site-content-layout":"","ast-site-content-layout":"","site-content-style":"default","site-sidebar-style":"default","ast-global-header-display":"","ast-banner-title-visibility":"","ast-main-header-display":"","ast-hfb-above-header-display":"","ast-hfb-below-header-display":"","ast-hfb-mobile-header-display":"","site-post-title":"","ast-breadcrumbs-content":"","ast-featured-img":"","footer-sml-layout":"","theme-transparent-header-meta":"","adv-header-id-meta":"","stick-header-meta":"","header-above-stick-meta":"","header-main-stick-meta":"","header-below-stick-meta":"","astra-migrate-meta-layouts":"default","ast-page-background-enabled":"default","ast-page-background-meta":{"desktop":{"background-color":"var(--ast-global-color-4)","background-image":"","background-repeat":"repeat","background-position":"center center","background-size":"auto","background-attachment":"scroll","background-type":"","background-media":"","overlay-type":"","overlay-color":"","overlay-gradient":""},"tablet":{"background-color":"","background-image":"","background-repeat":"repeat","background-position":"center center","background-size":"auto","background-attachment":"scroll","background-type":"","background-media":"","overlay-type":"","overlay-color":"","overlay-gradient":""},"mobile":{"background-color":"","background-image":"","background-repeat":"repeat","background-position":"center center","background-size":"auto","background-attachment":"scroll","background-type":"","background-media":"","overlay-type":"","overlay-color":"","overlay-gradient":""}},"ast-content-background-meta":{"desktop":{"background-color":"var(--ast-global-color-5)","background-image":"","background-repeat":"repeat","background-position":"center center","background-size":"auto","background-attachment":"scroll","background-type":"","background-media":"","overlay-type":"","overlay-color":"","overlay-gradient":""},"tablet":{"background-color":"var(--ast-global-color-5)","background-image":"","background-repeat":"repeat","background-position":"center center","background-size":"auto","background-attachment":"scroll","background-type":"","background-media":"","overlay-type":"","overlay-color":"","overlay-gradient":""},"mobile":{"background-color":"var(--ast-global-color-5)","background-image":"","background-repeat":"repeat","background-position":"center center","background-size":"auto","background-attachment":"scroll","background-type":"","background-media":"","overlay-type":"","overlay-color":"","overlay-gradient":""}},"footnotes":""},"categories":[5547,12909],"tags":[81112,4740,10454,226592,5038,58394],"class_list":["post-114281","post","type-post","status-publish","format-standard","hentry","category-cinematografia","category-pais-vasco-euskal-herriko-unibertsitatea","tag-gabriel-villota-toyos","tag-jenaro-talens-carmona","tag-jose-luis-molinuevo-Martinez-de-bujo","tag-marcos-garcia-ergain-maza","tag-santos-zunzunegui-diez","tag-valeria-camporesi-lami"],"_links":{"self":[{"href":"https:\/\/www.deberes.net\/tesis\/wp-json\/wp\/v2\/posts\/114281","targetHints":{"allow":["GET"]}}],"collection":[{"href":"https:\/\/www.deberes.net\/tesis\/wp-json\/wp\/v2\/posts"}],"about":[{"href":"https:\/\/www.deberes.net\/tesis\/wp-json\/wp\/v2\/types\/post"}],"author":[{"embeddable":true,"href":"https:\/\/www.deberes.net\/tesis\/wp-json\/wp\/v2\/users\/1"}],"replies":[{"embeddable":true,"href":"https:\/\/www.deberes.net\/tesis\/wp-json\/wp\/v2\/comments?post=114281"}],"version-history":[{"count":0,"href":"https:\/\/www.deberes.net\/tesis\/wp-json\/wp\/v2\/posts\/114281\/revisions"}],"wp:attachment":[{"href":"https:\/\/www.deberes.net\/tesis\/wp-json\/wp\/v2\/media?parent=114281"}],"wp:term":[{"taxonomy":"category","embeddable":true,"href":"https:\/\/www.deberes.net\/tesis\/wp-json\/wp\/v2\/categories?post=114281"},{"taxonomy":"post_tag","embeddable":true,"href":"https:\/\/www.deberes.net\/tesis\/wp-json\/wp\/v2\/tags?post=114281"}],"curies":[{"name":"wp","href":"https:\/\/api.w.org\/{rel}","templated":true}]}}