{"id":114289,"date":"2018-03-11T10:42:15","date_gmt":"2018-03-11T10:42:15","guid":{"rendered":"https:\/\/www.deberes.net\/tesis\/sin-categoria\/segregacion-ocupacional-e-inmigracion-en-el-mercado-de-trabajo-espanol-una-perspectiva-de-genero\/"},"modified":"2018-03-11T10:42:15","modified_gmt":"2018-03-11T10:42:15","slug":"segregacion-ocupacional-e-inmigracion-en-el-mercado-de-trabajo-espanol-una-perspectiva-de-genero","status":"publish","type":"post","link":"https:\/\/www.deberes.net\/tesis\/movilidad-y-migraciones-internacionales\/segregacion-ocupacional-e-inmigracion-en-el-mercado-de-trabajo-espanol-una-perspectiva-de-genero\/","title":{"rendered":"Segregaci\u00f3n ocupacional e inmigraci\u00f3n en el mercado de trabajo espa\u00f1ol. una perspectiva de g\u00e9nero"},"content":{"rendered":"<h2>Tesis doctoral de <strong> Leire Aldaz Odriozola <\/strong><\/h2>\n<p>Se realiza un an\u00e1lisis de la posici\u00f3n laboral de los distintos colectivos de trabajadores catalogados en funci\u00f3n de su g\u00e9nero y de su nacionalidad, para el mercado de trabajo espa\u00f1ol. Ello permite determinar los espacios laborales prioritarios de cada colectivo.A su vez, se estudia la intensidad con la que se manifiestan la segregaci\u00f3n ocupacional por g\u00e9nero y la segregaci\u00f3n ocupacional por nacionalidad, es decir, se cuantifica la desigualdad en la distribuci\u00f3n ocupacional de distintos colectivos de trabajadores. Tambi\u00e9n se analiza la evoluci\u00f3n de dicha desigualdad.El estudio revela una relaci\u00f3n causal entre ambas manifestaciones de segregaci\u00f3n. Esto es, la inmigraci\u00f3n induce una movilidad ocupacional ascendente en la poblaci\u00f3n nativa, por lo que se obtiene que la segregaci\u00f3n ocupacional por g\u00e9nero ha disminuido entre la poblaci\u00f3n nativa en el periodo considerado.<\/p>\n<p>&nbsp;<\/p>\n<h3>Datos acad\u00e9micos de la tesis doctoral \u00ab<strong>Segregaci\u00f3n ocupacional e inmigraci\u00f3n en el mercado de trabajo espa\u00f1ol. una perspectiva de g\u00e9nero<\/strong>\u00ab<\/h3>\n<ul>\n<li><strong>T\u00edtulo de la tesis:<\/strong>\u00a0 Segregaci\u00f3n ocupacional e inmigraci\u00f3n en el mercado de trabajo espa\u00f1ol. una perspectiva de g\u00e9nero <\/li>\n<li><strong>Autor:<\/strong>\u00a0 Leire Aldaz Odriozola <\/li>\n<li><strong>Universidad:<\/strong>\u00a0 Pa\u00eds vasco\/euskal herriko unibertsitatea<\/li>\n<li><strong>Fecha de lectura de la tesis:<\/strong>\u00a0 14\/06\/2013<\/li>\n<\/ul>\n<p>&nbsp;<\/p>\n<h3>Direcci\u00f3n y tribunal<\/h3>\n<ul>\n<li><strong>Director de la tesis<\/strong>\n<ul>\n<li> Egu\u00eda Pe\u00f1a M. Bego\u00f1a<\/li>\n<\/ul>\n<\/li>\n<li><strong>Tribunal<\/strong>\n<ul>\n<li>Presidente del tribunal: milagros Garcia crespo <\/li>\n<li>Carlos Iglesias fern\u00e1ndez (vocal)<\/li>\n<li>tomas Mancha navarro (vocal)<\/li>\n<li>josefa eugenia Fernandez arufe (vocal)<\/li>\n<\/ul>\n<\/li>\n<\/ul>\n<p>&nbsp;<\/p>\n","protected":false},"excerpt":{"rendered":"<p>Tesis doctoral de Leire Aldaz Odriozola Se realiza un an\u00e1lisis de la posici\u00f3n laboral de los distintos colectivos de trabajadores [&hellip;]<\/p>\n","protected":false},"author":1,"featured_media":0,"comment_status":"open","ping_status":"open","sticky":false,"template":"","format":"standard","meta":{"site-sidebar-layout":"default","site-content-layout":"","ast-site-content-layout":"","site-content-style":"default","site-sidebar-style":"default","ast-global-header-display":"","ast-banner-title-visibility":"","ast-main-header-display":"","ast-hfb-above-header-display":"","ast-hfb-below-header-display":"","ast-hfb-mobile-header-display":"","site-post-title":"","ast-breadcrumbs-content":"","ast-featured-img":"","footer-sml-layout":"","theme-transparent-header-meta":"","adv-header-id-meta":"","stick-header-meta":"","header-above-stick-meta":"","header-main-stick-meta":"","header-below-stick-meta":"","astra-migrate-meta-layouts":"default","ast-page-background-enabled":"default","ast-page-background-meta":{"desktop":{"background-color":"var(--ast-global-color-4)","background-image":"","background-repeat":"repeat","background-position":"center center","background-size":"auto","background-attachment":"scroll","background-type":"","background-media":"","overlay-type":"","overlay-color":"","overlay-gradient":""},"tablet":{"background-color":"","background-image":"","background-repeat":"repeat","background-position":"center center","background-size":"auto","background-attachment":"scroll","background-type":"","background-media":"","overlay-type":"","overlay-color":"","overlay-gradient":""},"mobile":{"background-color":"","background-image":"","background-repeat":"repeat","background-position":"center center","background-size":"auto","background-attachment":"scroll","background-type":"","background-media":"","overlay-type":"","overlay-color":"","overlay-gradient":""}},"ast-content-background-meta":{"desktop":{"background-color":"var(--ast-global-color-5)","background-image":"","background-repeat":"repeat","background-position":"center center","background-size":"auto","background-attachment":"scroll","background-type":"","background-media":"","overlay-type":"","overlay-color":"","overlay-gradient":""},"tablet":{"background-color":"var(--ast-global-color-5)","background-image":"","background-repeat":"repeat","background-position":"center center","background-size":"auto","background-attachment":"scroll","background-type":"","background-media":"","overlay-type":"","overlay-color":"","overlay-gradient":""},"mobile":{"background-color":"var(--ast-global-color-5)","background-image":"","background-repeat":"repeat","background-position":"center center","background-size":"auto","background-attachment":"scroll","background-type":"","background-media":"","overlay-type":"","overlay-color":"","overlay-gradient":""}},"footnotes":""},"categories":[1354,12909,106731],"tags":[37012,41854,12732,226602,12733,43069],"class_list":["post-114289","post","type-post","status-publish","format-standard","hentry","category-movilidad-y-migraciones-internacionales","category-pais-vasco-euskal-herriko-unibertsitatea","category-sexo","tag-carlos-iglesias-fernandez","tag-eguia-pena-m-begona","tag-josefa-eugenia-fernandez-arufe","tag-leire-aldaz-odriozola","tag-milagros-garcia-crespo","tag-tomas-mancha-navarro"],"_links":{"self":[{"href":"https:\/\/www.deberes.net\/tesis\/wp-json\/wp\/v2\/posts\/114289","targetHints":{"allow":["GET"]}}],"collection":[{"href":"https:\/\/www.deberes.net\/tesis\/wp-json\/wp\/v2\/posts"}],"about":[{"href":"https:\/\/www.deberes.net\/tesis\/wp-json\/wp\/v2\/types\/post"}],"author":[{"embeddable":true,"href":"https:\/\/www.deberes.net\/tesis\/wp-json\/wp\/v2\/users\/1"}],"replies":[{"embeddable":true,"href":"https:\/\/www.deberes.net\/tesis\/wp-json\/wp\/v2\/comments?post=114289"}],"version-history":[{"count":0,"href":"https:\/\/www.deberes.net\/tesis\/wp-json\/wp\/v2\/posts\/114289\/revisions"}],"wp:attachment":[{"href":"https:\/\/www.deberes.net\/tesis\/wp-json\/wp\/v2\/media?parent=114289"}],"wp:term":[{"taxonomy":"category","embeddable":true,"href":"https:\/\/www.deberes.net\/tesis\/wp-json\/wp\/v2\/categories?post=114289"},{"taxonomy":"post_tag","embeddable":true,"href":"https:\/\/www.deberes.net\/tesis\/wp-json\/wp\/v2\/tags?post=114289"}],"curies":[{"name":"wp","href":"https:\/\/api.w.org\/{rel}","templated":true}]}}