{"id":114292,"date":"2018-03-11T10:42:15","date_gmt":"2018-03-11T10:42:15","guid":{"rendered":"https:\/\/www.deberes.net\/tesis\/sin-categoria\/regulacion-empresarial-voluntaria-y-medio-ambiente-analisis-de-la-adopcion-de-iso-14001-en-las-organizaciones-de-la-capv\/"},"modified":"2018-03-11T10:42:15","modified_gmt":"2018-03-11T10:42:15","slug":"regulacion-empresarial-voluntaria-y-medio-ambiente-analisis-de-la-adopcion-de-iso-14001-en-las-organizaciones-de-la-capv","status":"publish","type":"post","link":"https:\/\/www.deberes.net\/tesis\/innovacion-tecnologica\/regulacion-empresarial-voluntaria-y-medio-ambiente-analisis-de-la-adopcion-de-iso-14001-en-las-organizaciones-de-la-capv\/","title":{"rendered":"Regulaci\u00f3n empresarial voluntaria y medio ambiente: an\u00e1lisis de la adopci\u00f3n de iso 14001 en las organizaciones de la capv"},"content":{"rendered":"<h2>Tesis doctoral de <strong> Alberto Diaz De Junguitu Gonzalez De Durana <\/strong><\/h2>\n<p>La concienciaci\u00f3n sobre las repercusiones ambientales de la actividad econ\u00f3mica parece ser creciente en todo el mundo, cuesti\u00f3n que ha puesto de manifiesto la necesidad de incluir la problem\u00e1tica relaci\u00f3n existente entre econom\u00eda y medio ambiente en la toma de decisiones econ\u00f3micas.Como reflejo de esta consideraci\u00f3n inicial, m\u00faltiples y diversas iniciativas vienen siendo desarrolladas en las \u00faltimas d\u00e9cadas, con mayor o menor ambici\u00f3n ecol\u00f3gica, orientadas a enfrentar la progresiva degradaci\u00f3n ambiental. Buena parte de estas iniciativas se han asociado al t\u00e9rmino de gesti\u00f3n medioambiental, concepto con el que se suele aludir a pr\u00e1cticas tan diversas como la mejora de la gesti\u00f3n y el control de los procesos de fabricaci\u00f3n, la gesti\u00f3n de residuos, el control ambiental de los productos finales, el ecodise\u00f1o, la mejora de la tecnolog\u00eda de producci\u00f3n disponible o el ecoetiquetado.Entre las pr\u00e1cticas que han recibido un mayor impulso en los \u00faltimos a\u00f1os, tanto por parte de las empresas como de las administraciones p\u00fablicas, cabe referirse a la adopci\u00f3n de sistemas de gesti\u00f3n medioambiental (sgma) basados en est\u00e1ndares, entre los que destacan, a nivel internacional, la norma iso 14001 y el reglamento europeo emas. Ahora bien, la adopci\u00f3n de estos est\u00e1ndares o modelos de referencia que organizaciones de todo tipo, tanto del \u00e1mbito industrial como de los servicios, est\u00e1n llevando a cabo, se encuentra relacionada, asimismo pero en un plano m\u00e1s general, con la corriente de difusi\u00f3n y promoci\u00f3n de mecanismos de regulaci\u00f3n voluntaria. En un panorama econ\u00f3mico internacional caracterizado por la creciente globalizaci\u00f3n e integraci\u00f3n de los mercados, puede considerarse al fen\u00f3meno de la difusi\u00f3n de estos mecanismos como de gran relevancia.La presente tesis doctoral tiene como objetivo fundamental realizar un an\u00e1lisis integrador, pormenorizado y comparativo de la adopci\u00f3n de sgma basados en el est\u00e1ndar internacional iso 14001 en las empresas de la comunidad aut\u00f3noma del pa\u00eds vasco (capv), prestando especial atenci\u00f3n, entre otras cuestiones relevantes, a las motivaciones, obst\u00e1culos y resultados derivados de dicha adopci\u00f3n. El trabajo de investigaci\u00f3n recoge una serie de evidencias y conclusiones de inter\u00e9s para el conjunto de los stakeholders involucrados en la mejora del impacto medioambiental derivado de la actividad econ\u00f3mica y empresarial.<\/p>\n<p>&nbsp;<\/p>\n<h3>Datos acad\u00e9micos de la tesis doctoral \u00ab<strong>Regulaci\u00f3n empresarial voluntaria y medio ambiente: an\u00e1lisis de la adopci\u00f3n de iso 14001 en las organizaciones de la capv<\/strong>\u00ab<\/h3>\n<ul>\n<li><strong>T\u00edtulo de la tesis:<\/strong>\u00a0 Regulaci\u00f3n empresarial voluntaria y medio ambiente: an\u00e1lisis de la adopci\u00f3n de iso 14001 en las organizaciones de la capv <\/li>\n<li><strong>Autor:<\/strong>\u00a0 Alberto Diaz De Junguitu Gonzalez De Durana <\/li>\n<li><strong>Universidad:<\/strong>\u00a0 Pa\u00eds vasco\/euskal herriko unibertsitatea<\/li>\n<li><strong>Fecha de lectura de la tesis:<\/strong>\u00a0 14\/06\/2013<\/li>\n<\/ul>\n<p>&nbsp;<\/p>\n<h3>Direcci\u00f3n y tribunal<\/h3>\n<ul>\n<li><strong>Director de la tesis<\/strong>\n<ul>\n<li>I\u00f1aki Heras Saizarbitoria<\/li>\n<\/ul>\n<\/li>\n<li><strong>Tribunal<\/strong>\n<ul>\n<li>Presidente del tribunal: Francisco javier Gonzalez benito <\/li>\n<li>Jos\u00e9 Francisco Molina azor\u00edn (vocal)<\/li>\n<li>koldo Unceta satr\u00fastegui (vocal)<\/li>\n<li>merc\u00e9 Bernardo vilamitjana (vocal)<\/li>\n<\/ul>\n<\/li>\n<\/ul>\n<p>&nbsp;<\/p>\n","protected":false},"excerpt":{"rendered":"<p>Tesis doctoral de Alberto Diaz De Junguitu Gonzalez De Durana La concienciaci\u00f3n sobre las repercusiones ambientales de la actividad econ\u00f3mica [&hellip;]<\/p>\n","protected":false},"author":1,"featured_media":0,"comment_status":"open","ping_status":"open","sticky":false,"template":"","format":"standard","meta":{"site-sidebar-layout":"default","site-content-layout":"","ast-site-content-layout":"","site-content-style":"default","site-sidebar-style":"default","ast-global-header-display":"","ast-banner-title-visibility":"","ast-main-header-display":"","ast-hfb-above-header-display":"","ast-hfb-below-header-display":"","ast-hfb-mobile-header-display":"","site-post-title":"","ast-breadcrumbs-content":"","ast-featured-img":"","footer-sml-layout":"","theme-transparent-header-meta":"","adv-header-id-meta":"","stick-header-meta":"","header-above-stick-meta":"","header-main-stick-meta":"","header-below-stick-meta":"","astra-migrate-meta-layouts":"default","ast-page-background-enabled":"default","ast-page-background-meta":{"desktop":{"background-color":"var(--ast-global-color-4)","background-image":"","background-repeat":"repeat","background-position":"center center","background-size":"auto","background-attachment":"scroll","background-type":"","background-media":"","overlay-type":"","overlay-color":"","overlay-gradient":""},"tablet":{"background-color":"","background-image":"","background-repeat":"repeat","background-position":"center center","background-size":"auto","background-attachment":"scroll","background-type":"","background-media":"","overlay-type":"","overlay-color":"","overlay-gradient":""},"mobile":{"background-color":"","background-image":"","background-repeat":"repeat","background-position":"center center","background-size":"auto","background-attachment":"scroll","background-type":"","background-media":"","overlay-type":"","overlay-color":"","overlay-gradient":""}},"ast-content-background-meta":{"desktop":{"background-color":"var(--ast-global-color-5)","background-image":"","background-repeat":"repeat","background-position":"center center","background-size":"auto","background-attachment":"scroll","background-type":"","background-media":"","overlay-type":"","overlay-color":"","overlay-gradient":""},"tablet":{"background-color":"var(--ast-global-color-5)","background-image":"","background-repeat":"repeat","background-position":"center center","background-size":"auto","background-attachment":"scroll","background-type":"","background-media":"","overlay-type":"","overlay-color":"","overlay-gradient":""},"mobile":{"background-color":"var(--ast-global-color-5)","background-image":"","background-repeat":"repeat","background-position":"center center","background-size":"auto","background-attachment":"scroll","background-type":"","background-media":"","overlay-type":"","overlay-color":"","overlay-gradient":""}},"footnotes":""},"categories":[991,12909],"tags":[226607,73925,62827,181314,6386,226608],"class_list":["post-114292","post","type-post","status-publish","format-standard","hentry","category-innovacion-tecnologica","category-pais-vasco-euskal-herriko-unibertsitatea","tag-alberto-diaz-de-junguitu-gonzalez-de-durana","tag-francisco-javier-gonzalez-benito","tag-inaki-heras-saizarbitoria","tag-jose-francisco-molina-azorin","tag-koldo-unceta-satrustegui","tag-merce-bernardo-vilamitjana"],"_links":{"self":[{"href":"https:\/\/www.deberes.net\/tesis\/wp-json\/wp\/v2\/posts\/114292","targetHints":{"allow":["GET"]}}],"collection":[{"href":"https:\/\/www.deberes.net\/tesis\/wp-json\/wp\/v2\/posts"}],"about":[{"href":"https:\/\/www.deberes.net\/tesis\/wp-json\/wp\/v2\/types\/post"}],"author":[{"embeddable":true,"href":"https:\/\/www.deberes.net\/tesis\/wp-json\/wp\/v2\/users\/1"}],"replies":[{"embeddable":true,"href":"https:\/\/www.deberes.net\/tesis\/wp-json\/wp\/v2\/comments?post=114292"}],"version-history":[{"count":0,"href":"https:\/\/www.deberes.net\/tesis\/wp-json\/wp\/v2\/posts\/114292\/revisions"}],"wp:attachment":[{"href":"https:\/\/www.deberes.net\/tesis\/wp-json\/wp\/v2\/media?parent=114292"}],"wp:term":[{"taxonomy":"category","embeddable":true,"href":"https:\/\/www.deberes.net\/tesis\/wp-json\/wp\/v2\/categories?post=114292"},{"taxonomy":"post_tag","embeddable":true,"href":"https:\/\/www.deberes.net\/tesis\/wp-json\/wp\/v2\/tags?post=114292"}],"curies":[{"name":"wp","href":"https:\/\/api.w.org\/{rel}","templated":true}]}}