{"id":114336,"date":"2018-03-11T10:42:15","date_gmt":"2018-03-11T10:42:15","guid":{"rendered":"https:\/\/www.deberes.net\/tesis\/sin-categoria\/estudio-de-las-mujeres-de-estratos-bajos-de-la-ciudad-de-quito-la-educacion-prevencion-y-cuidado-de-la-salud\/"},"modified":"2018-03-11T10:42:15","modified_gmt":"2018-03-11T10:42:15","slug":"estudio-de-las-mujeres-de-estratos-bajos-de-la-ciudad-de-quito-la-educacion-prevencion-y-cuidado-de-la-salud","status":"publish","type":"post","link":"https:\/\/www.deberes.net\/tesis\/organizacion-y-direccion-de-las-instituciones-educativas\/estudio-de-las-mujeres-de-estratos-bajos-de-la-ciudad-de-quito-la-educacion-prevencion-y-cuidado-de-la-salud\/","title":{"rendered":"Estudio de las mujeres de estratos bajos de la ciudad de  quito. la educaci\u00f3n, prevenci\u00f3n y cuidado de la salud"},"content":{"rendered":"<h2>Tesis doctoral de <strong> Eduardo Adolfo Herrera Herrera <\/strong><\/h2>\n<p>La educaci\u00f3n es un derecho humano fundamental y su fundamental y su consecuci\u00f3n necesita de un esfuerzo integrado, inteligente y participativo de la sociedad ecuatoriana para su mejora, especialmente en mujeres de estratos bajos. Por tanto, se aconseja promocionar la educaci\u00f3n sobre ciertas enfermedades a las que est\u00e1n expuestas las mujeres, con el fin de prevenirlas y reducir la mortalidad. En el ecuador, el \u00faltimo censo de poblaci\u00f3n del 2010, establece que 1,448.349 personas, no est\u00e1n en condiciones de comprender la informaci\u00f3n de salud. El 42% de los adultos mayores no trabaja y el 50% deja de trabajar por cuestiones de salud. El objetivo de este estudio es: diagnosticar las condiciones sociales y econ\u00f3micas y detectar las actitudes,pr\u00e1cticas y creencias sobre las enfermedades de las mujeres del sector de turubamba de la ciudad de quito, para proponer, posteriormente una mejora en la educaci\u00f3n para la salud, especialmente sobre los factores de riesgo as\u00ed como para tratar de prevenir sus enfermedades y mejorar su estilo de vida.En el ecuador no hay estudios de educaci\u00f3n para la salud sobre las mujeres de estratos bajos, esta tesis tiene sustentaci\u00f3n te\u00f3rica basada en el nivel educativo y es anal\u00edtica, descriptiva. Para la investigaci\u00f3n se tom\u00f3 en cuenta las mujeres pobres de turubamba que es el universo, de ellas se sac\u00f3 una muestra. Se aplicaron dos clases de encuestas. La primera se realiz\u00f3  previa al as conferencias sobre las enfermedades m\u00e1s comunes y la segunda se lo hizo despu\u00e9s de asistir a estas conferencias. Adem\u00e1s se realiz\u00f3 entrevistas a mujeres seleccionadas. Como resultado se podr\u00e1 establecer pol\u00edticas que redundar\u00e1n en la mejora del estatus enfermedad\/enferma a m\u00e1s del cambio en la conducta de las mujeres.<\/p>\n<p>&nbsp;<\/p>\n<h3>Datos acad\u00e9micos de la tesis doctoral \u00ab<strong>Estudio de las mujeres de estratos bajos de la ciudad de  quito. la educaci\u00f3n, prevenci\u00f3n y cuidado de la salud<\/strong>\u00ab<\/h3>\n<ul>\n<li><strong>T\u00edtulo de la tesis:<\/strong>\u00a0 Estudio de las mujeres de estratos bajos de la ciudad de  quito. la educaci\u00f3n, prevenci\u00f3n y cuidado de la salud <\/li>\n<li><strong>Autor:<\/strong>\u00a0 Eduardo Adolfo Herrera Herrera <\/li>\n<li><strong>Universidad:<\/strong>\u00a0 Pa\u00eds vasco\/euskal herriko unibertsitatea<\/li>\n<li><strong>Fecha de lectura de la tesis:<\/strong>\u00a0 21\/06\/2013<\/li>\n<\/ul>\n<p>&nbsp;<\/p>\n<h3>Direcci\u00f3n y tribunal<\/h3>\n<ul>\n<li><strong>Director de la tesis<\/strong>\n<ul>\n<li>Pedro Moises Aramendi Jauregui<\/li>\n<\/ul>\n<\/li>\n<li><strong>Tribunal<\/strong>\n<ul>\n<li>Presidente del tribunal: amando Vega fuente <\/li>\n<li>miquel f. Oliver trobat (vocal)<\/li>\n<li>paulino Murillo estepa (vocal)<\/li>\n<li>Javier Argos gonz\u00e1lez (vocal)<\/li>\n<\/ul>\n<\/li>\n<\/ul>\n<p>&nbsp;<\/p>\n","protected":false},"excerpt":{"rendered":"<p>Tesis doctoral de Eduardo Adolfo Herrera Herrera La educaci\u00f3n es un derecho humano fundamental y su fundamental y su consecuci\u00f3n [&hellip;]<\/p>\n","protected":false},"author":1,"featured_media":0,"comment_status":"open","ping_status":"open","sticky":false,"template":"","format":"standard","meta":{"site-sidebar-layout":"default","site-content-layout":"","ast-site-content-layout":"","site-content-style":"default","site-sidebar-style":"default","ast-global-header-display":"","ast-banner-title-visibility":"","ast-main-header-display":"","ast-hfb-above-header-display":"","ast-hfb-below-header-display":"","ast-hfb-mobile-header-display":"","site-post-title":"","ast-breadcrumbs-content":"","ast-featured-img":"","footer-sml-layout":"","theme-transparent-header-meta":"","adv-header-id-meta":"","stick-header-meta":"","header-above-stick-meta":"","header-main-stick-meta":"","header-below-stick-meta":"","astra-migrate-meta-layouts":"default","ast-page-background-enabled":"default","ast-page-background-meta":{"desktop":{"background-color":"var(--ast-global-color-4)","background-image":"","background-repeat":"repeat","background-position":"center center","background-size":"auto","background-attachment":"scroll","background-type":"","background-media":"","overlay-type":"","overlay-color":"","overlay-gradient":""},"tablet":{"background-color":"","background-image":"","background-repeat":"repeat","background-position":"center center","background-size":"auto","background-attachment":"scroll","background-type":"","background-media":"","overlay-type":"","overlay-color":"","overlay-gradient":""},"mobile":{"background-color":"","background-image":"","background-repeat":"repeat","background-position":"center center","background-size":"auto","background-attachment":"scroll","background-type":"","background-media":"","overlay-type":"","overlay-color":"","overlay-gradient":""}},"ast-content-background-meta":{"desktop":{"background-color":"var(--ast-global-color-5)","background-image":"","background-repeat":"repeat","background-position":"center center","background-size":"auto","background-attachment":"scroll","background-type":"","background-media":"","overlay-type":"","overlay-color":"","overlay-gradient":""},"tablet":{"background-color":"var(--ast-global-color-5)","background-image":"","background-repeat":"repeat","background-position":"center center","background-size":"auto","background-attachment":"scroll","background-type":"","background-media":"","overlay-type":"","overlay-color":"","overlay-gradient":""},"mobile":{"background-color":"var(--ast-global-color-5)","background-image":"","background-repeat":"repeat","background-position":"center center","background-size":"auto","background-attachment":"scroll","background-type":"","background-media":"","overlay-type":"","overlay-color":"","overlay-gradient":""}},"footnotes":""},"categories":[7611,12909],"tags":[13044,226679,169537,140987,103774,95571],"class_list":["post-114336","post","type-post","status-publish","format-standard","hentry","category-organizacion-y-direccion-de-las-instituciones-educativas","category-pais-vasco-euskal-herriko-unibertsitatea","tag-amando-vega-fuente","tag-eduardo-adolfo-herrera-herrera","tag-javier-argos-gonzalez","tag-miquel-f-oliver-trobat","tag-paulino-murillo-estepa","tag-pedro-moises-aramendi-jauregui"],"_links":{"self":[{"href":"https:\/\/www.deberes.net\/tesis\/wp-json\/wp\/v2\/posts\/114336","targetHints":{"allow":["GET"]}}],"collection":[{"href":"https:\/\/www.deberes.net\/tesis\/wp-json\/wp\/v2\/posts"}],"about":[{"href":"https:\/\/www.deberes.net\/tesis\/wp-json\/wp\/v2\/types\/post"}],"author":[{"embeddable":true,"href":"https:\/\/www.deberes.net\/tesis\/wp-json\/wp\/v2\/users\/1"}],"replies":[{"embeddable":true,"href":"https:\/\/www.deberes.net\/tesis\/wp-json\/wp\/v2\/comments?post=114336"}],"version-history":[{"count":0,"href":"https:\/\/www.deberes.net\/tesis\/wp-json\/wp\/v2\/posts\/114336\/revisions"}],"wp:attachment":[{"href":"https:\/\/www.deberes.net\/tesis\/wp-json\/wp\/v2\/media?parent=114336"}],"wp:term":[{"taxonomy":"category","embeddable":true,"href":"https:\/\/www.deberes.net\/tesis\/wp-json\/wp\/v2\/categories?post=114336"},{"taxonomy":"post_tag","embeddable":true,"href":"https:\/\/www.deberes.net\/tesis\/wp-json\/wp\/v2\/tags?post=114336"}],"curies":[{"name":"wp","href":"https:\/\/api.w.org\/{rel}","templated":true}]}}