{"id":114363,"date":"2018-03-11T10:42:20","date_gmt":"2018-03-11T10:42:20","guid":{"rendered":"https:\/\/www.deberes.net\/tesis\/sin-categoria\/validez-diagnostica-de-los-trastornos-depresivos-del-inventario-cla%c2%adnico-multiaxial-de-millon\/"},"modified":"2018-03-11T10:42:20","modified_gmt":"2018-03-11T10:42:20","slug":"validez-diagnostica-de-los-trastornos-depresivos-del-inventario-cla%c2%adnico-multiaxial-de-millon","status":"publish","type":"post","link":"https:\/\/www.deberes.net\/tesis\/complutense-de-madrid\/validez-diagnostica-de-los-trastornos-depresivos-del-inventario-cla%c2%adnico-multiaxial-de-millon\/","title":{"rendered":"Validez diagn\u00f3stica de los trastornos depresivos del inventario       cl\u00ednico multiaxial de mill\u00f3n."},"content":{"rendered":"<h2>Tesis doctoral de <strong> Enrique Chac\u00f3n Ibarra <\/strong><\/h2>\n<p>Uno de los principales objetivos del inventario cl\u00ednico multiaxial de millon mcmi millon, 1983 es el diagn\u00f3stico de los trastornos mentales. Sin embargo, no hay estudios publicados hasta sobre la validez diagn\u00f3stica de las escalas de depresi\u00f3n mayor cc y distimia d de las adaptaciones espa\u00f1olas de las versiones m\u00e1s recientes del mcmi el mcmi ii millon, 1998, 1999, 2002, adaptaci\u00f3n espa\u00f1ola de a. \u00e1vila espada y el mcmi iii millon, davis y millon, 2007, adaptaci\u00f3n espa\u00f1ola de v. Cardenal y m. P. S\u00e1nchez. Adem\u00e1s, existe una gran controversia sobre los estudios de las propiedades de eficiencia diagn\u00f3stica de las versiones originales del mcmi hsu, 2002 grove y vrieze, 2009 retzlaff, 1996. Por tanto, el objetivo de la presente tesis doctoral fue comprobar las cualidades psicom\u00e9tricas de sus escalas de depresi\u00f3n mayor y distimia para la detecci\u00f3n de los trastornos depresivos. Metodolog\u00edase realizaron dos estudios instrumentales psicom\u00e9tricos independientes con pacientes externos con trastornos psicol\u00f3gicos, el primero retrospectivo sobre el mcmi ii n igual a 181 y el segundo prospectivo sobre el mcmi iii n iagual a 203. En ambos estudios tambi\u00e9n se analiz\u00f3 la eficacia diagn\u00f3stica del bdi ii beck et al., 1996, uno de los instrumentos m\u00e1s utilizados en la evaluaci\u00f3n de la sintomatolog\u00eda depresiva.Resultadosla mayor\u00eda de los estad\u00edsticos de eficacia diagn\u00f3stica de las puntuaciones de corte est\u00e1ndar tb 75 y tb 85 de las escalas cc y d del mcmi ii y del mcmi iii se encontraban por debajo de los est\u00e1ndares aceptables para un instrumento diagn\u00f3stico, tanto para el diagn\u00f3stico del trastorno depresivo mayor como para el de cualquier trastorno depresivo. S\u00f3lo los \u00edndices de especificidad y poder predictivo negativo apoyaban la validez diagn\u00f3stica de esas puntuaciones. Para el mcmi ii, otros puntos de corte alternativos obtuvieron tambi\u00e9n \u00edndices de validez diagn\u00f3stica inferiores a los valores est\u00e1ndar. Sin embargo, para el mcmi iii, especialmente cuando se utiliz\u00f3 la scid i como criterio diagn\u00f3stico del trastorno depresivo mayor, fue posible encontrar puntuaciones de corte alternativas con una validez diagn\u00f3stica aceptable. Adem\u00e1s, los \u00edndices de validez diagn\u00f3stica fueron similares a los \u00edndices del bdi ii. Conclusioneslas puntuaciones de corte est\u00e1ndar tb 75 y tb 85 de las escalas cc y d de las adaptaciones espa\u00f1olas del mcmi ii y del mcmi iii presentan una validez diagn\u00f3stica cuestionable, de manera que tienen dificultades para detectar a las personas que sufren trastornos depresivos, aunque podr\u00edan ser \u00fatiles para excluir la presencia de estos trastornos. En consecuencia, actualmente no se recomienda utilizar las escalas cc y d de las adaptaciones espa\u00f1olas del mcmi ii o del mcmi iii como instrumentos exclusivos o principales para realizar un diagn\u00f3stico de trastorno depresivo.<\/p>\n<p>&nbsp;<\/p>\n<h3>Datos acad\u00e9micos de la tesis doctoral \u00ab<strong>Validez diagn\u00f3stica de los trastornos depresivos del inventario       cl\u00ednico multiaxial de mill\u00f3n.<\/strong>\u00ab<\/h3>\n<ul>\n<li><strong>T\u00edtulo de la tesis:<\/strong>\u00a0 Validez diagn\u00f3stica de los trastornos depresivos del inventario       cl\u00ednico multiaxial de mill\u00f3n. <\/li>\n<li><strong>Autor:<\/strong>\u00a0 Enrique Chac\u00f3n Ibarra <\/li>\n<li><strong>Universidad:<\/strong>\u00a0 Complutense de Madrid<\/li>\n<li><strong>Fecha de lectura de la tesis:<\/strong>\u00a0 25\/06\/2013<\/li>\n<\/ul>\n<p>&nbsp;<\/p>\n<h3>Direcci\u00f3n y tribunal<\/h3>\n<ul>\n<li><strong>Director de la tesis<\/strong>\n<ul>\n<li>Jes\u00fas Sanz Fernandez<\/li>\n<\/ul>\n<\/li>\n<li><strong>Tribunal<\/strong>\n<ul>\n<li>Presidente del tribunal: violeta Cardenal hern\u00e1ez <\/li>\n<li>margarita Ortiz tallo alarcon (vocal)<\/li>\n<li>Mar\u00eda dolores Mart\u00edn d\u00edaz (vocal)<\/li>\n<li>Jos\u00e9 ramon Yela bernabe (vocal)<\/li>\n<\/ul>\n<\/li>\n<\/ul>\n<p>&nbsp;<\/p>\n","protected":false},"excerpt":{"rendered":"<p>Tesis doctoral de Enrique Chac\u00f3n Ibarra Uno de los principales objetivos del inventario cl\u00ednico multiaxial de millon mcmi millon, 1983 [&hellip;]<\/p>\n","protected":false},"author":1,"featured_media":0,"comment_status":"open","ping_status":"open","sticky":false,"template":"","format":"standard","meta":{"site-sidebar-layout":"default","site-content-layout":"","ast-site-content-layout":"","site-content-style":"default","site-sidebar-style":"default","ast-global-header-display":"","ast-banner-title-visibility":"","ast-main-header-display":"","ast-hfb-above-header-display":"","ast-hfb-below-header-display":"","ast-hfb-mobile-header-display":"","site-post-title":"","ast-breadcrumbs-content":"","ast-featured-img":"","footer-sml-layout":"","theme-transparent-header-meta":"","adv-header-id-meta":"","stick-header-meta":"","header-above-stick-meta":"","header-main-stick-meta":"","header-below-stick-meta":"","astra-migrate-meta-layouts":"default","ast-page-background-enabled":"default","ast-page-background-meta":{"desktop":{"background-color":"var(--ast-global-color-4)","background-image":"","background-repeat":"repeat","background-position":"center center","background-size":"auto","background-attachment":"scroll","background-type":"","background-media":"","overlay-type":"","overlay-color":"","overlay-gradient":""},"tablet":{"background-color":"","background-image":"","background-repeat":"repeat","background-position":"center center","background-size":"auto","background-attachment":"scroll","background-type":"","background-media":"","overlay-type":"","overlay-color":"","overlay-gradient":""},"mobile":{"background-color":"","background-image":"","background-repeat":"repeat","background-position":"center center","background-size":"auto","background-attachment":"scroll","background-type":"","background-media":"","overlay-type":"","overlay-color":"","overlay-gradient":""}},"ast-content-background-meta":{"desktop":{"background-color":"var(--ast-global-color-5)","background-image":"","background-repeat":"repeat","background-position":"center center","background-size":"auto","background-attachment":"scroll","background-type":"","background-media":"","overlay-type":"","overlay-color":"","overlay-gradient":""},"tablet":{"background-color":"var(--ast-global-color-5)","background-image":"","background-repeat":"repeat","background-position":"center center","background-size":"auto","background-attachment":"scroll","background-type":"","background-media":"","overlay-type":"","overlay-color":"","overlay-gradient":""},"mobile":{"background-color":"var(--ast-global-color-5)","background-image":"","background-repeat":"repeat","background-position":"center center","background-size":"auto","background-attachment":"scroll","background-type":"","background-media":"","overlay-type":"","overlay-color":"","overlay-gradient":""}},"footnotes":""},"categories":[986,1175],"tags":[226724,5450,18395,207423,127637,39221],"class_list":["post-114363","post","type-post","status-publish","format-standard","hentry","category-complutense-de-madrid","category-evaluacion-y-diagnostico-en-psicologia","tag-enrique-chacon-ibarra","tag-jesus-sanz-fernandez","tag-jose-ramon-yela-bernabe","tag-margarita-ortiz-tallo-alarcon","tag-maria-dolores-martin-diaz","tag-violeta-cardenal-hernaez"],"_links":{"self":[{"href":"https:\/\/www.deberes.net\/tesis\/wp-json\/wp\/v2\/posts\/114363","targetHints":{"allow":["GET"]}}],"collection":[{"href":"https:\/\/www.deberes.net\/tesis\/wp-json\/wp\/v2\/posts"}],"about":[{"href":"https:\/\/www.deberes.net\/tesis\/wp-json\/wp\/v2\/types\/post"}],"author":[{"embeddable":true,"href":"https:\/\/www.deberes.net\/tesis\/wp-json\/wp\/v2\/users\/1"}],"replies":[{"embeddable":true,"href":"https:\/\/www.deberes.net\/tesis\/wp-json\/wp\/v2\/comments?post=114363"}],"version-history":[{"count":0,"href":"https:\/\/www.deberes.net\/tesis\/wp-json\/wp\/v2\/posts\/114363\/revisions"}],"wp:attachment":[{"href":"https:\/\/www.deberes.net\/tesis\/wp-json\/wp\/v2\/media?parent=114363"}],"wp:term":[{"taxonomy":"category","embeddable":true,"href":"https:\/\/www.deberes.net\/tesis\/wp-json\/wp\/v2\/categories?post=114363"},{"taxonomy":"post_tag","embeddable":true,"href":"https:\/\/www.deberes.net\/tesis\/wp-json\/wp\/v2\/tags?post=114363"}],"curies":[{"name":"wp","href":"https:\/\/api.w.org\/{rel}","templated":true}]}}