{"id":114366,"date":"2018-03-11T10:42:20","date_gmt":"2018-03-11T10:42:20","guid":{"rendered":"https:\/\/www.deberes.net\/tesis\/sin-categoria\/la-necropolis-vettona-de-la-osera-avilaespana-sistematizacion-del-conjunto\/"},"modified":"2018-03-11T10:42:20","modified_gmt":"2018-03-11T10:42:20","slug":"la-necropolis-vettona-de-la-osera-avilaespana-sistematizacion-del-conjunto","status":"publish","type":"post","link":"https:\/\/www.deberes.net\/tesis\/complutense-de-madrid\/la-necropolis-vettona-de-la-osera-avilaespana-sistematizacion-del-conjunto\/","title":{"rendered":"La necropolis vettona de la osera (avila,espa\u00f1a).sistematizaci\u00f3n del conjunto"},"content":{"rendered":"<h2>Tesis doctoral de <strong> Isabel Baquedano Beltr\u00e1n <\/strong><\/h2>\n<p>Introducci\u00f3n la necr\u00f3polis vettona de la osera se encuentra en la provincia de \u00e1vila. Juan cabr\u00e9, encarnaci\u00f3n cabr\u00e9 y antonio molinero llevaron a cabo cinco campa\u00f1as de excavaci\u00f3n en 1932, 1933, 1943 y 1945. El resultado fue la documentaci\u00f3n de 2267 tumbas distribuidas en seis \u00e1reas.Objetivosel poder disponer de toda la documentaci\u00f3n generada durante los trabajos de campo y el hecho de que los materiales se hallaban depositados en el museo arqueol\u00f3gico nacional nos hizo plantearnos la posibilidad de inventariar y contextualizar toda la excavaci\u00f3n. Este primer objetivo se ha materializado en el volumen ii de esta tesis doctoral. Una vez reorganizada la informaci\u00f3n nos propusimos conocer en profundidad c\u00f3mo funcion\u00f3 a lo largo de su historia el cementerio. Resultadoslos resultados obtenidos los hemos presentado en el volumen i:en la introducci\u00f3n hemos incluido la historiograf\u00eda de la necr\u00f3polis y los objetivos de forma breve. El cap\u00edtulo 1  lo hemos dedicado a explicar el m\u00e9todo utilizado en la investigaci\u00f3n y las diferentes bases de datos. El cap\u00edtulo 2 a la contextualizaci\u00f3n geol\u00f3gica y ambiental de la necr\u00f3polis de la osera. En el cap\u00edtulo 3  explicamos por medio de la arqueoastronom\u00eda cu\u00e1l fue el dise\u00f1o de la necr\u00f3polis. Este modo de acercarnos a su realidad simb\u00f3lica nos permite visualizar al menos a tres divinidades: brigit, belenos y lug. El cap\u00edtulo 4 lo hemos dedicado a la situaci\u00f3n espacial de las tumbas. El cap\u00edtulo 5 al ritual. El cap\u00edtulo 6 a la demograf\u00eda y la estructura social. El cap\u00edtulo 7 a los materiales.  El cap\u00edtulo 8 es el de las conclusiones.Conclusionespodemos concluir que la necr\u00f3polis de la osera respond\u00eda a un dise\u00f1o complejo y trascendente donde se imbricaban conocimientos diversos para modelar un espacio social en el que los vettones reflejaron su identidad, transportando a este espacio sagrado su mundo simb\u00f3lico y su jerarquizado sistema socioecon\u00f3mico.<\/p>\n<p>&nbsp;<\/p>\n<h3>Datos acad\u00e9micos de la tesis doctoral \u00ab<strong>La necropolis vettona de la osera (avila,espa\u00f1a).sistematizaci\u00f3n del conjunto<\/strong>\u00ab<\/h3>\n<ul>\n<li><strong>T\u00edtulo de la tesis:<\/strong>\u00a0 La necropolis vettona de la osera (avila,espa\u00f1a).sistematizaci\u00f3n del conjunto <\/li>\n<li><strong>Autor:<\/strong>\u00a0 Isabel Baquedano Beltr\u00e1n <\/li>\n<li><strong>Universidad:<\/strong>\u00a0 Complutense de Madrid<\/li>\n<li><strong>Fecha de lectura de la tesis:<\/strong>\u00a0 25\/06\/2013<\/li>\n<\/ul>\n<p>&nbsp;<\/p>\n<h3>Direcci\u00f3n y tribunal<\/h3>\n<ul>\n<li><strong>Director de la tesis<\/strong>\n<ul>\n<li>Carlos Mart\u00edn Escorza<\/li>\n<\/ul>\n<\/li>\n<li><strong>Tribunal<\/strong>\n<ul>\n<li>Presidente del tribunal: gonzalo Ruiz zapatero <\/li>\n<li>concepci\u00f3n Blasco bosqued (vocal)<\/li>\n<li>gabriel Sope\u00f1a genzor (vocal)<\/li>\n<li>Juan  Jos\u00e9 Bl\u00e1nquez p\u00e9rez (vocal)<\/li>\n<\/ul>\n<\/li>\n<\/ul>\n<p>&nbsp;<\/p>\n","protected":false},"excerpt":{"rendered":"<p>Tesis doctoral de Isabel Baquedano Beltr\u00e1n Introducci\u00f3n la necr\u00f3polis vettona de la osera se encuentra en la provincia de \u00e1vila. [&hellip;]<\/p>\n","protected":false},"author":1,"featured_media":0,"comment_status":"open","ping_status":"open","sticky":false,"template":"","format":"standard","meta":{"site-sidebar-layout":"default","site-content-layout":"","ast-site-content-layout":"","site-content-style":"default","site-sidebar-style":"default","ast-global-header-display":"","ast-banner-title-visibility":"","ast-main-header-display":"","ast-hfb-above-header-display":"","ast-hfb-below-header-display":"","ast-hfb-mobile-header-display":"","site-post-title":"","ast-breadcrumbs-content":"","ast-featured-img":"","footer-sml-layout":"","theme-transparent-header-meta":"","adv-header-id-meta":"","stick-header-meta":"","header-above-stick-meta":"","header-main-stick-meta":"","header-below-stick-meta":"","astra-migrate-meta-layouts":"default","ast-page-background-enabled":"default","ast-page-background-meta":{"desktop":{"background-color":"var(--ast-global-color-4)","background-image":"","background-repeat":"repeat","background-position":"center center","background-size":"auto","background-attachment":"scroll","background-type":"","background-media":"","overlay-type":"","overlay-color":"","overlay-gradient":""},"tablet":{"background-color":"","background-image":"","background-repeat":"repeat","background-position":"center center","background-size":"auto","background-attachment":"scroll","background-type":"","background-media":"","overlay-type":"","overlay-color":"","overlay-gradient":""},"mobile":{"background-color":"","background-image":"","background-repeat":"repeat","background-position":"center center","background-size":"auto","background-attachment":"scroll","background-type":"","background-media":"","overlay-type":"","overlay-color":"","overlay-gradient":""}},"ast-content-background-meta":{"desktop":{"background-color":"var(--ast-global-color-5)","background-image":"","background-repeat":"repeat","background-position":"center center","background-size":"auto","background-attachment":"scroll","background-type":"","background-media":"","overlay-type":"","overlay-color":"","overlay-gradient":""},"tablet":{"background-color":"var(--ast-global-color-5)","background-image":"","background-repeat":"repeat","background-position":"center center","background-size":"auto","background-attachment":"scroll","background-type":"","background-media":"","overlay-type":"","overlay-color":"","overlay-gradient":""},"mobile":{"background-color":"var(--ast-global-color-5)","background-image":"","background-repeat":"repeat","background-position":"center center","background-size":"auto","background-attachment":"scroll","background-type":"","background-media":"","overlay-type":"","overlay-color":"","overlay-gradient":""}},"footnotes":""},"categories":[1624,986],"tags":[175738,14506,226728,7778,226727,226729],"class_list":["post-114366","post","type-post","status-publish","format-standard","hentry","category-ciencias-auxiliares-de-la-historia","category-complutense-de-madrid","tag-carlos-martin-escorza","tag-concepcion-blasco-bosqued","tag-gabriel-sopena-genzor","tag-gonzalo-ruiz-zapatero","tag-isabel-baquedano-beltran","tag-juan-jose-blanquez-perez"],"_links":{"self":[{"href":"https:\/\/www.deberes.net\/tesis\/wp-json\/wp\/v2\/posts\/114366","targetHints":{"allow":["GET"]}}],"collection":[{"href":"https:\/\/www.deberes.net\/tesis\/wp-json\/wp\/v2\/posts"}],"about":[{"href":"https:\/\/www.deberes.net\/tesis\/wp-json\/wp\/v2\/types\/post"}],"author":[{"embeddable":true,"href":"https:\/\/www.deberes.net\/tesis\/wp-json\/wp\/v2\/users\/1"}],"replies":[{"embeddable":true,"href":"https:\/\/www.deberes.net\/tesis\/wp-json\/wp\/v2\/comments?post=114366"}],"version-history":[{"count":0,"href":"https:\/\/www.deberes.net\/tesis\/wp-json\/wp\/v2\/posts\/114366\/revisions"}],"wp:attachment":[{"href":"https:\/\/www.deberes.net\/tesis\/wp-json\/wp\/v2\/media?parent=114366"}],"wp:term":[{"taxonomy":"category","embeddable":true,"href":"https:\/\/www.deberes.net\/tesis\/wp-json\/wp\/v2\/categories?post=114366"},{"taxonomy":"post_tag","embeddable":true,"href":"https:\/\/www.deberes.net\/tesis\/wp-json\/wp\/v2\/tags?post=114366"}],"curies":[{"name":"wp","href":"https:\/\/api.w.org\/{rel}","templated":true}]}}