{"id":114405,"date":"2018-03-11T10:42:25","date_gmt":"2018-03-11T10:42:25","guid":{"rendered":"https:\/\/www.deberes.net\/tesis\/sin-categoria\/melanoma-cutaneo-en-guatemala-estudio-morfologico-inmunohistoqua%c2%admico-y-deteccion-de-la-mutacion-del-gen-braf\/"},"modified":"2018-03-11T10:42:25","modified_gmt":"2018-03-11T10:42:25","slug":"melanoma-cutaneo-en-guatemala-estudio-morfologico-inmunohistoqua%c2%admico-y-deteccion-de-la-mutacion-del-gen-braf","status":"publish","type":"post","link":"https:\/\/www.deberes.net\/tesis\/patologia\/melanoma-cutaneo-en-guatemala-estudio-morfologico-inmunohistoqua%c2%admico-y-deteccion-de-la-mutacion-del-gen-braf\/","title":{"rendered":"Melanoma cut\u00e1neo en guatemala: estudio morfol\u00f3gico, inmunohistoqu\u00edmico y detecci\u00f3n de la mutaci\u00f3n del gen braf."},"content":{"rendered":"<h2>Tesis doctoral de <strong> Elisa Del Carmen Hernandez Lopez De Rodas <\/strong><\/h2>\n<p>El melanoma cut\u00e1neo representa el tipo de c\u00e1ncer de mas alta mortalidad entre los canceres cut\u00e1neos, aumentando un 5 por ciento por a\u00f1o. Entre un 85 y un 90 por ciento de los individuos con diagnostico de melanoma,  se presentan en estadios tempranos y curables44. En todo el mundo cada a\u00f1o se diagnostican cerca de 160,000 casos nuevos de melanoma y de acuerdo con la oms cada a\u00f1o fallecen 57,000 personas por melanoma. 34 la incidencia de melanoma para europa es de 6-14 por  100,000 habitantes, en usa es de 10 a 25 por 100,000 habitantes y en  australia y  nueva zelandia es de 50 a 60 por 100,000 habitantes. 36,34. el objetivo del presente estudio fue determinar la proporci\u00f3n de casos de melanoma cut\u00e1neo por morfolog\u00eda, inmunohistoqu\u00edmica y mutaci\u00f3n del gen braf en pacientes con diagn\u00f3stico de melanoma en dos centros de referencia (incan e inderma) en  la ciudad de guatemala a partir del a\u00f1o 2006 al a\u00f1o 2011, recolect\u00e1ndose 100 casos de forma consecutiva de melanoma y  caracteriz\u00e1ndose a los pacientes por edad, sexo y localizaci\u00f3n anatom\u00eda del tumor. De los casos estudiados se logr\u00f3 determinar que la proporci\u00f3n de casos es del 5.5  por cada mil habitantes. El sexo m\u00e1s afectado ha sido el femenino con 53.54% por ciento.  El rango de edad promedio para ambos sexos se encontr\u00f3 entre 56-60 a\u00f1os. Seg\u00fan el tipo de melanoma se encontr\u00f3  que el melanoma predominante en la poblaci\u00f3n guatemalteca ha sido el melanoma lentiginoso acral (59por ciento) con un predominio de la localizaci\u00f3n del (71 por ciento) de la extremidad inferior (pie, regi\u00f3n periungueal y artejos). No se encontraron casos de melanoma lentigo maligno en los casos estudiados.  El nivel de clark  que predomino en la poblaci\u00f3n estudiada fue el nivel iii. El espesor de breslow fue del 59 por ciento de los casos mayor de 1mm. El patr\u00f3n de crecimiento de los casos que predomino fue el crecimiento vertical con un 75  por ciento . La determinaci\u00f3n de la mutaci\u00f3n del  gen braf se encontr\u00f3 en un 6 por ciento de la poblaci\u00f3n en melanoma de extensi\u00f3n superficial y el melanoma nodular.  S\u00f3lo en un caso de melanomas de mucosas se demostr\u00f3 la mutaci\u00f3n.  En el melanoma lentigo acral no se demostr\u00f3 la mutaci\u00f3n.<\/p>\n<p>&nbsp;<\/p>\n<h3>Datos acad\u00e9micos de la tesis doctoral \u00ab<strong>Melanoma cut\u00e1neo en guatemala: estudio morfol\u00f3gico, inmunohistoqu\u00edmico y detecci\u00f3n de la mutaci\u00f3n del gen braf.<\/strong>\u00ab<\/h3>\n<ul>\n<li><strong>T\u00edtulo de la tesis:<\/strong>\u00a0 Melanoma cut\u00e1neo en guatemala: estudio morfol\u00f3gico, inmunohistoqu\u00edmico y detecci\u00f3n de la mutaci\u00f3n del gen braf. <\/li>\n<li><strong>Autor:<\/strong>\u00a0 Elisa Del Carmen Hernandez Lopez De Rodas <\/li>\n<li><strong>Universidad:<\/strong>\u00a0 Complutense de Madrid<\/li>\n<li><strong>Fecha de lectura de la tesis:<\/strong>\u00a0 30\/06\/2013<\/li>\n<\/ul>\n<p>&nbsp;<\/p>\n<h3>Direcci\u00f3n y tribunal<\/h3>\n<ul>\n<li><strong>Director de la tesis<\/strong>\n<ul>\n<li>Jos\u00e9 Luis Rodr\u00edguez Peralto<\/li>\n<\/ul>\n<\/li>\n<li><strong>Tribunal<\/strong>\n<ul>\n<li>Presidente del tribunal: felipe Llanes menendez <\/li>\n<li>Jes\u00fas Cuevas santos (vocal)<\/li>\n<li>rosario Carrillo gij\u00f3n (vocal)<\/li>\n<li>Mar\u00eda  concepcion Garrido ruiz (vocal)<\/li>\n<\/ul>\n<\/li>\n<\/ul>\n<p>&nbsp;<\/p>\n","protected":false},"excerpt":{"rendered":"<p>Tesis doctoral de Elisa Del Carmen Hernandez Lopez De Rodas El melanoma cut\u00e1neo representa el tipo de c\u00e1ncer de mas [&hellip;]<\/p>\n","protected":false},"author":1,"featured_media":0,"comment_status":"open","ping_status":"open","sticky":false,"template":"","format":"standard","meta":{"site-sidebar-layout":"default","site-content-layout":"","ast-site-content-layout":"","site-content-style":"default","site-sidebar-style":"default","ast-global-header-display":"","ast-banner-title-visibility":"","ast-main-header-display":"","ast-hfb-above-header-display":"","ast-hfb-below-header-display":"","ast-hfb-mobile-header-display":"","site-post-title":"","ast-breadcrumbs-content":"","ast-featured-img":"","footer-sml-layout":"","theme-transparent-header-meta":"","adv-header-id-meta":"","stick-header-meta":"","header-above-stick-meta":"","header-main-stick-meta":"","header-below-stick-meta":"","astra-migrate-meta-layouts":"default","ast-page-background-enabled":"default","ast-page-background-meta":{"desktop":{"background-color":"var(--ast-global-color-4)","background-image":"","background-repeat":"repeat","background-position":"center center","background-size":"auto","background-attachment":"scroll","background-type":"","background-media":"","overlay-type":"","overlay-color":"","overlay-gradient":""},"tablet":{"background-color":"","background-image":"","background-repeat":"repeat","background-position":"center center","background-size":"auto","background-attachment":"scroll","background-type":"","background-media":"","overlay-type":"","overlay-color":"","overlay-gradient":""},"mobile":{"background-color":"","background-image":"","background-repeat":"repeat","background-position":"center center","background-size":"auto","background-attachment":"scroll","background-type":"","background-media":"","overlay-type":"","overlay-color":"","overlay-gradient":""}},"ast-content-background-meta":{"desktop":{"background-color":"var(--ast-global-color-5)","background-image":"","background-repeat":"repeat","background-position":"center center","background-size":"auto","background-attachment":"scroll","background-type":"","background-media":"","overlay-type":"","overlay-color":"","overlay-gradient":""},"tablet":{"background-color":"var(--ast-global-color-5)","background-image":"","background-repeat":"repeat","background-position":"center center","background-size":"auto","background-attachment":"scroll","background-type":"","background-media":"","overlay-type":"","overlay-color":"","overlay-gradient":""},"mobile":{"background-color":"var(--ast-global-color-5)","background-image":"","background-repeat":"repeat","background-position":"center center","background-size":"auto","background-attachment":"scroll","background-type":"","background-media":"","overlay-type":"","overlay-color":"","overlay-gradient":""}},"footnotes":""},"categories":[986,156],"tags":[226786,22974,42326,19058,193519,211664],"class_list":["post-114405","post","type-post","status-publish","format-standard","hentry","category-complutense-de-madrid","category-patologia","tag-elisa-del-carmen-hernandez-lopez-de-rodas","tag-felipe-llanes-menendez","tag-jesus-cuevas-santos","tag-jose-luis-rodriguez-peralto","tag-maria-concepcion-garrido-ruiz","tag-rosario-carrillo-gijon"],"_links":{"self":[{"href":"https:\/\/www.deberes.net\/tesis\/wp-json\/wp\/v2\/posts\/114405","targetHints":{"allow":["GET"]}}],"collection":[{"href":"https:\/\/www.deberes.net\/tesis\/wp-json\/wp\/v2\/posts"}],"about":[{"href":"https:\/\/www.deberes.net\/tesis\/wp-json\/wp\/v2\/types\/post"}],"author":[{"embeddable":true,"href":"https:\/\/www.deberes.net\/tesis\/wp-json\/wp\/v2\/users\/1"}],"replies":[{"embeddable":true,"href":"https:\/\/www.deberes.net\/tesis\/wp-json\/wp\/v2\/comments?post=114405"}],"version-history":[{"count":0,"href":"https:\/\/www.deberes.net\/tesis\/wp-json\/wp\/v2\/posts\/114405\/revisions"}],"wp:attachment":[{"href":"https:\/\/www.deberes.net\/tesis\/wp-json\/wp\/v2\/media?parent=114405"}],"wp:term":[{"taxonomy":"category","embeddable":true,"href":"https:\/\/www.deberes.net\/tesis\/wp-json\/wp\/v2\/categories?post=114405"},{"taxonomy":"post_tag","embeddable":true,"href":"https:\/\/www.deberes.net\/tesis\/wp-json\/wp\/v2\/tags?post=114405"}],"curies":[{"name":"wp","href":"https:\/\/api.w.org\/{rel}","templated":true}]}}