{"id":114430,"date":"2013-03-07T00:00:00","date_gmt":"2013-03-07T00:00:00","guid":{"rendered":"https:\/\/www.deberes.net\/tesis\/sin-categoria\/estudio-descriptivo-y-casos-control-de-una-poblacion-cela%c2%adaca-analisis-de-factores-de-riesgo-1967-2008\/"},"modified":"2013-03-07T00:00:00","modified_gmt":"2013-03-07T00:00:00","slug":"estudio-descriptivo-y-casos-control-de-una-poblacion-cela%c2%adaca-analisis-de-factores-de-riesgo-1967-2008","status":"publish","type":"post","link":"https:\/\/www.deberes.net\/tesis\/ciencias-clinicas\/estudio-descriptivo-y-casos-control-de-una-poblacion-cela%c2%adaca-analisis-de-factores-de-riesgo-1967-2008\/","title":{"rendered":"Estudio descriptivo y casos-control de una poblaci\u00f3n cel\u00edaca. an\u00e1lisis de factores de riesgo. (1967-2008)"},"content":{"rendered":"<h2>Tesis doctoral de <strong> Mar\u00eda  Celilia Paredes Mercado <\/strong><\/h2>\n<p>La enfermedad cel\u00edaca presenta una alta preValencia en la poblaci\u00f3n de la mayor\u00eda de las regiones del mundo. Muchos de los pacientes  tienen s\u00edntomas m\u00ednimos y muestran una presentaci\u00f3n at\u00edpica, siendo alta la tasa de afectos no identificados con las posibles complicaciones que de ello se deriva. con este trabajo hemos querido conocer m\u00e1s profundamente la poblaci\u00f3n cel\u00edaca de nuestra \u00e1rea de referencia que cuenta actualmente con una poblaci\u00f3n total de 531.106 personas y pedi\u00e1trica de 56.828. Nos ha interesado especialmente profundizar en los datos epidemiol\u00f3gicos, anal\u00edticos, gen\u00e9ticos, antropom\u00e9tricos y las enfermedades asociadas m\u00e1s frecuentes, entre otros aspectos.  El hecho de tratarse de un estudio retrospectivo que comprende varias d\u00e9cadas (1967-2008) nos ha permitido tambi\u00e9n conocer la evoluci\u00f3n de su presentaci\u00f3n y diagn\u00f3stico a lo largo del tiempo. por otro lado, la enfermedad cel\u00edaca es una entidad de origen multifactorial. Los principales factores de riesgo ser\u00edan una alteraci\u00f3n inmunol\u00f3gica subyacente, la susceptibilidad gen\u00e9tica presente y los factores externos asociados, nutricionales y no nutricionales, siendo estos \u00faltimos los m\u00e1s desconocidos. Tambi\u00e9n pretendemos, con estos datos, aportar nuestro grano de arena a un mejor conocimiento de los mismos y de c\u00f3mo act\u00faan en la aparici\u00f3n y\/o modificaci\u00f3n de la forma de presentaci\u00f3n de la enfermedad cel\u00edaca. intentamos perfilar de un modo m\u00e1s certero los grupos de poblaci\u00f3n m\u00e1s susceptibles al desarrollo de la enfermedad y los posibles factores evitables en los mismos, para una prevenci\u00f3n secundaria lo m\u00e1s eficaz posible que impida o retrase su desarrollo y, por tanto, sus posibles complicaciones posteriores.<\/p>\n<p>&nbsp;<\/p>\n<h3>Datos acad\u00e9micos de la tesis doctoral \u00ab<strong>Estudio descriptivo y casos-control de una poblaci\u00f3n cel\u00edaca. an\u00e1lisis de factores de riesgo. (1967-2008)<\/strong>\u00ab<\/h3>\n<ul>\n<li><strong>T\u00edtulo de la tesis:<\/strong>\u00a0 Estudio descriptivo y casos-control de una poblaci\u00f3n cel\u00edaca. an\u00e1lisis de factores de riesgo. (1967-2008) <\/li>\n<li><strong>Autor:<\/strong>\u00a0 Mar\u00eda  Celilia Paredes Mercado <\/li>\n<li><strong>Universidad:<\/strong>\u00a0 Complutense de Madrid<\/li>\n<li><strong>Fecha de lectura de la tesis:<\/strong>\u00a0 03\/07\/2013<\/li>\n<\/ul>\n<p>&nbsp;<\/p>\n<h3>Direcci\u00f3n y tribunal<\/h3>\n<ul>\n<li><strong>Director de la tesis<\/strong>\n<ul>\n<li>Andr\u00e9s Bodas Pinedo<\/li>\n<\/ul>\n<\/li>\n<li><strong>Tribunal<\/strong>\n<ul>\n<li>Presidente del tribunal: Antonio Ruiz de le\u00f3n san Juan <\/li>\n<li>m. Jes\u00fas Alija merillas (vocal)<\/li>\n<li>Jos\u00e9 Mar\u00eda Jim\u00e9nez bustos (vocal)<\/li>\n<li>m. concepcion Nu\u00f1ez pardo de vera (vocal)<\/li>\n<\/ul>\n<\/li>\n<\/ul>\n<p>&nbsp;<\/p>\n","protected":false},"excerpt":{"rendered":"<p>Tesis doctoral de Mar\u00eda Celilia Paredes Mercado La enfermedad cel\u00edaca presenta una alta preValencia en la poblaci\u00f3n de la mayor\u00eda [&hellip;]<\/p>\n","protected":false},"author":1,"featured_media":0,"comment_status":"open","ping_status":"open","sticky":false,"template":"","format":"standard","meta":{"site-sidebar-layout":"default","site-content-layout":"","ast-site-content-layout":"","site-content-style":"default","site-sidebar-style":"default","ast-global-header-display":"","ast-banner-title-visibility":"","ast-main-header-display":"","ast-hfb-above-header-display":"","ast-hfb-below-header-display":"","ast-hfb-mobile-header-display":"","site-post-title":"","ast-breadcrumbs-content":"","ast-featured-img":"","footer-sml-layout":"","theme-transparent-header-meta":"","adv-header-id-meta":"","stick-header-meta":"","header-above-stick-meta":"","header-main-stick-meta":"","header-below-stick-meta":"","astra-migrate-meta-layouts":"default","ast-page-background-enabled":"default","ast-page-background-meta":{"desktop":{"background-color":"var(--ast-global-color-4)","background-image":"","background-repeat":"repeat","background-position":"center center","background-size":"auto","background-attachment":"scroll","background-type":"","background-media":"","overlay-type":"","overlay-color":"","overlay-gradient":""},"tablet":{"background-color":"","background-image":"","background-repeat":"repeat","background-position":"center center","background-size":"auto","background-attachment":"scroll","background-type":"","background-media":"","overlay-type":"","overlay-color":"","overlay-gradient":""},"mobile":{"background-color":"","background-image":"","background-repeat":"repeat","background-position":"center center","background-size":"auto","background-attachment":"scroll","background-type":"","background-media":"","overlay-type":"","overlay-color":"","overlay-gradient":""}},"ast-content-background-meta":{"desktop":{"background-color":"var(--ast-global-color-5)","background-image":"","background-repeat":"repeat","background-position":"center center","background-size":"auto","background-attachment":"scroll","background-type":"","background-media":"","overlay-type":"","overlay-color":"","overlay-gradient":""},"tablet":{"background-color":"var(--ast-global-color-5)","background-image":"","background-repeat":"repeat","background-position":"center center","background-size":"auto","background-attachment":"scroll","background-type":"","background-media":"","overlay-type":"","overlay-color":"","overlay-gradient":""},"mobile":{"background-color":"var(--ast-global-color-5)","background-image":"","background-repeat":"repeat","background-position":"center center","background-size":"auto","background-attachment":"scroll","background-type":"","background-media":"","overlay-type":"","overlay-color":"","overlay-gradient":""}},"footnotes":""},"categories":[155,986],"tags":[63988,190961,17490,40045,107252,226830],"class_list":["post-114430","post","type-post","status-publish","format-standard","hentry","category-ciencias-clinicas","category-complutense-de-madrid","tag-andres-bodas-pinedo","tag-antonio-ruiz-de-leon-san-juan","tag-jose-maria-jimenez-bustos","tag-m-concepcion-nunez-pardo-de-vera","tag-m-jesus-alija-merillas","tag-maria-celilia-paredes-mercado"],"_links":{"self":[{"href":"https:\/\/www.deberes.net\/tesis\/wp-json\/wp\/v2\/posts\/114430","targetHints":{"allow":["GET"]}}],"collection":[{"href":"https:\/\/www.deberes.net\/tesis\/wp-json\/wp\/v2\/posts"}],"about":[{"href":"https:\/\/www.deberes.net\/tesis\/wp-json\/wp\/v2\/types\/post"}],"author":[{"embeddable":true,"href":"https:\/\/www.deberes.net\/tesis\/wp-json\/wp\/v2\/users\/1"}],"replies":[{"embeddable":true,"href":"https:\/\/www.deberes.net\/tesis\/wp-json\/wp\/v2\/comments?post=114430"}],"version-history":[{"count":0,"href":"https:\/\/www.deberes.net\/tesis\/wp-json\/wp\/v2\/posts\/114430\/revisions"}],"wp:attachment":[{"href":"https:\/\/www.deberes.net\/tesis\/wp-json\/wp\/v2\/media?parent=114430"}],"wp:term":[{"taxonomy":"category","embeddable":true,"href":"https:\/\/www.deberes.net\/tesis\/wp-json\/wp\/v2\/categories?post=114430"},{"taxonomy":"post_tag","embeddable":true,"href":"https:\/\/www.deberes.net\/tesis\/wp-json\/wp\/v2\/tags?post=114430"}],"curies":[{"name":"wp","href":"https:\/\/api.w.org\/{rel}","templated":true}]}}