{"id":114470,"date":"2013-09-07T00:00:00","date_gmt":"2013-09-07T00:00:00","guid":{"rendered":"https:\/\/www.deberes.net\/tesis\/sin-categoria\/etica-y-desarrollo-sostenible-retos-del-desarrollo-humano-en-el-siglo-xxi\/"},"modified":"2013-09-07T00:00:00","modified_gmt":"2013-09-07T00:00:00","slug":"etica-y-desarrollo-sostenible-retos-del-desarrollo-humano-en-el-siglo-xxi","status":"publish","type":"post","link":"https:\/\/www.deberes.net\/tesis\/complutense-de-madrid\/etica-y-desarrollo-sostenible-retos-del-desarrollo-humano-en-el-siglo-xxi\/","title":{"rendered":"\u00e9tica y desarrollo sostenible: retos del desarrollo humano en el siglo xxi"},"content":{"rendered":"<h2>Tesis doctoral de <strong> Anya Teresa Parrilla D\u00edaz <\/strong><\/h2>\n<p>La investigaci\u00f3n aborda el tema del desarrollo sostenible como paradigma \u00e9tico de transformaci\u00f3n humana en tiempos de crisis.  Su objetivo central es analizar el desarrollo sostenible (ds) como un modelo viable de desarrollo que integra todos los aspectos del quehacer humano bajo un mismo concepto de sostenibilidad.  El segundo objetivo es demostrar que la sostenibilidad es un concepto fundamentado en una \u00e9tica global de justicia, responsabilidad y solidaridad.  Como tercer objetivo busca interconectar la \u00e9tica y el desarrollo sostenible dentro del marco social de las nuevas sociedades del conocimiento (sc); su pertinencia en el marco de los derechos humanos universales y su viabilidad en un escenario real de pa\u00eds (en dicho caso, puerto rico).  Se parte de la premisa de que el siglo xxi est\u00e1 marcado por una crisis ecol\u00f3gica mundial sin precedentes.  Al problema ecol\u00f3gico mundial se le entrelazan crisis sociales, pol\u00edticas y econ\u00f3micas, todas ellas vinculadas directamente con el modelo de desarrollo industrial que sigue vigente en pa\u00edses capitalistas y cuyas actividades han ocasionado el deterioro progresivo de los ecosistemas mundiales.  Como ant\u00edtesis al modelo de crecimiento ilimitado, la autora analiza la propuesta de un desarrollo sostenible que toma en cuenta el sistema natural, pone l\u00edmites al crecimiento e integra cuatro \u00e1reas fundamentales para el desarrollo humano: sostenibilidad humana, social, econ\u00f3mica y ambiental.  Al revisar los contenidos de las \u00e9ticas ecol\u00f3gicas, especialmente las ideas del movimiento de la ecolog\u00eda profunda, las corrientes humanistas y las visiones de los te\u00f3ricos cr\u00edticos de la escuela de francfort se concluye que existe una marcada correspondencia entre los postulados de estas \u00e9ticas y los principios sostenibles.  Dado que las sc se construyen dentro de un mundo impactado por la creciente crisis ecol\u00f3gica, se profundiza en temas que interconectan al ds y la \u00e9tica en cuanto a: la utilizaci\u00f3n de nuevas tecnolog\u00edas de informaci\u00f3n y comunicaci\u00f3n, mercantilizaci\u00f3n excesiva del conocimiento, brecha digital, exclusi\u00f3n social y el libre acceso a todo tipo de conocimiento.  Aqu\u00ed se concluye que las sc necesitan integrar las aplicaciones de los distintos tipos de conocimiento al armaz\u00f3n del desarrollo sostenible para facilitar el cumplimiento de sus objetivos \u00e9ticos y lograr un mundo sostenible.  El ds tambi\u00e9n se plantea como un derecho humano universal que hay que reconocer como parte de los derechos humanos ya reconocidos.  El reconocimiento del derecho a un desarrollo sostenible es indispensable tanto para el desarrollo humano como para la consideraci\u00f3n de la naturaleza como merecedora de derechos.  Finalmente, se analiza el caso de puerto rico y se concluye que para mejorar su situaci\u00f3n de crisis actual es necesaria la incorporaci\u00f3n de un modelo de desarrollo sostenible aut\u00f3ctono<\/p>\n<p>&nbsp;<\/p>\n<h3>Datos acad\u00e9micos de la tesis doctoral \u00ab<strong>\u00e9tica y desarrollo sostenible: retos del desarrollo humano en el siglo xxi<\/strong>\u00ab<\/h3>\n<ul>\n<li><strong>T\u00edtulo de la tesis:<\/strong>\u00a0 \u00e9tica y desarrollo sostenible: retos del desarrollo humano en el siglo xxi <\/li>\n<li><strong>Autor:<\/strong>\u00a0 Anya Teresa Parrilla D\u00edaz <\/li>\n<li><strong>Universidad:<\/strong>\u00a0 Complutense de Madrid<\/li>\n<li><strong>Fecha de lectura de la tesis:<\/strong>\u00a0 09\/07\/2013<\/li>\n<\/ul>\n<p>&nbsp;<\/p>\n<h3>Direcci\u00f3n y tribunal<\/h3>\n<ul>\n<li><strong>Director de la tesis<\/strong>\n<ul>\n<li>Graciano Gonz\u00e1lez Rodr\u00edguez<\/li>\n<\/ul>\n<\/li>\n<li><strong>Tribunal<\/strong>\n<ul>\n<li>Presidente del tribunal: emilio Garcia garcia <\/li>\n<li>Javier Barraca mairal (vocal)<\/li>\n<li>Antonio Seisdedos benito (vocal)<\/li>\n<li>Miguel Antonio Ortega de la fuente (vocal)<\/li>\n<\/ul>\n<\/li>\n<\/ul>\n<p>&nbsp;<\/p>\n","protected":false},"excerpt":{"rendered":"<p>Tesis doctoral de Anya Teresa Parrilla D\u00edaz La investigaci\u00f3n aborda el tema del desarrollo sostenible como paradigma \u00e9tico de transformaci\u00f3n [&hellip;]<\/p>\n","protected":false},"author":1,"featured_media":0,"comment_status":"open","ping_status":"open","sticky":false,"template":"","format":"standard","meta":{"site-sidebar-layout":"default","site-content-layout":"","ast-site-content-layout":"","site-content-style":"default","site-sidebar-style":"default","ast-global-header-display":"","ast-banner-title-visibility":"","ast-main-header-display":"","ast-hfb-above-header-display":"","ast-hfb-below-header-display":"","ast-hfb-mobile-header-display":"","site-post-title":"","ast-breadcrumbs-content":"","ast-featured-img":"","footer-sml-layout":"","theme-transparent-header-meta":"","adv-header-id-meta":"","stick-header-meta":"","header-above-stick-meta":"","header-main-stick-meta":"","header-below-stick-meta":"","astra-migrate-meta-layouts":"default","ast-page-background-enabled":"default","ast-page-background-meta":{"desktop":{"background-color":"var(--ast-global-color-4)","background-image":"","background-repeat":"repeat","background-position":"center center","background-size":"auto","background-attachment":"scroll","background-type":"","background-media":"","overlay-type":"","overlay-color":"","overlay-gradient":""},"tablet":{"background-color":"","background-image":"","background-repeat":"repeat","background-position":"center center","background-size":"auto","background-attachment":"scroll","background-type":"","background-media":"","overlay-type":"","overlay-color":"","overlay-gradient":""},"mobile":{"background-color":"","background-image":"","background-repeat":"repeat","background-position":"center center","background-size":"auto","background-attachment":"scroll","background-type":"","background-media":"","overlay-type":"","overlay-color":"","overlay-gradient":""}},"ast-content-background-meta":{"desktop":{"background-color":"var(--ast-global-color-5)","background-image":"","background-repeat":"repeat","background-position":"center center","background-size":"auto","background-attachment":"scroll","background-type":"","background-media":"","overlay-type":"","overlay-color":"","overlay-gradient":""},"tablet":{"background-color":"var(--ast-global-color-5)","background-image":"","background-repeat":"repeat","background-position":"center center","background-size":"auto","background-attachment":"scroll","background-type":"","background-media":"","overlay-type":"","overlay-color":"","overlay-gradient":""},"mobile":{"background-color":"var(--ast-global-color-5)","background-image":"","background-repeat":"repeat","background-position":"center center","background-size":"auto","background-attachment":"scroll","background-type":"","background-media":"","overlay-type":"","overlay-color":"","overlay-gradient":""}},"footnotes":""},"categories":[986,17875],"tags":[25639,226891,5137,115001,92328,157932],"class_list":["post-114470","post","type-post","status-publish","format-standard","hentry","category-complutense-de-madrid","category-etica-de-grupo","tag-antonio-seisdedos-benito","tag-anya-teresa-parrilla-diaz","tag-emilio-garcia-garcia","tag-graciano-gonzalez-rodriguez","tag-javier-barraca-mairal","tag-miguel-antonio-ortega-de-la-fuente"],"_links":{"self":[{"href":"https:\/\/www.deberes.net\/tesis\/wp-json\/wp\/v2\/posts\/114470","targetHints":{"allow":["GET"]}}],"collection":[{"href":"https:\/\/www.deberes.net\/tesis\/wp-json\/wp\/v2\/posts"}],"about":[{"href":"https:\/\/www.deberes.net\/tesis\/wp-json\/wp\/v2\/types\/post"}],"author":[{"embeddable":true,"href":"https:\/\/www.deberes.net\/tesis\/wp-json\/wp\/v2\/users\/1"}],"replies":[{"embeddable":true,"href":"https:\/\/www.deberes.net\/tesis\/wp-json\/wp\/v2\/comments?post=114470"}],"version-history":[{"count":0,"href":"https:\/\/www.deberes.net\/tesis\/wp-json\/wp\/v2\/posts\/114470\/revisions"}],"wp:attachment":[{"href":"https:\/\/www.deberes.net\/tesis\/wp-json\/wp\/v2\/media?parent=114470"}],"wp:term":[{"taxonomy":"category","embeddable":true,"href":"https:\/\/www.deberes.net\/tesis\/wp-json\/wp\/v2\/categories?post=114470"},{"taxonomy":"post_tag","embeddable":true,"href":"https:\/\/www.deberes.net\/tesis\/wp-json\/wp\/v2\/tags?post=114470"}],"curies":[{"name":"wp","href":"https:\/\/api.w.org\/{rel}","templated":true}]}}