{"id":114536,"date":"2018-03-11T10:42:36","date_gmt":"2018-03-11T10:42:36","guid":{"rendered":"https:\/\/www.deberes.net\/tesis\/sin-categoria\/prevalencia-del-abuso-sexual-masculino-en-el-extremo-norte-de-chile-secuelas-a-largo-plazo-factores-de-proteccion-y-de-riesgo\/"},"modified":"2018-03-11T10:42:36","modified_gmt":"2018-03-11T10:42:36","slug":"prevalencia-del-abuso-sexual-masculino-en-el-extremo-norte-de-chile-secuelas-a-largo-plazo-factores-de-proteccion-y-de-riesgo","status":"publish","type":"post","link":"https:\/\/www.deberes.net\/tesis\/complutense-de-madrid\/prevalencia-del-abuso-sexual-masculino-en-el-extremo-norte-de-chile-secuelas-a-largo-plazo-factores-de-proteccion-y-de-riesgo\/","title":{"rendered":"PreValencia del abuso sexual masculino en el extremo norte de chile: secuelas a largo plazo, factores de protecci\u00f3n y de riesgo."},"content":{"rendered":"<h2>Tesis doctoral de <strong> Cristian_gustavo Pinto Cortez <\/strong><\/h2>\n<p>En la presente investigaci\u00f3n se estudia la preValencia del abuso sexual infantil en chile, espec\u00edficamente en poblaci\u00f3n masculina del extremo norte del pa\u00eds.  La raz\u00f3n que nos lleva a realizarla surge de la necesidad de que en latinoam\u00e9rica, en general, y en chile, en particular, se desarrollen este tipo de trabajos, abordando la importancia de incorporar la variable g\u00e9nero en el \u00e1mbito investigativo del abuso sexual.  En este contexto,  se plantearon adem\u00e1s,  los siguientes objetivos: (1) determinar  las secuelas a largo plazo del abuso sexual infantil (2) identificar los factores de protecci\u00f3n y riesgo,  concretamente, el rol moderador de la resiliencia,  y  (3)  analizar los factores derivados de la socializaci\u00f3n de g\u00e9nero que influyen en el silenciamiento de los hombres victimas. Para cumplir los objetivos planteados,  se realiz\u00f3 un estudio retrospectivo, en el cual se utiliz\u00f3 un dise\u00f1o de investigaci\u00f3n cuasi-experimental con grupos comparativos (victimas y no victimas).  En el estudio  participaron 464 hombres adultos-j\u00f3venes, entre 18 y 42 a\u00f1os, residentes en la ciudad de arica.  Se realizaron entrevistas personales para obtener informaci\u00f3n respecto a experiencias de abuso sexual en la infancia, y conjuntamente, se aplicaron el inventario breve de s\u00edntomas bsi (derogatis y melisaratos, 1983), la escala de resiliencia de saavedra y villalta sv-res (saavedra y villalta, 2007)  y el inventario breve de funcionamiento sexual bsfi (o\u00c2\u00bfleary, fowler, lenderking, barber y sagnier, 1995). El an\u00e1lisis de la informaci\u00f3n comprueba que la preValencia de abuso sexual es de 8.7%, la cual coincide, con el rango establecido en la mayor\u00eda de los estudios internacionales sobre preValencia del abuso sexual a hombres.  En lo relacionado con los factores de protecci\u00f3n y de riesgo, se comprob\u00f3 que el abuso sexual se relaciona con una mayor severidad de s\u00edntomas psicol\u00f3gicos y con dificultades sexuales en la adultez.  No obstante, la severidad del abuso sexual  predice con mayor precisi\u00f3n, que el abuso sexual en s\u00ed mismo,  la severidad de los s\u00edntomas psicol\u00f3gicos producto de la agresi\u00f3n. El abuso sexual intrafamiliar se relacion\u00f3 con una mayor presencia de dificultades sexuales en las victimas.En relaci\u00f3n con los factores protectores, se comprob\u00f3 el efecto amortiguador de la resiliencia entre severidad del abuso sexual y severidad de los s\u00edntomas psicol\u00f3gicos, as\u00ed mismo, entre abuso sexual intrafamiliar y  dificultades sexualesen relaci\u00f3n con las secuelas a largo plazo, se comprob\u00f3 que las victimas presentan mayor severidad de s\u00edntomas obsesivo-compulsivos, depresivos y psicosom\u00e1ticos.  En las victimas, son frecuentes tambi\u00e9n, los problemas de funcionamiento sexual en las \u00e1reas del impulso sexual, erecci\u00f3n y eyaculaci\u00f3n.<\/p>\n<p>&nbsp;<\/p>\n<h3>Datos acad\u00e9micos de la tesis doctoral \u00ab<strong>PreValencia del abuso sexual masculino en el extremo norte de chile: secuelas a largo plazo, factores de protecci\u00f3n y de riesgo.<\/strong>\u00ab<\/h3>\n<ul>\n<li><strong>T\u00edtulo de la tesis:<\/strong>\u00a0 PreValencia del abuso sexual masculino en el extremo norte de chile: secuelas a largo plazo, factores de protecci\u00f3n y de riesgo. <\/li>\n<li><strong>Autor:<\/strong>\u00a0 Cristian_gustavo Pinto Cortez <\/li>\n<li><strong>Universidad:<\/strong>\u00a0 Complutense de Madrid<\/li>\n<li><strong>Fecha de lectura de la tesis:<\/strong>\u00a0 18\/07\/2013<\/li>\n<\/ul>\n<p>&nbsp;<\/p>\n<h3>Direcci\u00f3n y tribunal<\/h3>\n<ul>\n<li><strong>Director de la tesis<\/strong>\n<ul>\n<li>Fernando Chacon Fuertes<\/li>\n<\/ul>\n<\/li>\n<li><strong>Tribunal<\/strong>\n<ul>\n<li>Presidente del tribunal: andres Arias astray <\/li>\n<li>Jes\u00fas Manuel P\u00e9rez viejo (vocal)<\/li>\n<li>amalio Blanco abarca (vocal)<\/li>\n<li>Francisco P\u00e9rez fern\u00e1ndez (vocal)<\/li>\n<\/ul>\n<\/li>\n<\/ul>\n<p>&nbsp;<\/p>\n","protected":false},"excerpt":{"rendered":"<p>Tesis doctoral de Cristian_gustavo Pinto Cortez En la presente investigaci\u00f3n se estudia la preValencia del abuso sexual infantil en chile, [&hellip;]<\/p>\n","protected":false},"author":1,"featured_media":0,"comment_status":"open","ping_status":"open","sticky":false,"template":"","format":"standard","meta":{"site-sidebar-layout":"default","site-content-layout":"","ast-site-content-layout":"","site-content-style":"default","site-sidebar-style":"default","ast-global-header-display":"","ast-banner-title-visibility":"","ast-main-header-display":"","ast-hfb-above-header-display":"","ast-hfb-below-header-display":"","ast-hfb-mobile-header-display":"","site-post-title":"","ast-breadcrumbs-content":"","ast-featured-img":"","footer-sml-layout":"","theme-transparent-header-meta":"","adv-header-id-meta":"","stick-header-meta":"","header-above-stick-meta":"","header-main-stick-meta":"","header-below-stick-meta":"","astra-migrate-meta-layouts":"default","ast-page-background-enabled":"default","ast-page-background-meta":{"desktop":{"background-color":"var(--ast-global-color-4)","background-image":"","background-repeat":"repeat","background-position":"center center","background-size":"auto","background-attachment":"scroll","background-type":"","background-media":"","overlay-type":"","overlay-color":"","overlay-gradient":""},"tablet":{"background-color":"","background-image":"","background-repeat":"repeat","background-position":"center center","background-size":"auto","background-attachment":"scroll","background-type":"","background-media":"","overlay-type":"","overlay-color":"","overlay-gradient":""},"mobile":{"background-color":"","background-image":"","background-repeat":"repeat","background-position":"center center","background-size":"auto","background-attachment":"scroll","background-type":"","background-media":"","overlay-type":"","overlay-color":"","overlay-gradient":""}},"ast-content-background-meta":{"desktop":{"background-color":"var(--ast-global-color-5)","background-image":"","background-repeat":"repeat","background-position":"center center","background-size":"auto","background-attachment":"scroll","background-type":"","background-media":"","overlay-type":"","overlay-color":"","overlay-gradient":""},"tablet":{"background-color":"var(--ast-global-color-5)","background-image":"","background-repeat":"repeat","background-position":"center center","background-size":"auto","background-attachment":"scroll","background-type":"","background-media":"","overlay-type":"","overlay-color":"","overlay-gradient":""},"mobile":{"background-color":"var(--ast-global-color-5)","background-image":"","background-repeat":"repeat","background-position":"center center","background-size":"auto","background-attachment":"scroll","background-type":"","background-media":"","overlay-type":"","overlay-color":"","overlay-gradient":""}},"footnotes":""},"categories":[986,996],"tags":[7128,37563,226991,23717,93171,226992],"class_list":["post-114536","post","type-post","status-publish","format-standard","hentry","category-complutense-de-madrid","category-psicologia-social","tag-amalio-blanco-abarca","tag-andres-arias-astray","tag-cristian_gustavo-pinto-cortez","tag-fernando-chacon-fuertes","tag-francisco-perez-fernandez","tag-jesus-manuel-perez-viejo"],"_links":{"self":[{"href":"https:\/\/www.deberes.net\/tesis\/wp-json\/wp\/v2\/posts\/114536","targetHints":{"allow":["GET"]}}],"collection":[{"href":"https:\/\/www.deberes.net\/tesis\/wp-json\/wp\/v2\/posts"}],"about":[{"href":"https:\/\/www.deberes.net\/tesis\/wp-json\/wp\/v2\/types\/post"}],"author":[{"embeddable":true,"href":"https:\/\/www.deberes.net\/tesis\/wp-json\/wp\/v2\/users\/1"}],"replies":[{"embeddable":true,"href":"https:\/\/www.deberes.net\/tesis\/wp-json\/wp\/v2\/comments?post=114536"}],"version-history":[{"count":0,"href":"https:\/\/www.deberes.net\/tesis\/wp-json\/wp\/v2\/posts\/114536\/revisions"}],"wp:attachment":[{"href":"https:\/\/www.deberes.net\/tesis\/wp-json\/wp\/v2\/media?parent=114536"}],"wp:term":[{"taxonomy":"category","embeddable":true,"href":"https:\/\/www.deberes.net\/tesis\/wp-json\/wp\/v2\/categories?post=114536"},{"taxonomy":"post_tag","embeddable":true,"href":"https:\/\/www.deberes.net\/tesis\/wp-json\/wp\/v2\/tags?post=114536"}],"curies":[{"name":"wp","href":"https:\/\/api.w.org\/{rel}","templated":true}]}}