{"id":114641,"date":"2018-03-11T10:42:42","date_gmt":"2018-03-11T10:42:42","guid":{"rendered":""},"modified":"2018-03-11T10:42:42","modified_gmt":"2018-03-11T10:42:42","slug":"migracion-y-ciudadana%c2%ada-las-transformaciones-de-las-nociones-de-ciudadana%c2%ada-social-y-demandas-al-estado-motivadas-por-el-proceso-migratorio-de-los-peruanos-a-espana-a-traves-de-las-redes-fa","status":"publish","type":"post","link":"https:\/\/www.deberes.net\/tesis\/desarrollo-y-politica-social\/migracion-y-ciudadana%c2%ada-las-transformaciones-de-las-nociones-de-ciudadana%c2%ada-social-y-demandas-al-estado-motivadas-por-el-proceso-migratorio-de-los-peruanos-a-espana-a-traves-de-las-redes-fa\/","title":{"rendered":"Migraci\u00f3n y ciudadan\u00eda. las transformaciones de las nociones de ciudadan\u00edasocial y demandas al estado motivadas por el proceso migratorio de los peruanos a espa\u00f1a a trav\u00e9s de las redes familiares tra"},"content":{"rendered":"<h2>Tesis doctoral de <strong> Isabel Berganza Setien <\/strong><\/h2>\n<p>El objetivo de esta tesis es comprender y explicar c\u00f3mo se redefine el ser ciudadano\/a y las relaciones con el estado a trav\u00e9s de la experiencia migratoria y de las comunicaciones mantenidas dentro de las redes familiares transnacionales, tanto en las personas migrantes como en sus familiares que permanecen en el pa\u00eds de origen. Se estudia la migraci\u00f3n de peruanos y peruanas hacia espa\u00f1a. Se analiza la informaci\u00f3n que fluye dentro de las redes familiares transnacionales sobre la ciudadan\u00eda social. Para esta investigaci\u00f3n se ha seleccionado una muestra de 15 redes transnacionales de familias peruanas. De cada red se ha entrevistado a dos miembros residentes en espa\u00f1a y a uno que habita en per\u00fa.Como marco te\u00f3rico se ha elegido la perspectiva de ciudadan\u00eda que la asocia a un estatus jur\u00eddico, a un conjunto de derechos que se poseen por ser miembro de una comunidad pol\u00edtica. Esta noci\u00f3n de ciudadan\u00eda, seg\u00fan lo que propone t.H. Marshall, posee diversas dimensiones, la pol\u00edtica, la civil y la social. Esta \u00faltima se refiere a los derechos que aseguran un m\u00ednimo de bienestar econ\u00f3mico y de seguridad en que se participa del patrimonio social que permite vivir una vida seg\u00fan los est\u00e1ndares de la sociedad.  Con el objetivo de operacionalizar la ciudadan\u00eda social se han determinado los derechos que \u00e9sta incluye: el derecho a la salud, a la educaci\u00f3n, al trabajo, a la vida familiar y a la protecci\u00f3n frente a la exclusi\u00f3n. Del an\u00e1lisis de las entrevistas se establecen las informaciones transmitidas y las percepciones sobre los distintos derechos que conforman la ciudadan\u00eda social, tanto de las personas peruanas residentes en espa\u00f1a como de sus familiares que habitan en per\u00fa, siguiendo las dimensiones establecidas en la parte metodol\u00f3gica: conocimiento del derecho, accesibilidad, valoraci\u00f3n del servicio, posicionamiento sobre la accesibilidad y evaluaci\u00f3n del servicio. Igualmente se estudia la dimensi\u00f3n sobre qu\u00e9 tipo de informaci\u00f3n relacionada a este tema fluye dentro de las redes familiares transnacionales y c\u00f3mo fluye la misma. En las conclusiones se establece que las experiencias de acceso a estos derechos es un tema de conversaci\u00f3n com\u00fan dentro de las redes familiares transnacionales, por lo cual existe una importante transmisi\u00f3n de informaci\u00f3n sobre dicho tema. Esto produce que las migraciones produzcan una transformaci\u00f3n en las percepciones sobre los derechos sociales, tanto en las personas migrantes como en sus familias, especialmente ampliando el concepto de los elementos que conforman esos derechos.<\/p>\n<p>&nbsp;<\/p>\n<h3>Datos acad\u00e9micos de la tesis doctoral \u00ab<strong>Migraci\u00f3n y ciudadan\u00eda. las transformaciones de las nociones de ciudadan\u00edasocial y demandas al estado motivadas por el proceso migratorio de los peruanos a espa\u00f1a a trav\u00e9s de las redes familiares tra<\/strong>\u00ab<\/h3>\n<ul>\n<li><strong>T\u00edtulo de la tesis:<\/strong>\u00a0 Migraci\u00f3n y ciudadan\u00eda. las transformaciones de las nociones de ciudadan\u00edasocial y demandas al estado motivadas por el proceso migratorio de los peruanos a espa\u00f1a a trav\u00e9s de las redes familiares tra <\/li>\n<li><strong>Autor:<\/strong>\u00a0 Isabel Berganza Setien <\/li>\n<li><strong>Universidad:<\/strong>\u00a0 Pa\u00eds vasco\/euskal herriko unibertsitatea<\/li>\n<li><strong>Fecha de lectura de la tesis:<\/strong>\u00a0 16\/09\/2013<\/li>\n<\/ul>\n<p>&nbsp;<\/p>\n<h3>Direcci\u00f3n y tribunal<\/h3>\n<ul>\n<li><strong>Director de la tesis<\/strong>\n<ul>\n<li>Xabier Aierdi Urraza<\/li>\n<\/ul>\n<\/li>\n<li><strong>Tribunal<\/strong>\n<ul>\n<li>Presidente del tribunal: victor Urrutia abaigar <\/li>\n<li>Luis enrique Alonso benito (vocal)<\/li>\n<li>xabier Barandiaran irastorza (vocal)<\/li>\n<li>jon joseba Leonardo aurteneche (vocal)<\/li>\n<\/ul>\n<\/li>\n<\/ul>\n<p>&nbsp;<\/p>\n","protected":false},"excerpt":{"rendered":"<p>Tesis doctoral de Isabel Berganza Setien El objetivo de esta tesis es comprender y explicar c\u00f3mo se redefine el ser [&hellip;]<\/p>\n","protected":false},"author":1,"featured_media":0,"comment_status":"open","ping_status":"open","sticky":false,"template":"","format":"standard","meta":{"site-sidebar-layout":"default","site-content-layout":"","ast-site-content-layout":"","site-content-style":"default","site-sidebar-style":"default","ast-global-header-display":"","ast-banner-title-visibility":"","ast-main-header-display":"","ast-hfb-above-header-display":"","ast-hfb-below-header-display":"","ast-hfb-mobile-header-display":"","site-post-title":"","ast-breadcrumbs-content":"","ast-featured-img":"","footer-sml-layout":"","theme-transparent-header-meta":"","adv-header-id-meta":"","stick-header-meta":"","header-above-stick-meta":"","header-main-stick-meta":"","header-below-stick-meta":"","astra-migrate-meta-layouts":"default","ast-page-background-enabled":"default","ast-page-background-meta":{"desktop":{"background-color":"var(--ast-global-color-4)","background-image":"","background-repeat":"repeat","background-position":"center center","background-size":"auto","background-attachment":"scroll","background-type":"","background-media":"","overlay-type":"","overlay-color":"","overlay-gradient":""},"tablet":{"background-color":"","background-image":"","background-repeat":"repeat","background-position":"center center","background-size":"auto","background-attachment":"scroll","background-type":"","background-media":"","overlay-type":"","overlay-color":"","overlay-gradient":""},"mobile":{"background-color":"","background-image":"","background-repeat":"repeat","background-position":"center center","background-size":"auto","background-attachment":"scroll","background-type":"","background-media":"","overlay-type":"","overlay-color":"","overlay-gradient":""}},"ast-content-background-meta":{"desktop":{"background-color":"var(--ast-global-color-5)","background-image":"","background-repeat":"repeat","background-position":"center center","background-size":"auto","background-attachment":"scroll","background-type":"","background-media":"","overlay-type":"","overlay-color":"","overlay-gradient":""},"tablet":{"background-color":"var(--ast-global-color-5)","background-image":"","background-repeat":"repeat","background-position":"center center","background-size":"auto","background-attachment":"scroll","background-type":"","background-media":"","overlay-type":"","overlay-color":"","overlay-gradient":""},"mobile":{"background-color":"var(--ast-global-color-5)","background-image":"","background-repeat":"repeat","background-position":"center center","background-size":"auto","background-attachment":"scroll","background-type":"","background-media":"","overlay-type":"","overlay-color":"","overlay-gradient":""}},"footnotes":""},"categories":[9647,12909],"tags":[227161,201872,4645,5471,53843,225462],"class_list":["post-114641","post","type-post","status-publish","format-standard","hentry","category-desarrollo-y-politica-social","category-pais-vasco-euskal-herriko-unibertsitatea","tag-isabel-berganza-setien","tag-jon-joseba-leonardo-aurteneche","tag-luis-enrique-alonso-benito","tag-victor-urrutia-abaigar","tag-xabier-aierdi-urraza","tag-xabier-barandiaran-irastorza"],"_links":{"self":[{"href":"https:\/\/www.deberes.net\/tesis\/wp-json\/wp\/v2\/posts\/114641","targetHints":{"allow":["GET"]}}],"collection":[{"href":"https:\/\/www.deberes.net\/tesis\/wp-json\/wp\/v2\/posts"}],"about":[{"href":"https:\/\/www.deberes.net\/tesis\/wp-json\/wp\/v2\/types\/post"}],"author":[{"embeddable":true,"href":"https:\/\/www.deberes.net\/tesis\/wp-json\/wp\/v2\/users\/1"}],"replies":[{"embeddable":true,"href":"https:\/\/www.deberes.net\/tesis\/wp-json\/wp\/v2\/comments?post=114641"}],"version-history":[{"count":0,"href":"https:\/\/www.deberes.net\/tesis\/wp-json\/wp\/v2\/posts\/114641\/revisions"}],"wp:attachment":[{"href":"https:\/\/www.deberes.net\/tesis\/wp-json\/wp\/v2\/media?parent=114641"}],"wp:term":[{"taxonomy":"category","embeddable":true,"href":"https:\/\/www.deberes.net\/tesis\/wp-json\/wp\/v2\/categories?post=114641"},{"taxonomy":"post_tag","embeddable":true,"href":"https:\/\/www.deberes.net\/tesis\/wp-json\/wp\/v2\/tags?post=114641"}],"curies":[{"name":"wp","href":"https:\/\/api.w.org\/{rel}","templated":true}]}}