{"id":114683,"date":"2018-03-11T10:42:46","date_gmt":"2018-03-11T10:42:46","guid":{"rendered":"https:\/\/www.deberes.net\/tesis\/sin-categoria\/senderos-cla%c2%adnicos-del-acompanamiento-terapeutico\/"},"modified":"2018-03-11T10:42:46","modified_gmt":"2018-03-11T10:42:46","slug":"senderos-cla%c2%adnicos-del-acompanamiento-terapeutico","status":"publish","type":"post","link":"https:\/\/www.deberes.net\/tesis\/filosofia-del-conocimiento\/senderos-cla%c2%adnicos-del-acompanamiento-terapeutico\/","title":{"rendered":"Senderos cl\u00ednicos del acompa\u00f1amiento terape\u00fatico"},"content":{"rendered":"<h2>Tesis doctoral de <strong> Carlos Alberto Ledesma Lara <\/strong><\/h2>\n<p>Este trabajo de investigaci\u00f3n aborda algunas de las problem\u00e1ticas que presenta el trabajo en el campo de la \u00c2\u00absalud mental\u00c2\u00bb, as\u00ed como las posibilidades cl\u00ednicas que brinda la inclusi\u00f3n del dispositivo cl\u00ednico denominado acompa\u00f1amiento terap\u00e9utico en la atenci\u00f3n psicol\u00f3gica y psiqui\u00e1trica, estudiando aquellos casos en los que puede ser necesaria su incorporaci\u00f3n como una herramienta de trabajo que aporte, adem\u00e1s de contenci\u00f3n al paciente, la posibilidad de construcci\u00f3n y continuidad de un tratamiento. Previamente se har\u00e1 un recorrido por el marco y sost\u00e9n epistemol\u00f3gico y cl\u00ednico del acompa\u00f1amiento terap\u00e9utico, esto es, la teor\u00eda psicoanal\u00edtica construida por sigmund freud y las contribuciones de autores del movimiento psicoanal\u00edtico que la han enriquecido, los trabajos de investigaci\u00f3n sobre las problem\u00e1ticas de lo grupal y las teor\u00edas de los v\u00ednculos, cuyo referente principal son los trabajos de pichon-rivi\u00e9re, as\u00ed como las perspectivas que ha aportado la anal\u00edtica existencial sobre la cuesti\u00f3n del ser, la temporalidad y la cotidianidad del mundo m\u00e1s all\u00e1 de la conciencia representativa que rige los modelos m\u00e9dicos y \u00c2\u00abpsi\u00c2\u00bb. El eje que atraviesa este trabajo y define su campo de investigaci\u00f3n, sostiene la diferencia entre la que se puede llamar la cl\u00ednica de la mirada o de la enfermedad, que plantean la psiquiatr\u00eda, gran parte de la psicolog\u00eda y sus modelos psicoterap\u00e9uticos a la hora de abordar el malestar humano, y la cl\u00ednica de la palabra y la escucha, donde el relato del sujeto es la materia prima sin la cual no hay posibilidad de tratamiento, como as\u00ed lo considera la cl\u00ednica psicoanal\u00edtica. Finalmente se trabajar\u00e1 el lugar que ocupa el acompa\u00f1amiento terap\u00e9utico en un tratamiento y las diferentes modalidades de implementaci\u00f3n cl\u00ednica del mismo. El dispositivo de acompa\u00f1amiento terap\u00e9utico. El acompa\u00f1amiento terap\u00e9utico es un dispositivo que podr\u00edamos llamar de externaci\u00f3n asistida, esto es, una modalidad de atenci\u00f3n fuera de los muros de las instituciones psiqui\u00e1tricas, que desde una perspectiva cl\u00ednica y socio-comunitaria brinda atenci\u00f3n cl\u00ednica y contenci\u00f3n a pacientes con problemas o trastornos ps\u00edquicos y apoyo a sus propias familias, que en general se encuentran desbordadas ante la emergencia de una patolog\u00eda ps\u00edquica en alguno de sus miembros. El acompa\u00f1amiento se realiza bien en el domicilio o en los centros donde el paciente est\u00e9 ingresado, y contempla, dependiendo de cada caso, salidas de ocio, visitas familiares, citas m\u00e9dicas, gestiones, actividades educativas, de reinserci\u00f3n laboral, entre otras.<\/p>\n<p>&nbsp;<\/p>\n<h3>Datos acad\u00e9micos de la tesis doctoral \u00ab<strong>Senderos cl\u00ednicos del acompa\u00f1amiento terape\u00fatico<\/strong>\u00ab<\/h3>\n<ul>\n<li><strong>T\u00edtulo de la tesis:<\/strong>\u00a0 Senderos cl\u00ednicos del acompa\u00f1amiento terape\u00fatico <\/li>\n<li><strong>Autor:<\/strong>\u00a0 Carlos Alberto Ledesma Lara <\/li>\n<li><strong>Universidad:<\/strong>\u00a0 Complutense de Madrid<\/li>\n<li><strong>Fecha de lectura de la tesis:<\/strong>\u00a0 25\/09\/2013<\/li>\n<\/ul>\n<p>&nbsp;<\/p>\n<h3>Direcci\u00f3n y tribunal<\/h3>\n<ul>\n<li><strong>Director de la tesis<\/strong>\n<ul>\n<li>Jos\u00e9 Miguel Marinas Herreras<\/li>\n<\/ul>\n<\/li>\n<li><strong>Tribunal<\/strong>\n<ul>\n<li>Presidente del tribunal: Carlos Fern\u00e1ndez liria <\/li>\n<li>german Cano cuenca (vocal)<\/li>\n<li>Rafael Huertas alejo (vocal)<\/li>\n<li>Ana mercedes Mart\u00ednez p\u00e9rez (vocal)<\/li>\n<\/ul>\n<\/li>\n<\/ul>\n<p>&nbsp;<\/p>\n","protected":false},"excerpt":{"rendered":"<p>Tesis doctoral de Carlos Alberto Ledesma Lara Este trabajo de investigaci\u00f3n aborda algunas de las problem\u00e1ticas que presenta el trabajo [&hellip;]<\/p>\n","protected":false},"author":1,"featured_media":0,"comment_status":"open","ping_status":"open","sticky":false,"template":"","format":"standard","meta":{"site-sidebar-layout":"default","site-content-layout":"","ast-site-content-layout":"","site-content-style":"default","site-sidebar-style":"default","ast-global-header-display":"","ast-banner-title-visibility":"","ast-main-header-display":"","ast-hfb-above-header-display":"","ast-hfb-below-header-display":"","ast-hfb-mobile-header-display":"","site-post-title":"","ast-breadcrumbs-content":"","ast-featured-img":"","footer-sml-layout":"","theme-transparent-header-meta":"","adv-header-id-meta":"","stick-header-meta":"","header-above-stick-meta":"","header-main-stick-meta":"","header-below-stick-meta":"","astra-migrate-meta-layouts":"default","ast-page-background-enabled":"default","ast-page-background-meta":{"desktop":{"background-color":"var(--ast-global-color-4)","background-image":"","background-repeat":"repeat","background-position":"center center","background-size":"auto","background-attachment":"scroll","background-type":"","background-media":"","overlay-type":"","overlay-color":"","overlay-gradient":""},"tablet":{"background-color":"","background-image":"","background-repeat":"repeat","background-position":"center center","background-size":"auto","background-attachment":"scroll","background-type":"","background-media":"","overlay-type":"","overlay-color":"","overlay-gradient":""},"mobile":{"background-color":"","background-image":"","background-repeat":"repeat","background-position":"center center","background-size":"auto","background-attachment":"scroll","background-type":"","background-media":"","overlay-type":"","overlay-color":"","overlay-gradient":""}},"ast-content-background-meta":{"desktop":{"background-color":"var(--ast-global-color-5)","background-image":"","background-repeat":"repeat","background-position":"center center","background-size":"auto","background-attachment":"scroll","background-type":"","background-media":"","overlay-type":"","overlay-color":"","overlay-gradient":""},"tablet":{"background-color":"var(--ast-global-color-5)","background-image":"","background-repeat":"repeat","background-position":"center center","background-size":"auto","background-attachment":"scroll","background-type":"","background-media":"","overlay-type":"","overlay-color":"","overlay-gradient":""},"mobile":{"background-color":"var(--ast-global-color-5)","background-image":"","background-repeat":"repeat","background-position":"center center","background-size":"auto","background-attachment":"scroll","background-type":"","background-media":"","overlay-type":"","overlay-color":"","overlay-gradient":""}},"footnotes":""},"categories":[986,956],"tags":[202300,227228,52061,158264,34964,227229],"class_list":["post-114683","post","type-post","status-publish","format-standard","hentry","category-complutense-de-madrid","category-filosofia-del-conocimiento","tag-ana-mercedes-Martinez-perez","tag-carlos-alberto-ledesma-lara","tag-carlos-fernandez-liria","tag-german-cano-cuenca","tag-jose-miguel-marinas-herreras","tag-rafael-huertas-alejo"],"_links":{"self":[{"href":"https:\/\/www.deberes.net\/tesis\/wp-json\/wp\/v2\/posts\/114683","targetHints":{"allow":["GET"]}}],"collection":[{"href":"https:\/\/www.deberes.net\/tesis\/wp-json\/wp\/v2\/posts"}],"about":[{"href":"https:\/\/www.deberes.net\/tesis\/wp-json\/wp\/v2\/types\/post"}],"author":[{"embeddable":true,"href":"https:\/\/www.deberes.net\/tesis\/wp-json\/wp\/v2\/users\/1"}],"replies":[{"embeddable":true,"href":"https:\/\/www.deberes.net\/tesis\/wp-json\/wp\/v2\/comments?post=114683"}],"version-history":[{"count":0,"href":"https:\/\/www.deberes.net\/tesis\/wp-json\/wp\/v2\/posts\/114683\/revisions"}],"wp:attachment":[{"href":"https:\/\/www.deberes.net\/tesis\/wp-json\/wp\/v2\/media?parent=114683"}],"wp:term":[{"taxonomy":"category","embeddable":true,"href":"https:\/\/www.deberes.net\/tesis\/wp-json\/wp\/v2\/categories?post=114683"},{"taxonomy":"post_tag","embeddable":true,"href":"https:\/\/www.deberes.net\/tesis\/wp-json\/wp\/v2\/tags?post=114683"}],"curies":[{"name":"wp","href":"https:\/\/api.w.org\/{rel}","templated":true}]}}