{"id":114715,"date":"2013-01-10T00:00:00","date_gmt":"2013-01-10T00:00:00","guid":{"rendered":"https:\/\/www.deberes.net\/tesis\/sin-categoria\/la-despersonalizacion-en-el-discurso-academico-escrito\/"},"modified":"2013-01-10T00:00:00","modified_gmt":"2013-01-10T00:00:00","slug":"la-despersonalizacion-en-el-discurso-academico-escrito","status":"publish","type":"post","link":"https:\/\/www.deberes.net\/tesis\/linguistica-aplicada\/la-despersonalizacion-en-el-discurso-academico-escrito\/","title":{"rendered":"La despersonalizaci\u00f3n en el discurso acad\u00e9mico escrito."},"content":{"rendered":"<h2>Tesis doctoral de <strong> Mar\u00eda F\u00e1tima \u00e1lvarez L\u00f3pez <\/strong><\/h2>\n<p>A pesar de contar con una larga tradici\u00f3n de estudio en la ling\u00ed\u00bc\u00edstica, el fen\u00f3meno de la despersonalizaci\u00f3n no ha dispuesto, hasta el momento, de trabajos que lo hayan desarrollado de manera detallada y completa. El prop\u00f3sito de esta tesis de investigaci\u00f3n ha sido, por tanto, cubrir esa carencia, y para ello se ha centrado: 1) en la definici\u00f3n del fen\u00f3meno de la despersonalizaci\u00f3n y en la relaci\u00f3n de todos sus mecanismos, lo que forma la parte te\u00f3rica de esta tesis, y 2) en el an\u00e1lisis cuantitativo y cualitativo del empleo de los mecanismos de despersonalizaci\u00f3n en el discurso considerado m\u00e1s protot\u00edpicamente despersonalizado, el acad\u00e9mico escrito.En esta investigaci\u00f3n se ha definido la despersonalizaci\u00f3n como un fen\u00f3meno discursivo que consiste en la acci\u00f3n de evitar marcas que se\u00f1alan la presencia expl\u00edcita y directa de las personas del discurso: los protagonistas del intercambio comunicativo, el \u00c2\u00bfyo\u00c2\u00bf y el \u00c2\u00bft\u00fa\u00c2\u00bf, y la tercera persona que remite a un alguien espec\u00edfico, concreto, al que no se quiere identificar, el \u00c2\u00bf\u00e9l\u00c2\u00bf. En espa\u00f1ol, este fen\u00f3meno dispone de diversas construcciones ling\u00ed\u00bc\u00edsticas o mecanismos de despersonalizaci\u00f3n, que corresponden a las siguientes construcciones: &#8211;\tla primera persona del plural, &#8211;\tlas par\u00e1frasis del \u00c2\u00bfyo\u00c2\u00bf y del \u00c2\u00bft\u00fa\u00c2\u00bf en tercera persona,-\tel pronombre uno,-\tlas personas generales, &#8211;\tlas terceras personas no espec\u00edficas, &#8211;\tla primera, segunda y tercera persona espec\u00edfica en funci\u00f3n no sujeto,-\tlas pasivas perifr\u00e1sticas, &#8211;\tlas nominalizaciones, &#8211;\tlas pasivas con se, &#8211;\tlas construcciones con sujeto nocional en funci\u00f3n de objeto indirecto (oi) o complemento de r\u00e9gimen preposicional (cr), &#8211;\tlas formas no personales del verbo, &#8211;\tlas impersonales y-\tlos objetos meton\u00edmicos.  Estos mecanismos pueden clasificarse a partir de la noci\u00f3n de grado, dependiendo de su mayor o menor eficacia a la hora de evitar las marcas de las personas del discurso. En este sentido, he mantenido la idea de que la despersonalizaci\u00f3n puede graduarse a partir de tres rasgos discretos: [\u00c2\u00b1expl\u00edcito], [\u00c2\u00b1espec\u00edfico], [\u00c2\u00b1relevante]. Cuantos m\u00e1s rasgos negativos caracterizan un mecanismo, mayor grado de despersonalizaci\u00f3n presenta. Se establece, as\u00ed, una taxonom\u00eda clara de los distintos mecanismos de despersonalizaci\u00f3n, organizados en cuatro grupos diferentes en funci\u00f3n de su grado de despersonalizaci\u00f3n: 1)\tlos que ocultan las marcas, los de menor grado de despersonalizaci\u00f3n [+expl\u00edcito], [\u00c2\u00bfespec\u00edfico], [+relevante].2)\tlos mecanismos que trasladan las marcas, tambi\u00e9n con un grado reducido de despersonalizaci\u00f3n, pero mayor que los anteriores [+expl\u00edcito], [+espec\u00edfico], [\u00c2\u00bfrelevante].3)\tlos mecanismos que trasladan y ocultan las marcas, con un grado intermedio de despersonalizaci\u00f3n [+expl\u00edcito], [\u00c2\u00bfespec\u00edfico], [\u00c2\u00bfrelevante].4)\tlos mecanismos que omiten las marcas, los de mayor grado de despersonalizaci\u00f3n, que incluyen [\u00c2\u00bfexpl\u00edcito], [\u00c2\u00bfespec\u00edfico], [\u00c2\u00bfrelevante].<\/p>\n<p>&nbsp;<\/p>\n<h3>Datos acad\u00e9micos de la tesis doctoral \u00ab<strong>La despersonalizaci\u00f3n en el discurso acad\u00e9mico escrito.<\/strong>\u00ab<\/h3>\n<ul>\n<li><strong>T\u00edtulo de la tesis:<\/strong>\u00a0 La despersonalizaci\u00f3n en el discurso acad\u00e9mico escrito. <\/li>\n<li><strong>Autor:<\/strong>\u00a0 Mar\u00eda F\u00e1tima \u00e1lvarez L\u00f3pez <\/li>\n<li><strong>Universidad:<\/strong>\u00a0 Alcal\u00e1<\/li>\n<li><strong>Fecha de lectura de la tesis:<\/strong>\u00a0 01\/10\/2013<\/li>\n<\/ul>\n<p>&nbsp;<\/p>\n<h3>Direcci\u00f3n y tribunal<\/h3>\n<ul>\n<li><strong>Director de la tesis<\/strong>\n<ul>\n<li>Inmaculada Penad\u00e9s Mart\u00ednez<\/li>\n<\/ul>\n<\/li>\n<li><strong>Tribunal<\/strong>\n<ul>\n<li>Presidente del tribunal: salvador Guti\u00e9rrez ord\u00f3\u00f1ez <\/li>\n<li>Ana M\u00aa Cestero mancera (vocal)<\/li>\n<li>M\u00aa tadea D\u00edaz  hormigo (vocal)<\/li>\n<li>helena Calsamiglia blancafort (vocal)<\/li>\n<\/ul>\n<\/li>\n<\/ul>\n<p>&nbsp;<\/p>\n","protected":false},"excerpt":{"rendered":"<p>Tesis doctoral de Mar\u00eda F\u00e1tima \u00e1lvarez L\u00f3pez A pesar de contar con una larga tradici\u00f3n de estudio en la ling\u00ed\u00bc\u00edstica, [&hellip;]<\/p>\n","protected":false},"author":1,"featured_media":0,"comment_status":"open","ping_status":"open","sticky":false,"template":"","format":"standard","meta":{"site-sidebar-layout":"default","site-content-layout":"","ast-site-content-layout":"","site-content-style":"default","site-sidebar-style":"default","ast-global-header-display":"","ast-banner-title-visibility":"","ast-main-header-display":"","ast-hfb-above-header-display":"","ast-hfb-below-header-display":"","ast-hfb-mobile-header-display":"","site-post-title":"","ast-breadcrumbs-content":"","ast-featured-img":"","footer-sml-layout":"","theme-transparent-header-meta":"","adv-header-id-meta":"","stick-header-meta":"","header-above-stick-meta":"","header-main-stick-meta":"","header-below-stick-meta":"","astra-migrate-meta-layouts":"default","ast-page-background-enabled":"default","ast-page-background-meta":{"desktop":{"background-color":"var(--ast-global-color-4)","background-image":"","background-repeat":"repeat","background-position":"center center","background-size":"auto","background-attachment":"scroll","background-type":"","background-media":"","overlay-type":"","overlay-color":"","overlay-gradient":""},"tablet":{"background-color":"","background-image":"","background-repeat":"repeat","background-position":"center center","background-size":"auto","background-attachment":"scroll","background-type":"","background-media":"","overlay-type":"","overlay-color":"","overlay-gradient":""},"mobile":{"background-color":"","background-image":"","background-repeat":"repeat","background-position":"center center","background-size":"auto","background-attachment":"scroll","background-type":"","background-media":"","overlay-type":"","overlay-color":"","overlay-gradient":""}},"ast-content-background-meta":{"desktop":{"background-color":"var(--ast-global-color-5)","background-image":"","background-repeat":"repeat","background-position":"center center","background-size":"auto","background-attachment":"scroll","background-type":"","background-media":"","overlay-type":"","overlay-color":"","overlay-gradient":""},"tablet":{"background-color":"var(--ast-global-color-5)","background-image":"","background-repeat":"repeat","background-position":"center center","background-size":"auto","background-attachment":"scroll","background-type":"","background-media":"","overlay-type":"","overlay-color":"","overlay-gradient":""},"mobile":{"background-color":"var(--ast-global-color-5)","background-image":"","background-repeat":"repeat","background-position":"center center","background-size":"auto","background-attachment":"scroll","background-type":"","background-media":"","overlay-type":"","overlay-color":"","overlay-gradient":""}},"footnotes":""},"categories":[17426,60],"tags":[17514,99575,1518,227273,1621,3018],"class_list":["post-114715","post","type-post","status-publish","format-standard","hentry","category-alcala","category-linguistica-aplicada","tag-ana-ma-cestero-mancera","tag-helena-calsamiglia-blancafort","tag-inmaculada-penades-Martinez","tag-maria-fatima-alvarez-lopez","tag-ma-tadea-diaz-hormigo","tag-salvador-gutierrez-ordonez"],"_links":{"self":[{"href":"https:\/\/www.deberes.net\/tesis\/wp-json\/wp\/v2\/posts\/114715","targetHints":{"allow":["GET"]}}],"collection":[{"href":"https:\/\/www.deberes.net\/tesis\/wp-json\/wp\/v2\/posts"}],"about":[{"href":"https:\/\/www.deberes.net\/tesis\/wp-json\/wp\/v2\/types\/post"}],"author":[{"embeddable":true,"href":"https:\/\/www.deberes.net\/tesis\/wp-json\/wp\/v2\/users\/1"}],"replies":[{"embeddable":true,"href":"https:\/\/www.deberes.net\/tesis\/wp-json\/wp\/v2\/comments?post=114715"}],"version-history":[{"count":0,"href":"https:\/\/www.deberes.net\/tesis\/wp-json\/wp\/v2\/posts\/114715\/revisions"}],"wp:attachment":[{"href":"https:\/\/www.deberes.net\/tesis\/wp-json\/wp\/v2\/media?parent=114715"}],"wp:term":[{"taxonomy":"category","embeddable":true,"href":"https:\/\/www.deberes.net\/tesis\/wp-json\/wp\/v2\/categories?post=114715"},{"taxonomy":"post_tag","embeddable":true,"href":"https:\/\/www.deberes.net\/tesis\/wp-json\/wp\/v2\/tags?post=114715"}],"curies":[{"name":"wp","href":"https:\/\/api.w.org\/{rel}","templated":true}]}}