{"id":114731,"date":"2013-06-10T00:00:00","date_gmt":"2013-06-10T00:00:00","guid":{"rendered":"https:\/\/www.deberes.net\/tesis\/sin-categoria\/crisis-de-salud-publica-y-sus-formas-de-presentacion\/"},"modified":"2013-06-10T00:00:00","modified_gmt":"2013-06-10T00:00:00","slug":"crisis-de-salud-publica-y-sus-formas-de-presentacion","status":"publish","type":"post","link":"https:\/\/www.deberes.net\/tesis\/complutense-de-madrid\/crisis-de-salud-publica-y-sus-formas-de-presentacion\/","title":{"rendered":"Crisis de salud publica y sus formas de presentaci\u00f3n"},"content":{"rendered":"<h2>Tesis doctoral de <strong> Rafael Armando Diaz Sarmiento <\/strong><\/h2>\n<p>Introducci\u00f3n las crisis de salud p\u00fablica son nominadas por las autoridades y los medios de comunicaci\u00f3n y no por los profesionales sanitarios. No existe una definici\u00f3n precisa de crisis.  el objetivo principal de este trabajo es identificar los elementos para la definici\u00f3n de crisis de salud p\u00fablica y sus formas de presentaci\u00f3n, en la pr\u00e1ctica sanitaria espa\u00f1ola. materiales y m\u00e9todos  estudio en cuatro etapas. Revisi\u00f3n sistem\u00e1tica de la literatura para definir las crisis de salud p\u00fablica, sus factores generadores y sus formas de presentaci\u00f3n. M\u00e9todo del journal of the american medical association (jama).  segunda etapa. Estudio de consenso delphi sobre los elementos definitorios, los factores generadores y las formas de presentaci\u00f3n. Expertos  son profesionales de salud p\u00fablica, de las comunidades y ciudades aut\u00f3nomas espa\u00f1olas. Consenso igual percentil 60 de los expertos  muy de acuerdo, rango intercuart\u00edlico relativo de la segunda ronda menor de 0,35.   tercera etapa. Indicadores de crisis de salud p\u00fablica. Indicadores clasificados en cuatro grupos igual caracter\u00edsticas del problema, afectados y consecuencias, capacidad de gesti\u00f3n del problema y alarma social  generada. Se consider\u00f3 como crisis de salud p\u00fablica a los problemas con 24 puntos o m\u00e1s. Valores inferiores se consideraron alertas o emergencias de salud p\u00fablica. cuarta etapa. Comparaci\u00f3n con las definiciones institucionales de crisis de salud p\u00fablica de la sociedad espa\u00f1ola de salud p\u00fablica y administraci\u00f3n sanitaria (sespas), junta de andaluc\u00eda (consejer\u00eda de salud), agencia espa\u00f1ola de seguridad alimentaria y nutrici\u00f3n (aesan), oms europa, universidad de albany, escuela de salud p\u00fablica (uaesp) y uni\u00f3n europea (ue). Pruebas de mcnemar y de kappa. resultados tres listas, siete elementos definitorios, seis factores generadores y 16 formas de presentaci\u00f3n de las crisis de salud p\u00fablica.  la participaci\u00f3n a nivel nacional y regional fue de 16 (86por ciento) de 19 instituciones invitadas.  seis (60por ciento) de los 10 elementos propuestos para la definici\u00f3n, alcanzaron consenso igual situaci\u00f3n potencial o real de alto grado de inestabilidad e incertidumbre para las autoridades y la poblaci\u00f3n, existe una importante probabilidad de tener resultados muy negativos para la salud y la vida de las personas, situaci\u00f3n aguda, en eventos s\u00fabitos con impacto elevado e inmediato, implicaci\u00f3n o alarma social, difusi\u00f3n exagerada por los medios de comunicaci\u00f3n y requerimiento de toma r\u00e1pida de decisiones. tres (38por cien) de los ocho factores generadores de crisis de salud p\u00fablica, alcanzaron consenso igual ocurren incidentes, eventos, condiciones o agentes con potencial de da\u00f1o r\u00e1pido a la poblaci\u00f3n expuesta en magnitud suficiente, el sistema sanitario enfrenta un problema de salud sin antecedentes y para el cual no existen los conocimientos cient\u00edficos, la experiencia y la preparaci\u00f3n requeridos para su control y  falta de oportunidad y eficacia para controlar un problema sanitario en sus inicios. doce (71por cien) de las 17 formas de presentaci\u00f3n de crisis de salud p\u00fablica evaluadas, alcanzaron consenso. La de mayor nivel de consenso fue bioterrorismo. la expresi\u00f3n de los seis elementos para la definici\u00f3n de crisis de salud p\u00fablica consensuados, se observ\u00f3 en una serie de problemas sanitarios. Se construyeron trece indicadores, agrupados en cuatro grupos de an\u00e1lisis igual caracter\u00edsticas del problema, afectados y consecuencias, capacidad de gesti\u00f3n del problema y alarma social  generada.  los problemas valorados con puntaje de 24 o superior correspond\u00edan a crisis de salud p\u00fablica y aquellos con puntaje inferior correspond\u00edan a alertas o emergencias. en la comparaci\u00f3n de la clasificaci\u00f3n de crisis seg\u00fan los indicadores propuestos, con cada una de las definiciones institucionales, no se encontr\u00f3 diferencia significativa con las definiciones de sespas, aesan, oms europa, uaesp y ue, si se encontr\u00f3 con la definici\u00f3n de la junta de andaluc\u00eda.<\/p>\n<p>&nbsp;<\/p>\n<h3>Datos acad\u00e9micos de la tesis doctoral \u00ab<strong>Crisis de salud publica y sus formas de presentaci\u00f3n<\/strong>\u00ab<\/h3>\n<ul>\n<li><strong>T\u00edtulo de la tesis:<\/strong>\u00a0 Crisis de salud publica y sus formas de presentaci\u00f3n <\/li>\n<li><strong>Autor:<\/strong>\u00a0 Rafael Armando Diaz Sarmiento <\/li>\n<li><strong>Universidad:<\/strong>\u00a0 Complutense de Madrid<\/li>\n<li><strong>Fecha de lectura de la tesis:<\/strong>\u00a0 06\/10\/2013<\/li>\n<\/ul>\n<p>&nbsp;<\/p>\n<h3>Direcci\u00f3n y tribunal<\/h3>\n<ul>\n<li><strong>Director de la tesis<\/strong>\n<ul>\n<li>David Mart\u00ednez Hern\u00e1ndez<\/li>\n<\/ul>\n<\/li>\n<li><strong>Tribunal<\/strong>\n<ul>\n<li>Presidente del tribunal: jose Prieto prieto <\/li>\n<li>Jos\u00e9 ram\u00f3n Mendez montesino (vocal)<\/li>\n<li>Mar\u00eda  isabel Jimenez trujillo (vocal)<\/li>\n<li>Mar\u00eda Luisa Rodr\u00edguez de la pinta (vocal)<\/li>\n<\/ul>\n<\/li>\n<\/ul>\n<p>&nbsp;<\/p>\n","protected":false},"excerpt":{"rendered":"<p>Tesis doctoral de Rafael Armando Diaz Sarmiento Introducci\u00f3n las crisis de salud p\u00fablica son nominadas por las autoridades y los [&hellip;]<\/p>\n","protected":false},"author":1,"featured_media":0,"comment_status":"open","ping_status":"open","sticky":false,"template":"","format":"standard","meta":{"site-sidebar-layout":"default","site-content-layout":"","ast-site-content-layout":"","site-content-style":"default","site-sidebar-style":"default","ast-global-header-display":"","ast-banner-title-visibility":"","ast-main-header-display":"","ast-hfb-above-header-display":"","ast-hfb-below-header-display":"","ast-hfb-mobile-header-display":"","site-post-title":"","ast-breadcrumbs-content":"","ast-featured-img":"","footer-sml-layout":"","theme-transparent-header-meta":"","adv-header-id-meta":"","stick-header-meta":"","header-above-stick-meta":"","header-main-stick-meta":"","header-below-stick-meta":"","astra-migrate-meta-layouts":"default","ast-page-background-enabled":"default","ast-page-background-meta":{"desktop":{"background-color":"var(--ast-global-color-4)","background-image":"","background-repeat":"repeat","background-position":"center center","background-size":"auto","background-attachment":"scroll","background-type":"","background-media":"","overlay-type":"","overlay-color":"","overlay-gradient":""},"tablet":{"background-color":"","background-image":"","background-repeat":"repeat","background-position":"center center","background-size":"auto","background-attachment":"scroll","background-type":"","background-media":"","overlay-type":"","overlay-color":"","overlay-gradient":""},"mobile":{"background-color":"","background-image":"","background-repeat":"repeat","background-position":"center center","background-size":"auto","background-attachment":"scroll","background-type":"","background-media":"","overlay-type":"","overlay-color":"","overlay-gradient":""}},"ast-content-background-meta":{"desktop":{"background-color":"var(--ast-global-color-5)","background-image":"","background-repeat":"repeat","background-position":"center center","background-size":"auto","background-attachment":"scroll","background-type":"","background-media":"","overlay-type":"","overlay-color":"","overlay-gradient":""},"tablet":{"background-color":"var(--ast-global-color-5)","background-image":"","background-repeat":"repeat","background-position":"center center","background-size":"auto","background-attachment":"scroll","background-type":"","background-media":"","overlay-type":"","overlay-color":"","overlay-gradient":""},"mobile":{"background-color":"var(--ast-global-color-5)","background-image":"","background-repeat":"repeat","background-position":"center center","background-size":"auto","background-attachment":"scroll","background-type":"","background-media":"","overlay-type":"","overlay-color":"","overlay-gradient":""}},"footnotes":""},"categories":[986,1686],"tags":[74697,3474,153057,196080,225441,227298],"class_list":["post-114731","post","type-post","status-publish","format-standard","hentry","category-complutense-de-madrid","category-medicina-preventiva","tag-david-Martinez-hernandez","tag-jose-prieto-prieto","tag-jose-ramon-mendez-montesino","tag-maria-isabel-jimenez-trujillo","tag-maria-luisa-rodriguez-de-la-pinta","tag-rafael-armando-diaz-sarmiento"],"_links":{"self":[{"href":"https:\/\/www.deberes.net\/tesis\/wp-json\/wp\/v2\/posts\/114731","targetHints":{"allow":["GET"]}}],"collection":[{"href":"https:\/\/www.deberes.net\/tesis\/wp-json\/wp\/v2\/posts"}],"about":[{"href":"https:\/\/www.deberes.net\/tesis\/wp-json\/wp\/v2\/types\/post"}],"author":[{"embeddable":true,"href":"https:\/\/www.deberes.net\/tesis\/wp-json\/wp\/v2\/users\/1"}],"replies":[{"embeddable":true,"href":"https:\/\/www.deberes.net\/tesis\/wp-json\/wp\/v2\/comments?post=114731"}],"version-history":[{"count":0,"href":"https:\/\/www.deberes.net\/tesis\/wp-json\/wp\/v2\/posts\/114731\/revisions"}],"wp:attachment":[{"href":"https:\/\/www.deberes.net\/tesis\/wp-json\/wp\/v2\/media?parent=114731"}],"wp:term":[{"taxonomy":"category","embeddable":true,"href":"https:\/\/www.deberes.net\/tesis\/wp-json\/wp\/v2\/categories?post=114731"},{"taxonomy":"post_tag","embeddable":true,"href":"https:\/\/www.deberes.net\/tesis\/wp-json\/wp\/v2\/tags?post=114731"}],"curies":[{"name":"wp","href":"https:\/\/api.w.org\/{rel}","templated":true}]}}