{"id":114771,"date":"2018-03-11T10:42:56","date_gmt":"2018-03-11T10:42:56","guid":{"rendered":"https:\/\/www.deberes.net\/tesis\/sin-categoria\/comunidades-de-aprendizaje-en-el-paa%c2%ads-vasco-procesos-formativos-en-centros-educativos-de-colombia-para-el-cambio\/"},"modified":"2018-03-11T10:42:56","modified_gmt":"2018-03-11T10:42:56","slug":"comunidades-de-aprendizaje-en-el-paa%c2%ads-vasco-procesos-formativos-en-centros-educativos-de-colombia-para-el-cambio","status":"publish","type":"post","link":"https:\/\/www.deberes.net\/tesis\/organizacion-y-direccion-de-las-instituciones-educativas\/comunidades-de-aprendizaje-en-el-paa%c2%ads-vasco-procesos-formativos-en-centros-educativos-de-colombia-para-el-cambio\/","title":{"rendered":"Comunidades de aprendizaje en el pa\u00eds vasco. procesos formativos en centros educativos de colombia para el cambio"},"content":{"rendered":"<h2>Tesis doctoral de <strong> Martha Cecilia Cadena Chala <\/strong><\/h2>\n<p>Las comunidades de aprendizaje, es un proyecto, de transformaci\u00f3n social y cultural de centros educativos; dirigido a la superaci\u00f3n del fracaso escolar y eliminaci\u00f3n de conflictos. Este proyecto se distingue por una apuesta por el aprendizaje dial\u00f3gico, una convivencia democr\u00e1tica y solidaria, que aporte a otros dise\u00f1os educativos.A partir de este argumento, el inter\u00e9s central de esta investigaci\u00f3n, es conocer, las caracter\u00edsticas y pr\u00e1cticas que determinan el tema en cuesti\u00f3n. Contenido comparable en tres centros educativos en el pa\u00eds vasco. El conocimiento de esta experiencia se orienta a profesores con el inicio de procesos formativos y de cambio, en algunos centros educativos de secundaria en colombia.Proyecto que apuesta por responder a los retos de la escuela en el siglo xxi, en atenci\u00f3n a la diversidad y pluralidad de los ni\u00f1os y ni\u00f1as; la igualdad educativa en el marco de la sociedad de la informaci\u00f3n en dos contextos diferentes, el pa\u00eds vasco y colombia. Con el fin de mejorar la pr\u00e1ctica educativa y cualificar en los profesores su compromiso social, que inicia en el aula.<\/p>\n<p>&nbsp;<\/p>\n<h3>Datos acad\u00e9micos de la tesis doctoral \u00ab<strong>Comunidades de aprendizaje en el pa\u00eds vasco. procesos formativos en centros educativos de colombia para el cambio<\/strong>\u00ab<\/h3>\n<ul>\n<li><strong>T\u00edtulo de la tesis:<\/strong>\u00a0 Comunidades de aprendizaje en el pa\u00eds vasco. procesos formativos en centros educativos de colombia para el cambio <\/li>\n<li><strong>Autor:<\/strong>\u00a0 Martha Cecilia Cadena Chala <\/li>\n<li><strong>Universidad:<\/strong>\u00a0 Pa\u00eds vasco\/euskal herriko unibertsitatea<\/li>\n<li><strong>Fecha de lectura de la tesis:<\/strong>\u00a0 18\/10\/2013<\/li>\n<\/ul>\n<p>&nbsp;<\/p>\n<h3>Direcci\u00f3n y tribunal<\/h3>\n<ul>\n<li><strong>Director de la tesis<\/strong>\n<ul>\n<li>Jos\u00e9 Ram\u00f3n Orcasitas Garc\u00eda<\/li>\n<\/ul>\n<\/li>\n<li><strong>Tribunal<\/strong>\n<ul>\n<li>Presidente del tribunal: Francisco Jim\u00e9nez mart\u00ednez <\/li>\n<li>joan jordi Muntaner guasp (vocal)<\/li>\n<li>ramon Flecha garcia (vocal)<\/li>\n<li>felix Etxeberria balerdi (vocal)<\/li>\n<\/ul>\n<\/li>\n<\/ul>\n<p>&nbsp;<\/p>\n","protected":false},"excerpt":{"rendered":"<p>Tesis doctoral de Martha Cecilia Cadena Chala Las comunidades de aprendizaje, es un proyecto, de transformaci\u00f3n social y cultural de [&hellip;]<\/p>\n","protected":false},"author":1,"featured_media":0,"comment_status":"open","ping_status":"open","sticky":false,"template":"","format":"standard","meta":{"site-sidebar-layout":"default","site-content-layout":"","ast-site-content-layout":"","site-content-style":"default","site-sidebar-style":"default","ast-global-header-display":"","ast-banner-title-visibility":"","ast-main-header-display":"","ast-hfb-above-header-display":"","ast-hfb-below-header-display":"","ast-hfb-mobile-header-display":"","site-post-title":"","ast-breadcrumbs-content":"","ast-featured-img":"","footer-sml-layout":"","theme-transparent-header-meta":"","adv-header-id-meta":"","stick-header-meta":"","header-above-stick-meta":"","header-main-stick-meta":"","header-below-stick-meta":"","astra-migrate-meta-layouts":"default","ast-page-background-enabled":"default","ast-page-background-meta":{"desktop":{"background-color":"var(--ast-global-color-4)","background-image":"","background-repeat":"repeat","background-position":"center center","background-size":"auto","background-attachment":"scroll","background-type":"","background-media":"","overlay-type":"","overlay-color":"","overlay-gradient":""},"tablet":{"background-color":"","background-image":"","background-repeat":"repeat","background-position":"center center","background-size":"auto","background-attachment":"scroll","background-type":"","background-media":"","overlay-type":"","overlay-color":"","overlay-gradient":""},"mobile":{"background-color":"","background-image":"","background-repeat":"repeat","background-position":"center center","background-size":"auto","background-attachment":"scroll","background-type":"","background-media":"","overlay-type":"","overlay-color":"","overlay-gradient":""}},"ast-content-background-meta":{"desktop":{"background-color":"var(--ast-global-color-5)","background-image":"","background-repeat":"repeat","background-position":"center center","background-size":"auto","background-attachment":"scroll","background-type":"","background-media":"","overlay-type":"","overlay-color":"","overlay-gradient":""},"tablet":{"background-color":"var(--ast-global-color-5)","background-image":"","background-repeat":"repeat","background-position":"center center","background-size":"auto","background-attachment":"scroll","background-type":"","background-media":"","overlay-type":"","overlay-color":"","overlay-gradient":""},"mobile":{"background-color":"var(--ast-global-color-5)","background-image":"","background-repeat":"repeat","background-position":"center center","background-size":"auto","background-attachment":"scroll","background-type":"","background-media":"","overlay-type":"","overlay-color":"","overlay-gradient":""}},"footnotes":""},"categories":[7611,12909],"tags":[12961,14183,38039,12962,227354,13046],"class_list":["post-114771","post","type-post","status-publish","format-standard","hentry","category-organizacion-y-direccion-de-las-instituciones-educativas","category-pais-vasco-euskal-herriko-unibertsitatea","tag-felix-etxeberria-balerdi","tag-francisco-jimenez-Martinez","tag-joan-jordi-muntaner-guasp","tag-jose-ramon-orcasitas-garcia","tag-martha-cecilia-cadena-chala","tag-ramon-flecha-garcia"],"_links":{"self":[{"href":"https:\/\/www.deberes.net\/tesis\/wp-json\/wp\/v2\/posts\/114771","targetHints":{"allow":["GET"]}}],"collection":[{"href":"https:\/\/www.deberes.net\/tesis\/wp-json\/wp\/v2\/posts"}],"about":[{"href":"https:\/\/www.deberes.net\/tesis\/wp-json\/wp\/v2\/types\/post"}],"author":[{"embeddable":true,"href":"https:\/\/www.deberes.net\/tesis\/wp-json\/wp\/v2\/users\/1"}],"replies":[{"embeddable":true,"href":"https:\/\/www.deberes.net\/tesis\/wp-json\/wp\/v2\/comments?post=114771"}],"version-history":[{"count":0,"href":"https:\/\/www.deberes.net\/tesis\/wp-json\/wp\/v2\/posts\/114771\/revisions"}],"wp:attachment":[{"href":"https:\/\/www.deberes.net\/tesis\/wp-json\/wp\/v2\/media?parent=114771"}],"wp:term":[{"taxonomy":"category","embeddable":true,"href":"https:\/\/www.deberes.net\/tesis\/wp-json\/wp\/v2\/categories?post=114771"},{"taxonomy":"post_tag","embeddable":true,"href":"https:\/\/www.deberes.net\/tesis\/wp-json\/wp\/v2\/tags?post=114771"}],"curies":[{"name":"wp","href":"https:\/\/api.w.org\/{rel}","templated":true}]}}