{"id":114884,"date":"2018-03-11T10:43:10","date_gmt":"2018-03-11T10:43:10","guid":{"rendered":"https:\/\/www.deberes.net\/tesis\/sin-categoria\/cla%c2%adnica-psicoanala%c2%adtica-infantil-efectos-de-la-escucha-y-la-palabra\/"},"modified":"2018-03-11T10:43:10","modified_gmt":"2018-03-11T10:43:10","slug":"cla%c2%adnica-psicoanala%c2%adtica-infantil-efectos-de-la-escucha-y-la-palabra","status":"publish","type":"post","link":"https:\/\/www.deberes.net\/tesis\/complutense-de-madrid\/cla%c2%adnica-psicoanala%c2%adtica-infantil-efectos-de-la-escucha-y-la-palabra\/","title":{"rendered":"Cl\u00ednica psicoanal\u00edtica infantil: efectos de la escucha y la palabra"},"content":{"rendered":"<h2>Tesis doctoral de <strong> M\u00f3nica Bagnarello Arguello <\/strong><\/h2>\n<p>La propuesta  de la tesis es mostrar los alcances de la teor\u00eda psicoanal\u00edtica en especial lo referente a la escucha  y la palabra del psicoanalista, en una aplicaci\u00f3n cl\u00ednica con  ni\u00f1os y ni\u00f1as. Se pretende contribuir  y demostrar que el psicoan\u00e1lisis es una alternativa efectiva  en el tratamiento con ni\u00f1os. La escucha psicoanal\u00edtica es un instrumento eficaz para el tratamiento de los trastornos ps\u00edquicos y los recursos con los que cuenta son herramientas efectivas y apropiadas para el trabajo con ni\u00f1os.La pregunta por el sujeto se hace necesaria. La globalizaci\u00f3n de las neurociencias hoy d\u00eda ha borrado poco a poco la historia de cada sujeto y su particularidad. Los tratamientos psicoterap\u00e9uticos deber\u00edan no perder de vista esa distinci\u00f3n subjetiva de cada cual.Por medio del estudio de casos publicados y vi\u00f1etas cl\u00ednicas, se pretende ilustrar como el psicoan\u00e1lisis opera en la cl\u00ednica infantil.<\/p>\n<p>&nbsp;<\/p>\n<h3>Datos acad\u00e9micos de la tesis doctoral \u00ab<strong>Cl\u00ednica psicoanal\u00edtica infantil: efectos de la escucha y la palabra<\/strong>\u00ab<\/h3>\n<ul>\n<li><strong>T\u00edtulo de la tesis:<\/strong>\u00a0 Cl\u00ednica psicoanal\u00edtica infantil: efectos de la escucha y la palabra <\/li>\n<li><strong>Autor:<\/strong>\u00a0 M\u00f3nica Bagnarello Arguello <\/li>\n<li><strong>Universidad:<\/strong>\u00a0 Complutense de Madrid<\/li>\n<li><strong>Fecha de lectura de la tesis:<\/strong>\u00a0 21\/11\/2013<\/li>\n<\/ul>\n<p>&nbsp;<\/p>\n<h3>Direcci\u00f3n y tribunal<\/h3>\n<ul>\n<li><strong>Director de la tesis<\/strong>\n<ul>\n<li>Jos\u00e9 Miguel Marinas Herreras<\/li>\n<\/ul>\n<\/li>\n<li><strong>Tribunal<\/strong>\n<ul>\n<li>Presidente del tribunal: gerardo Guti\u00e9rrez s\u00e1nchez <\/li>\n<li>stella Villarmea requejo (vocal)<\/li>\n<li>Mar\u00eda  Jos\u00e9 Sanchez leyva (vocal)<\/li>\n<li>Juan a Rubio romero (vocal)<\/li>\n<\/ul>\n<\/li>\n<\/ul>\n<p>&nbsp;<\/p>\n","protected":false},"excerpt":{"rendered":"<p>Tesis doctoral de M\u00f3nica Bagnarello Arguello La propuesta de la tesis es mostrar los alcances de la teor\u00eda psicoanal\u00edtica en [&hellip;]<\/p>\n","protected":false},"author":1,"featured_media":0,"comment_status":"open","ping_status":"open","sticky":false,"template":"","format":"standard","meta":{"site-sidebar-layout":"default","site-content-layout":"","ast-site-content-layout":"","site-content-style":"default","site-sidebar-style":"default","ast-global-header-display":"","ast-banner-title-visibility":"","ast-main-header-display":"","ast-hfb-above-header-display":"","ast-hfb-below-header-display":"","ast-hfb-mobile-header-display":"","site-post-title":"","ast-breadcrumbs-content":"","ast-featured-img":"","footer-sml-layout":"","theme-transparent-header-meta":"","adv-header-id-meta":"","stick-header-meta":"","header-above-stick-meta":"","header-main-stick-meta":"","header-below-stick-meta":"","astra-migrate-meta-layouts":"default","ast-page-background-enabled":"default","ast-page-background-meta":{"desktop":{"background-color":"var(--ast-global-color-4)","background-image":"","background-repeat":"repeat","background-position":"center center","background-size":"auto","background-attachment":"scroll","background-type":"","background-media":"","overlay-type":"","overlay-color":"","overlay-gradient":""},"tablet":{"background-color":"","background-image":"","background-repeat":"repeat","background-position":"center center","background-size":"auto","background-attachment":"scroll","background-type":"","background-media":"","overlay-type":"","overlay-color":"","overlay-gradient":""},"mobile":{"background-color":"","background-image":"","background-repeat":"repeat","background-position":"center center","background-size":"auto","background-attachment":"scroll","background-type":"","background-media":"","overlay-type":"","overlay-color":"","overlay-gradient":""}},"ast-content-background-meta":{"desktop":{"background-color":"var(--ast-global-color-5)","background-image":"","background-repeat":"repeat","background-position":"center center","background-size":"auto","background-attachment":"scroll","background-type":"","background-media":"","overlay-type":"","overlay-color":"","overlay-gradient":""},"tablet":{"background-color":"var(--ast-global-color-5)","background-image":"","background-repeat":"repeat","background-position":"center center","background-size":"auto","background-attachment":"scroll","background-type":"","background-media":"","overlay-type":"","overlay-color":"","overlay-gradient":""},"mobile":{"background-color":"var(--ast-global-color-5)","background-image":"","background-repeat":"repeat","background-position":"center center","background-size":"auto","background-attachment":"scroll","background-type":"","background-media":"","overlay-type":"","overlay-color":"","overlay-gradient":""}},"footnotes":""},"categories":[4264,986],"tags":[32437,34964,131382,78090,227532,142538],"class_list":["post-114884","post","type-post","status-publish","format-standard","hentry","category-asesoramiento-y-orientacion-psicologicas","category-complutense-de-madrid","tag-gerardo-gutierrez-sanchez","tag-jose-miguel-marinas-herreras","tag-juan-a-rubio-romero","tag-maria-jose-sanchez-leyva","tag-monica-bagnarello-argaello","tag-stella-villarmea-requejo"],"_links":{"self":[{"href":"https:\/\/www.deberes.net\/tesis\/wp-json\/wp\/v2\/posts\/114884","targetHints":{"allow":["GET"]}}],"collection":[{"href":"https:\/\/www.deberes.net\/tesis\/wp-json\/wp\/v2\/posts"}],"about":[{"href":"https:\/\/www.deberes.net\/tesis\/wp-json\/wp\/v2\/types\/post"}],"author":[{"embeddable":true,"href":"https:\/\/www.deberes.net\/tesis\/wp-json\/wp\/v2\/users\/1"}],"replies":[{"embeddable":true,"href":"https:\/\/www.deberes.net\/tesis\/wp-json\/wp\/v2\/comments?post=114884"}],"version-history":[{"count":0,"href":"https:\/\/www.deberes.net\/tesis\/wp-json\/wp\/v2\/posts\/114884\/revisions"}],"wp:attachment":[{"href":"https:\/\/www.deberes.net\/tesis\/wp-json\/wp\/v2\/media?parent=114884"}],"wp:term":[{"taxonomy":"category","embeddable":true,"href":"https:\/\/www.deberes.net\/tesis\/wp-json\/wp\/v2\/categories?post=114884"},{"taxonomy":"post_tag","embeddable":true,"href":"https:\/\/www.deberes.net\/tesis\/wp-json\/wp\/v2\/tags?post=114884"}],"curies":[{"name":"wp","href":"https:\/\/api.w.org\/{rel}","templated":true}]}}