{"id":11497,"date":"2018-03-09T08:56:53","date_gmt":"2018-03-09T08:56:53","guid":{"rendered":"https:\/\/www.deberes.net\/tesis\/sin-categoria\/aproximacion-a-la-literatura-oral-ngemba-bansoa-del-oeste-de-camerun-generos-y-analisis\/"},"modified":"2018-03-09T08:56:53","modified_gmt":"2018-03-09T08:56:53","slug":"aproximacion-a-la-literatura-oral-ngemba-bansoa-del-oeste-de-camerun-generos-y-analisis","status":"publish","type":"post","link":"https:\/\/www.deberes.net\/tesis\/linguistica\/aproximacion-a-la-literatura-oral-ngemba-bansoa-del-oeste-de-camerun-generos-y-analisis\/","title":{"rendered":"Aproximaci\u00f3n a la literatura oral ngemba\/b\u00e1nsoa del oeste de camer\u00fan: g\u00e9neros y an\u00e1lisis"},"content":{"rendered":"<h2>Tesis doctoral de <strong>  Magneche Nde Celine Clemence <\/strong><\/h2>\n<p>La segunda es el corpus de los textos recogidos en la lengua ngemba, es decir, los cuentos, los mitos, las leyendas, los casos, los proverbios, las adivinanzas, los antrop\u00f3nimos, los juramentos f\u00fanebres, los encantamientos.  la primera parte est\u00e1 dedicada al an\u00e1lisis de dichos textos tomando como punto de partida el m\u00e9todo hist\u00f3rico-geogr\u00e1fico acu\u00f1ado por aarne stith thompson. Al darnos cuenta de que dicho m\u00e9todo, indispensable porque permite manejar un material tan abigarrado, s\u00f3lo nos permit\u00eda comprobar que los cuentos del mundo entero se parecen, y no nos ayudaba a comprenderlos, tuvimos que recorrer al m\u00e9todo formalista de vladimir propp que luego retom\u00f3 y desarroll\u00f3 denise paulme para aplicarlo a los cuentos africanos. \u00e9ste nos ha permitido no s\u00f3lo clasificar los textos recogidos a partir de su estructura, sino tambi\u00e9n y sobre clasificar los textos recogidos a partir de su estructura, sino tambi\u00e9n y sobre todo aprender sus sentidos a partir de aquellas estructuras porque, lejos de ser una combinaci\u00f3n azarosa, aquellos microrelatos son est\u00e9ticamente bien montados y no de manera desordenada, sino en miras a alcanzar un objetivo, comunicar un mensaje.  el objetivo del an\u00e1lisis era intentar comprender las respuestas que ese pueblo del oeste de camer\u00fan da a los problemas y cuestiones existenciales, acceder a su filosof\u00eda cultural, su ideolog\u00eda, su visi\u00f3n del mundo y cosmogon\u00eda basadas sobre un fundamental contraste \u00e9tico -el dualismo entre el bien y el mal-, el respeto de la naturaleza y la veneraci\u00f3n de los antepasados sin lo cuales los vivos no son nada. Una vez llegados al t\u00e9rmino de aquel an\u00e1lisis, nos damos cuenta de que ese pueblo, que vive vuelto hacia el pasado, \u00fanica realidad permanente y verdadera para ellos, se sirve constante e incasablemente de ese pasado -que repite mediante ritos y rituales, anulando por el mismo hecho el tiempo trasncurrido desde los tiempos primigeniso-, y eso a pesar de los<\/p>\n<p>&nbsp;<\/p>\n<h3>Datos acad\u00e9micos de la tesis doctoral \u00ab<strong>Aproximaci\u00f3n a la literatura oral ngemba\/b\u00e1nsoa del oeste de camer\u00fan: g\u00e9neros y an\u00e1lisis<\/strong>\u00ab<\/h3>\n<ul>\n<li><strong>T\u00edtulo de la tesis:<\/strong>\u00a0 Aproximaci\u00f3n a la literatura oral ngemba\/b\u00e1nsoa del oeste de camer\u00fan: g\u00e9neros y an\u00e1lisis <\/li>\n<li><strong>Autor:<\/strong>\u00a0  Magneche Nde Celine Clemence <\/li>\n<li><strong>Universidad:<\/strong>\u00a0 Zaragoza<\/li>\n<li><strong>Fecha de lectura de la tesis:<\/strong>\u00a0 21\/06\/2001<\/li>\n<\/ul>\n<p>&nbsp;<\/p>\n<h3>Direcci\u00f3n y tribunal<\/h3>\n<ul>\n<li><strong>Director de la tesis<\/strong>\n<ul>\n<li>Luis Beltran Almer\u00eda<\/li>\n<\/ul>\n<\/li>\n<li><strong>Tribunal<\/strong>\n<ul>\n<li>Presidente del tribunal: carmelo Lison tolosana <\/li>\n<li>Jes\u00fas Lacarra Mar\u00eda (vocal)<\/li>\n<li> Mart\u00edn zorraquino Mar\u00eda antonia (vocal)<\/li>\n<li>Manuel Pedrosa jose (vocal)<\/li>\n<\/ul>\n<\/li>\n<\/ul>\n<p>&nbsp;<\/p>\n","protected":false},"excerpt":{"rendered":"<p>Tesis doctoral de Magneche Nde Celine Clemence La segunda es el corpus de los textos recogidos en la lengua ngemba, [&hellip;]<\/p>\n","protected":false},"author":1,"featured_media":0,"comment_status":"open","ping_status":"open","sticky":false,"template":"","format":"standard","meta":{"site-sidebar-layout":"default","site-content-layout":"","ast-site-content-layout":"","site-content-style":"default","site-sidebar-style":"default","ast-global-header-display":"","ast-banner-title-visibility":"","ast-main-header-display":"","ast-hfb-above-header-display":"","ast-hfb-below-header-display":"","ast-hfb-mobile-header-display":"","site-post-title":"","ast-breadcrumbs-content":"","ast-featured-img":"","footer-sml-layout":"","theme-transparent-header-meta":"","adv-header-id-meta":"","stick-header-meta":"","header-above-stick-meta":"","header-main-stick-meta":"","header-below-stick-meta":"","astra-migrate-meta-layouts":"default","ast-page-background-enabled":"default","ast-page-background-meta":{"desktop":{"background-color":"var(--ast-global-color-4)","background-image":"","background-repeat":"repeat","background-position":"center center","background-size":"auto","background-attachment":"scroll","background-type":"","background-media":"","overlay-type":"","overlay-color":"","overlay-gradient":""},"tablet":{"background-color":"","background-image":"","background-repeat":"repeat","background-position":"center center","background-size":"auto","background-attachment":"scroll","background-type":"","background-media":"","overlay-type":"","overlay-color":"","overlay-gradient":""},"mobile":{"background-color":"","background-image":"","background-repeat":"repeat","background-position":"center center","background-size":"auto","background-attachment":"scroll","background-type":"","background-media":"","overlay-type":"","overlay-color":"","overlay-gradient":""}},"ast-content-background-meta":{"desktop":{"background-color":"var(--ast-global-color-5)","background-image":"","background-repeat":"repeat","background-position":"center center","background-size":"auto","background-attachment":"scroll","background-type":"","background-media":"","overlay-type":"","overlay-color":"","overlay-gradient":""},"tablet":{"background-color":"var(--ast-global-color-5)","background-image":"","background-repeat":"repeat","background-position":"center center","background-size":"auto","background-attachment":"scroll","background-type":"","background-media":"","overlay-type":"","overlay-color":"","overlay-gradient":""},"mobile":{"background-color":"var(--ast-global-color-5)","background-image":"","background-repeat":"repeat","background-position":"center center","background-size":"auto","background-attachment":"scroll","background-type":"","background-media":"","overlay-type":"","overlay-color":"","overlay-gradient":""}},"footnotes":""},"categories":[104,713,222,59,3016,13610],"tags":[12921,37781,37780,37779,37783,37782],"class_list":["post-11497","post","type-post","status-publish","format-standard","hentry","category-historia","category-historia-de-la-literatura","category-historias-especializadas","category-linguistica","category-teoria-linguistica","category-zaragoza","tag-carmelo-lison-tolosana","tag-jesus-lacarra-maria","tag-luis-beltran-almeria","tag-magneche-nde-celine-clemence","tag-manuel-pedrosa-jose","tag-martin-zorraquino-maria-antonia"],"_links":{"self":[{"href":"https:\/\/www.deberes.net\/tesis\/wp-json\/wp\/v2\/posts\/11497","targetHints":{"allow":["GET"]}}],"collection":[{"href":"https:\/\/www.deberes.net\/tesis\/wp-json\/wp\/v2\/posts"}],"about":[{"href":"https:\/\/www.deberes.net\/tesis\/wp-json\/wp\/v2\/types\/post"}],"author":[{"embeddable":true,"href":"https:\/\/www.deberes.net\/tesis\/wp-json\/wp\/v2\/users\/1"}],"replies":[{"embeddable":true,"href":"https:\/\/www.deberes.net\/tesis\/wp-json\/wp\/v2\/comments?post=11497"}],"version-history":[{"count":0,"href":"https:\/\/www.deberes.net\/tesis\/wp-json\/wp\/v2\/posts\/11497\/revisions"}],"wp:attachment":[{"href":"https:\/\/www.deberes.net\/tesis\/wp-json\/wp\/v2\/media?parent=11497"}],"wp:term":[{"taxonomy":"category","embeddable":true,"href":"https:\/\/www.deberes.net\/tesis\/wp-json\/wp\/v2\/categories?post=11497"},{"taxonomy":"post_tag","embeddable":true,"href":"https:\/\/www.deberes.net\/tesis\/wp-json\/wp\/v2\/tags?post=11497"}],"curies":[{"name":"wp","href":"https:\/\/api.w.org\/{rel}","templated":true}]}}