{"id":115030,"date":"2018-03-11T10:43:21","date_gmt":"2018-03-11T10:43:21","guid":{"rendered":"https:\/\/www.deberes.net\/tesis\/sin-categoria\/la-productividad-de-los-trabajadores-y-la-polarizacion-salarial-en-espana-un-analisis-desde-el-punto-de-vista-de-educacion\/"},"modified":"2018-03-11T10:43:21","modified_gmt":"2018-03-11T10:43:21","slug":"la-productividad-de-los-trabajadores-y-la-polarizacion-salarial-en-espana-un-analisis-desde-el-punto-de-vista-de-educacion","status":"publish","type":"post","link":"https:\/\/www.deberes.net\/tesis\/teoria-del-crecimiento-economico\/la-productividad-de-los-trabajadores-y-la-polarizacion-salarial-en-espana-un-analisis-desde-el-punto-de-vista-de-educacion\/","title":{"rendered":"La productividad de los trabajadores y la polarizaci\u00f3n salarial en espa\u00f1a. un an\u00e1lisis desde el punto de vista de educaci\u00f3n"},"content":{"rendered":"<h2>Tesis doctoral de <strong> Ana Karina Alfaro Moreno <\/strong><\/h2>\n<p>El objetivo principal de esta tesis doctoral es el an\u00e1lisis de varios aspectos importantes de la realidad econ\u00f3mica espa\u00f1ola entre 2004-2010. Como este per\u00edodo comprende dos etapas diferenciadas, una de expansi\u00f3n y otra de desaceleraci\u00f3n econ\u00f3mica, el desarrollo de la investigaci\u00f3n se ha dividido en tres etapas. En la primera, se estudia un aspecto que se considera de vital importancia en las \u00e9pocas de crecimiento: la productividad. En este estudio, en particular, se obtienen las productividades de los trabajadores (clasificados por nivel educativo en cualificados y no cualificados) de las distintas comunidades aut\u00f3nomas espa\u00f1olas y a partir de ellas se estudian las diferencias tecnol\u00f3gicas entre estas regiones en 2007 (a\u00f1o en el que en espa\u00f1a se alcanza la tasa de paro m\u00e1s baja en la \u00e9poca de la democracia). Asimismo, con el objetivo de esbozar un marco para el dise\u00f1o de pol\u00edticas p\u00fablicas destinadas al crecimiento de las regiones espa\u00f1olas, se analiza la relaci\u00f3n entre las productividades obtenidas y las variables que se considera que las influencian m\u00e1s claramente (como variables de \u00edndole tecnol\u00f3gica). En esta secci\u00f3n, se encuentra evidencia a favor de la teor\u00eda de la tecnolog\u00eda apropiada o end\u00f3gena, es decir, acorde a la dotaci\u00f3n de factores de cada regi\u00f3n, tanto a nivel regional como empresarial. As\u00ed, se considera que el mejor camino para impulsar la innovaci\u00f3n es la diferenciaci\u00f3n de la misma, es decir, tanto las innovaciones como la tecnolog\u00eda deben adecuarse a la dotaci\u00f3n de factores de cada regi\u00f3n para sacar el mayor provecho de los mismos.Dadas las altas tasas de desempleo que se empezaron a registrar en espa\u00f1a a partir de 2008 y el gran descontento y tensi\u00f3n social que ello genera, en la segunda parte de este estudio, se analiza la evoluci\u00f3n de la polarizaci\u00f3n salarial en espa\u00f1a entre 2004 y 2010. Para ello, se propone una metodolog\u00eda, con la utilizaci\u00f3n de distribuciones mixtas, que considera a los desempleados como un grupo diferenciado del resto de trabajadores. A su vez, se obtienen \u00edndices de polarizaci\u00f3n por grupos y de polarizaci\u00f3n explicada, con el objetivo de estudiar la relaci\u00f3n entre las distintas caracter\u00edsticas de los individuos (como la educaci\u00f3n o el tipo de contrato laboral) y la polarizaci\u00f3n que estas caracter\u00edsticas generan, en el primer caso, y cu\u00e1nto de la polarizaci\u00f3n salarial se debe a estas caracter\u00edsticas, en el segundo caso.  En esta secci\u00f3n, como era de esperar, todos los \u00edndices presentan una tendencia negativa hasta 2007 y un cambio de tendencia en 2008. Si bien la metodolog\u00eda propuesta no muestra mayores valores de polarizaci\u00f3n, al utilizarlo en el c\u00f3mputo de la polarizaci\u00f3n por grupos y la polarizaci\u00f3n explicada, los resultados que se obtienen son m\u00e1s coherentes con las caracter\u00edsticas que se eval\u00faan, es decir, al desagregar a los desempleados en el c\u00e1lculo de la polarizaci\u00f3n, las caracter\u00edsticas de los individuos explican mejor la polarizaci\u00f3n salarial existente.Finalmente, con el objetivo de brindar nueva evidencia emp\u00edrica a la literatura que analiza la relaci\u00f3n entre la distribuci\u00f3n de ingresos de los individuos y el crecimiento econ\u00f3mico de las regiones, en la \u00faltima secci\u00f3n de esta investigaci\u00f3n, se estudia la relaci\u00f3n entre la polarizaci\u00f3n salarial y la productividad, especialmente la de los trabajadores, en las comunidades aut\u00f3nomas espa\u00f1olas entre 2004 y 2010. De este an\u00e1lisis, se concluye que la polarizaci\u00f3n salarial afecta positivamente a los trabajadores cualificados y de manera negativa a los trabajadores no cualificados<\/p>\n<p>&nbsp;<\/p>\n<h3>Datos acad\u00e9micos de la tesis doctoral \u00ab<strong>La productividad de los trabajadores y la polarizaci\u00f3n salarial en espa\u00f1a. un an\u00e1lisis desde el punto de vista de educaci\u00f3n<\/strong>\u00ab<\/h3>\n<ul>\n<li><strong>T\u00edtulo de la tesis:<\/strong>\u00a0 La productividad de los trabajadores y la polarizaci\u00f3n salarial en espa\u00f1a. un an\u00e1lisis desde el punto de vista de educaci\u00f3n <\/li>\n<li><strong>Autor:<\/strong>\u00a0 Ana Karina Alfaro Moreno <\/li>\n<li><strong>Universidad:<\/strong>\u00a0 Alcal\u00e1<\/li>\n<li><strong>Fecha de lectura de la tesis:<\/strong>\u00a0 17\/12\/2013<\/li>\n<\/ul>\n<p>&nbsp;<\/p>\n<h3>Direcci\u00f3n y tribunal<\/h3>\n<ul>\n<li><strong>Director de la tesis<\/strong>\n<ul>\n<li>Jos\u00e9 Javier N\u00fa\u00f1ez Vel\u00e1zquez<\/li>\n<\/ul>\n<\/li>\n<li><strong>Tribunal<\/strong>\n<ul>\n<li>Presidente del tribunal: Juan  ramon Cuadrado roura <\/li>\n<li>Santiago Miguel uceta (vocal)<\/li>\n<li>Luisa fernanda Bernat d\u00edaz (vocal)<\/li>\n<li>irene Albarr\u00e1n lozano (vocal)<\/li>\n<\/ul>\n<\/li>\n<\/ul>\n<p>&nbsp;<\/p>\n","protected":false},"excerpt":{"rendered":"<p>Tesis doctoral de Ana Karina Alfaro Moreno El objetivo principal de esta tesis doctoral es el an\u00e1lisis de varios aspectos [&hellip;]<\/p>\n","protected":false},"author":1,"featured_media":0,"comment_status":"open","ping_status":"open","sticky":false,"template":"","format":"standard","meta":{"site-sidebar-layout":"default","site-content-layout":"","ast-site-content-layout":"","site-content-style":"default","site-sidebar-style":"default","ast-global-header-display":"","ast-banner-title-visibility":"","ast-main-header-display":"","ast-hfb-above-header-display":"","ast-hfb-below-header-display":"","ast-hfb-mobile-header-display":"","site-post-title":"","ast-breadcrumbs-content":"","ast-featured-img":"","footer-sml-layout":"","theme-transparent-header-meta":"","adv-header-id-meta":"","stick-header-meta":"","header-above-stick-meta":"","header-main-stick-meta":"","header-below-stick-meta":"","astra-migrate-meta-layouts":"default","ast-page-background-enabled":"default","ast-page-background-meta":{"desktop":{"background-color":"var(--ast-global-color-4)","background-image":"","background-repeat":"repeat","background-position":"center center","background-size":"auto","background-attachment":"scroll","background-type":"","background-media":"","overlay-type":"","overlay-color":"","overlay-gradient":""},"tablet":{"background-color":"","background-image":"","background-repeat":"repeat","background-position":"center center","background-size":"auto","background-attachment":"scroll","background-type":"","background-media":"","overlay-type":"","overlay-color":"","overlay-gradient":""},"mobile":{"background-color":"","background-image":"","background-repeat":"repeat","background-position":"center center","background-size":"auto","background-attachment":"scroll","background-type":"","background-media":"","overlay-type":"","overlay-color":"","overlay-gradient":""}},"ast-content-background-meta":{"desktop":{"background-color":"var(--ast-global-color-5)","background-image":"","background-repeat":"repeat","background-position":"center center","background-size":"auto","background-attachment":"scroll","background-type":"","background-media":"","overlay-type":"","overlay-color":"","overlay-gradient":""},"tablet":{"background-color":"var(--ast-global-color-5)","background-image":"","background-repeat":"repeat","background-position":"center center","background-size":"auto","background-attachment":"scroll","background-type":"","background-media":"","overlay-type":"","overlay-color":"","overlay-gradient":""},"mobile":{"background-color":"var(--ast-global-color-5)","background-image":"","background-repeat":"repeat","background-position":"center center","background-size":"auto","background-attachment":"scroll","background-type":"","background-media":"","overlay-type":"","overlay-color":"","overlay-gradient":""}},"footnotes":""},"categories":[17426,2207,1068,9310,890],"tags":[227754,54525,43337,11760,200661,227755],"class_list":["post-115030","post","type-post","status-publish","format-standard","hentry","category-alcala","category-analisis-de-datos","category-estadistica-economica","category-indicadores-economicos","category-teoria-del-crecimiento-economico","tag-ana-karina-alfaro-moreno","tag-irene-albarran-lozano","tag-jose-javier-nunez-velazquez","tag-juan-ramon-cuadrado-roura","tag-luisa-fernanda-bernat-diaz","tag-santiago-miguel-uceta"],"_links":{"self":[{"href":"https:\/\/www.deberes.net\/tesis\/wp-json\/wp\/v2\/posts\/115030","targetHints":{"allow":["GET"]}}],"collection":[{"href":"https:\/\/www.deberes.net\/tesis\/wp-json\/wp\/v2\/posts"}],"about":[{"href":"https:\/\/www.deberes.net\/tesis\/wp-json\/wp\/v2\/types\/post"}],"author":[{"embeddable":true,"href":"https:\/\/www.deberes.net\/tesis\/wp-json\/wp\/v2\/users\/1"}],"replies":[{"embeddable":true,"href":"https:\/\/www.deberes.net\/tesis\/wp-json\/wp\/v2\/comments?post=115030"}],"version-history":[{"count":0,"href":"https:\/\/www.deberes.net\/tesis\/wp-json\/wp\/v2\/posts\/115030\/revisions"}],"wp:attachment":[{"href":"https:\/\/www.deberes.net\/tesis\/wp-json\/wp\/v2\/media?parent=115030"}],"wp:term":[{"taxonomy":"category","embeddable":true,"href":"https:\/\/www.deberes.net\/tesis\/wp-json\/wp\/v2\/categories?post=115030"},{"taxonomy":"post_tag","embeddable":true,"href":"https:\/\/www.deberes.net\/tesis\/wp-json\/wp\/v2\/tags?post=115030"}],"curies":[{"name":"wp","href":"https:\/\/api.w.org\/{rel}","templated":true}]}}