{"id":115062,"date":"2018-03-11T10:43:26","date_gmt":"2018-03-11T10:43:26","guid":{"rendered":"https:\/\/www.deberes.net\/tesis\/sin-categoria\/la-migracion-transnacional-y-los-procesos-de-integracion-en-las-sociedades-de-destino-una-mirada-a-la-poblacion-colombiana-residente-en-la-comunidad-autonoma-del-paa%c2%ads-vasco\/"},"modified":"2018-03-11T10:43:26","modified_gmt":"2018-03-11T10:43:26","slug":"la-migracion-transnacional-y-los-procesos-de-integracion-en-las-sociedades-de-destino-una-mirada-a-la-poblacion-colombiana-residente-en-la-comunidad-autonoma-del-paa%c2%ads-vasco","status":"publish","type":"post","link":"https:\/\/www.deberes.net\/tesis\/movilidad-y-migraciones-internacionales\/la-migracion-transnacional-y-los-procesos-de-integracion-en-las-sociedades-de-destino-una-mirada-a-la-poblacion-colombiana-residente-en-la-comunidad-autonoma-del-paa%c2%ads-vasco\/","title":{"rendered":"La migraci\u00f3n transnacional y los procesos de integraci\u00f3n en las sociedades de destino. una mirada a la poblaci\u00f3n colombiana residente en la comunidad aut\u00f3noma del pa\u00eds vasco"},"content":{"rendered":"<h2>Tesis doctoral de <strong> Yolanda Gonz\u00e1lez R\u00e1bago <\/strong><\/h2>\n<p>El estudio de los procesos de migraci\u00f3n internacional requiere de la adopci\u00f3n de un enfoque global que contemple las relaciones del migrante con la sociedad, tanto de origen como de destino, para comprender tanto las din\u00e1micas de movilidad y de conexi\u00f3n, como todos aquellos procesos sociales asociados al fen\u00f3meno migratorio. En este sentido, esta tesis pretende acercarse a la vinculaci\u00f3n de las personas migrantes con su sociedad de origen y a sus procesos de integraci\u00f3n en la sociedad de destino desde un enfoque integral, que recoja junto a las pr\u00e1cticas objetivas en una y otra sociedad, la subjetividad del migrante como sujeto activo de estos procesos, y reconociendo la importancia que el bienestar tiene en la configuraci\u00f3n de diferentes estrategias de vida. Para ello, se ha tenido como primer y m\u00e1s general objetivo de investigaci\u00f3n desarrollar un sistema de indicadores integral que sirva para analizar la vinculaci\u00f3n transnacional y su relaci\u00f3n con los procesos de integraci\u00f3n social de la poblaci\u00f3n inmigrante.  Tomando como poblaci\u00f3n de referencia a la poblaci\u00f3n colombiana residente en la comunidad aut\u00f3noma del pa\u00eds vasco (capv), se persigue estudiar la transnacionalidad, la integraci\u00f3n y su interrelaci\u00f3n mutua, desarrollando para ello una forma espec\u00edfica de entender y medir ambos procesos. Mediante metodolog\u00eda de encuesta y an\u00e1lisis de datos cuantitativos, se describe la vinculaci\u00f3n transnacional y la integraci\u00f3n de las personas colombianas residentes en la capv. As\u00ed mismo, a trav\u00e9s del an\u00e1lisis de caso se identifican cuatro tipos de vinculaci\u00f3n transnacional y se construye un \u00edndice global de transnacionalismo que supone una propuesta de medici\u00f3n del mismo, y que se emplea para analizar la relaci\u00f3n entre dicha vinculaci\u00f3n y los procesos de integraci\u00f3n en las sociedades de destino.<\/p>\n<p>&nbsp;<\/p>\n<h3>Datos acad\u00e9micos de la tesis doctoral \u00ab<strong>La migraci\u00f3n transnacional y los procesos de integraci\u00f3n en las sociedades de destino. una mirada a la poblaci\u00f3n colombiana residente en la comunidad aut\u00f3noma del pa\u00eds vasco<\/strong>\u00ab<\/h3>\n<ul>\n<li><strong>T\u00edtulo de la tesis:<\/strong>\u00a0 La migraci\u00f3n transnacional y los procesos de integraci\u00f3n en las sociedades de destino. una mirada a la poblaci\u00f3n colombiana residente en la comunidad aut\u00f3noma del pa\u00eds vasco <\/li>\n<li><strong>Autor:<\/strong>\u00a0 Yolanda Gonz\u00e1lez R\u00e1bago <\/li>\n<li><strong>Universidad:<\/strong>\u00a0 Pa\u00eds vasco\/euskal herriko unibertsitatea<\/li>\n<li><strong>Fecha de lectura de la tesis:<\/strong>\u00a0 19\/12\/2013<\/li>\n<\/ul>\n<p>&nbsp;<\/p>\n<h3>Direcci\u00f3n y tribunal<\/h3>\n<ul>\n<li><strong>Director de la tesis<\/strong>\n<ul>\n<li>Cristina Blanco Fern\u00e1ndez De Valderrama<\/li>\n<\/ul>\n<\/li>\n<li><strong>Tribunal<\/strong>\n<ul>\n<li>Presidente del tribunal: benjam\u00edn Tejerina monta\u00f1a <\/li>\n<li>almudena Cort\u00e9s maisonave (vocal)<\/li>\n<li>martha yvonne Ria\u00f1o alcala (vocal)<\/li>\n<li>carlota Sole puig (vocal)<\/li>\n<\/ul>\n<\/li>\n<\/ul>\n<p>&nbsp;<\/p>\n","protected":false},"excerpt":{"rendered":"<p>Tesis doctoral de Yolanda Gonz\u00e1lez R\u00e1bago El estudio de los procesos de migraci\u00f3n internacional requiere de la adopci\u00f3n de un [&hellip;]<\/p>\n","protected":false},"author":1,"featured_media":0,"comment_status":"open","ping_status":"open","sticky":false,"template":"","format":"standard","meta":{"site-sidebar-layout":"default","site-content-layout":"","ast-site-content-layout":"","site-content-style":"default","site-sidebar-style":"default","ast-global-header-display":"","ast-banner-title-visibility":"","ast-main-header-display":"","ast-hfb-above-header-display":"","ast-hfb-below-header-display":"","ast-hfb-mobile-header-display":"","site-post-title":"","ast-breadcrumbs-content":"","ast-featured-img":"","footer-sml-layout":"","theme-transparent-header-meta":"","adv-header-id-meta":"","stick-header-meta":"","header-above-stick-meta":"","header-main-stick-meta":"","header-below-stick-meta":"","astra-migrate-meta-layouts":"default","ast-page-background-enabled":"default","ast-page-background-meta":{"desktop":{"background-color":"var(--ast-global-color-4)","background-image":"","background-repeat":"repeat","background-position":"center center","background-size":"auto","background-attachment":"scroll","background-type":"","background-media":"","overlay-type":"","overlay-color":"","overlay-gradient":""},"tablet":{"background-color":"","background-image":"","background-repeat":"repeat","background-position":"center center","background-size":"auto","background-attachment":"scroll","background-type":"","background-media":"","overlay-type":"","overlay-color":"","overlay-gradient":""},"mobile":{"background-color":"","background-image":"","background-repeat":"repeat","background-position":"center center","background-size":"auto","background-attachment":"scroll","background-type":"","background-media":"","overlay-type":"","overlay-color":"","overlay-gradient":""}},"ast-content-background-meta":{"desktop":{"background-color":"var(--ast-global-color-5)","background-image":"","background-repeat":"repeat","background-position":"center center","background-size":"auto","background-attachment":"scroll","background-type":"","background-media":"","overlay-type":"","overlay-color":"","overlay-gradient":""},"tablet":{"background-color":"var(--ast-global-color-5)","background-image":"","background-repeat":"repeat","background-position":"center center","background-size":"auto","background-attachment":"scroll","background-type":"","background-media":"","overlay-type":"","overlay-color":"","overlay-gradient":""},"mobile":{"background-color":"var(--ast-global-color-5)","background-image":"","background-repeat":"repeat","background-position":"center center","background-size":"auto","background-attachment":"scroll","background-type":"","background-media":"","overlay-type":"","overlay-color":"","overlay-gradient":""}},"footnotes":""},"categories":[1354,12909,39991],"tags":[209385,60826,22300,201425,227802,227801],"class_list":["post-115062","post","type-post","status-publish","format-standard","hentry","category-movilidad-y-migraciones-internacionales","category-pais-vasco-euskal-herriko-unibertsitatea","category-relaciones-culturales-interetnicas","tag-almudena-cortes-maisonave","tag-benjamin-tejerina-montana","tag-carlota-sole-puig","tag-cristina-blanco-fernandez-de-valderrama","tag-martha-yvonne-riano-alcala","tag-yolanda-gonzalez-rabago"],"_links":{"self":[{"href":"https:\/\/www.deberes.net\/tesis\/wp-json\/wp\/v2\/posts\/115062","targetHints":{"allow":["GET"]}}],"collection":[{"href":"https:\/\/www.deberes.net\/tesis\/wp-json\/wp\/v2\/posts"}],"about":[{"href":"https:\/\/www.deberes.net\/tesis\/wp-json\/wp\/v2\/types\/post"}],"author":[{"embeddable":true,"href":"https:\/\/www.deberes.net\/tesis\/wp-json\/wp\/v2\/users\/1"}],"replies":[{"embeddable":true,"href":"https:\/\/www.deberes.net\/tesis\/wp-json\/wp\/v2\/comments?post=115062"}],"version-history":[{"count":0,"href":"https:\/\/www.deberes.net\/tesis\/wp-json\/wp\/v2\/posts\/115062\/revisions"}],"wp:attachment":[{"href":"https:\/\/www.deberes.net\/tesis\/wp-json\/wp\/v2\/media?parent=115062"}],"wp:term":[{"taxonomy":"category","embeddable":true,"href":"https:\/\/www.deberes.net\/tesis\/wp-json\/wp\/v2\/categories?post=115062"},{"taxonomy":"post_tag","embeddable":true,"href":"https:\/\/www.deberes.net\/tesis\/wp-json\/wp\/v2\/tags?post=115062"}],"curies":[{"name":"wp","href":"https:\/\/api.w.org\/{rel}","templated":true}]}}