{"id":11510,"date":"2018-03-09T08:56:55","date_gmt":"2018-03-09T08:56:55","guid":{"rendered":"https:\/\/www.deberes.net\/tesis\/sin-categoria\/lleida-en-la-guerra-civil-espanola-1936-1939\/"},"modified":"2018-03-09T08:56:55","modified_gmt":"2018-03-09T08:56:55","slug":"lleida-en-la-guerra-civil-espanola-1936-1939","status":"publish","type":"post","link":"https:\/\/www.deberes.net\/tesis\/historia\/lleida-en-la-guerra-civil-espanola-1936-1939\/","title":{"rendered":"Lleida en la guerra civil espa\u00f1ola (1936-1939)"},"content":{"rendered":"<h2>Tesis doctoral de <strong>  Sagues San Jos\u00e9 Juan <\/strong><\/h2>\n<p>Estudiar una ciudad del poniente catalan durante los a\u00f1os de la guerra civil espa\u00f1ola era una labor que aun estaba por hacer. A los ciudadanos de la catalunya occidental les toco vivir en el periodo 1936-1939 practicamente todas las experiencias posibles de aquella etapa. En su capital, lleida, el ejercito participo en la revuelta del mes de julio de 1936 con la colaboraci\u00f3n de la guardia civil y de sectores civiles que cre\u00edan posible una solucion violenta a la crisis de hegemonia social que sufria el estado espa\u00f1ol, como estaba pasando en otros paises de europa.  como reacci\u00f3n al fracaso de la revuelta, en buena medida condicionada por la derrota de los rebeldes en barcelona, se desencaden\u00f3 una revolucion social contra la que las autoridades republicanas se mostraron incapaces de reaccionar, como tampoco lo habian sabido hacer contra los sublevados. la revoluci\u00f3n, que afecto la vida institucional, politica, economica y judicial de los leridanos, multiplico los centros de poder por todo el pais y genero una practicas violentas en las que el componente de clase y anticlerical tuvieron un papel central.  la falta de consenso entre las fuerzas politicas de la retaguardia republicana, la evolucion de la guerra y la poca madurez de un proyecto revolucionario que se desencadeno de manera espontanea explican su colapso. Por otra parte, y a medida que la guerra se alargaba, se comenzaron a padecer problemas en la distribucion de los abastecimientos, agravados por la llegada de refugiados del resto del espa\u00f1a, y a notar los efectos directos de las acciones militares traducidas en duros ataques aereos. En estas condiciones se inici\u00f3 la primavera de 1938, el ejercito franquista rompio el frente aragones y ocupo una parte importante de las provincias de lleida y tarragona. la estabilizacion del frente siguiendo los rios segre y noguera pallaresa desde abril hasta navidad dejo estas tierras en primera linea de fuego, y por tanto, bajo el do<\/p>\n<p>&nbsp;<\/p>\n<h3>Datos acad\u00e9micos de la tesis doctoral \u00ab<strong>Lleida en la guerra civil espa\u00f1ola (1936-1939)<\/strong>\u00ab<\/h3>\n<ul>\n<li><strong>T\u00edtulo de la tesis:<\/strong>\u00a0 Lleida en la guerra civil espa\u00f1ola (1936-1939) <\/li>\n<li><strong>Autor:<\/strong>\u00a0  Sagues San Jos\u00e9 Juan <\/li>\n<li><strong>Universidad:<\/strong>\u00a0 Lleida<\/li>\n<li><strong>Fecha de lectura de la tesis:<\/strong>\u00a0 21\/06\/2001<\/li>\n<\/ul>\n<p>&nbsp;<\/p>\n<h3>Direcci\u00f3n y tribunal<\/h3>\n<ul>\n<li><strong>Director de la tesis<\/strong>\n<ul>\n<li>Concepcion Mir Curco<\/li>\n<\/ul>\n<\/li>\n<li><strong>Tribunal<\/strong>\n<ul>\n<li>Presidente del tribunal: manuel Lladonosa vall-llebrera <\/li>\n<li>Juli\u00e1n Casanova ruiz (vocal)<\/li>\n<li>carme Molinero ruiz (vocal)<\/li>\n<li>glicerio S\u00e1nchez recio (vocal)<\/li>\n<\/ul>\n<\/li>\n<\/ul>\n<p>&nbsp;<\/p>\n","protected":false},"excerpt":{"rendered":"<p>Tesis doctoral de Sagues San Jos\u00e9 Juan Estudiar una ciudad del poniente catalan durante los a\u00f1os de la guerra civil [&hellip;]<\/p>\n","protected":false},"author":1,"featured_media":0,"comment_status":"open","ping_status":"open","sticky":false,"template":"","format":"standard","meta":{"site-sidebar-layout":"default","site-content-layout":"","ast-site-content-layout":"","site-content-style":"default","site-sidebar-style":"default","ast-global-header-display":"","ast-banner-title-visibility":"","ast-main-header-display":"","ast-hfb-above-header-display":"","ast-hfb-below-header-display":"","ast-hfb-mobile-header-display":"","site-post-title":"","ast-breadcrumbs-content":"","ast-featured-img":"","footer-sml-layout":"","theme-transparent-header-meta":"","adv-header-id-meta":"","stick-header-meta":"","header-above-stick-meta":"","header-main-stick-meta":"","header-below-stick-meta":"","astra-migrate-meta-layouts":"default","ast-page-background-enabled":"default","ast-page-background-meta":{"desktop":{"background-color":"var(--ast-global-color-4)","background-image":"","background-repeat":"repeat","background-position":"center center","background-size":"auto","background-attachment":"scroll","background-type":"","background-media":"","overlay-type":"","overlay-color":"","overlay-gradient":""},"tablet":{"background-color":"","background-image":"","background-repeat":"repeat","background-position":"center center","background-size":"auto","background-attachment":"scroll","background-type":"","background-media":"","overlay-type":"","overlay-color":"","overlay-gradient":""},"mobile":{"background-color":"","background-image":"","background-repeat":"repeat","background-position":"center center","background-size":"auto","background-attachment":"scroll","background-type":"","background-media":"","overlay-type":"","overlay-color":"","overlay-gradient":""}},"ast-content-background-meta":{"desktop":{"background-color":"var(--ast-global-color-5)","background-image":"","background-repeat":"repeat","background-position":"center center","background-size":"auto","background-attachment":"scroll","background-type":"","background-media":"","overlay-type":"","overlay-color":"","overlay-gradient":""},"tablet":{"background-color":"var(--ast-global-color-5)","background-image":"","background-repeat":"repeat","background-position":"center center","background-size":"auto","background-attachment":"scroll","background-type":"","background-media":"","overlay-type":"","overlay-color":"","overlay-gradient":""},"mobile":{"background-color":"var(--ast-global-color-5)","background-image":"","background-repeat":"repeat","background-position":"center center","background-size":"auto","background-attachment":"scroll","background-type":"","background-media":"","overlay-type":"","overlay-color":"","overlay-gradient":""}},"footnotes":""},"categories":[104,1816,413,639,2224,220,222,18842],"tags":[37824,9704,8500,28707,37823,37822],"class_list":["post-11510","post","type-post","status-publish","format-standard","hentry","category-historia","category-historia-contemporanea","category-historia-de-la-guerra","category-historia-de-paises","category-historia-local","category-historia-por-epocas","category-historias-especializadas","category-lleida","tag-carme-molinero-ruiz","tag-concepcion-mir-curco","tag-glicerio-sanchez-recio","tag-julian-casanova-ruiz","tag-manuel-lladonosa-vall-llebrera","tag-sagues-san-jose-juan"],"_links":{"self":[{"href":"https:\/\/www.deberes.net\/tesis\/wp-json\/wp\/v2\/posts\/11510","targetHints":{"allow":["GET"]}}],"collection":[{"href":"https:\/\/www.deberes.net\/tesis\/wp-json\/wp\/v2\/posts"}],"about":[{"href":"https:\/\/www.deberes.net\/tesis\/wp-json\/wp\/v2\/types\/post"}],"author":[{"embeddable":true,"href":"https:\/\/www.deberes.net\/tesis\/wp-json\/wp\/v2\/users\/1"}],"replies":[{"embeddable":true,"href":"https:\/\/www.deberes.net\/tesis\/wp-json\/wp\/v2\/comments?post=11510"}],"version-history":[{"count":0,"href":"https:\/\/www.deberes.net\/tesis\/wp-json\/wp\/v2\/posts\/11510\/revisions"}],"wp:attachment":[{"href":"https:\/\/www.deberes.net\/tesis\/wp-json\/wp\/v2\/media?parent=11510"}],"wp:term":[{"taxonomy":"category","embeddable":true,"href":"https:\/\/www.deberes.net\/tesis\/wp-json\/wp\/v2\/categories?post=11510"},{"taxonomy":"post_tag","embeddable":true,"href":"https:\/\/www.deberes.net\/tesis\/wp-json\/wp\/v2\/tags?post=11510"}],"curies":[{"name":"wp","href":"https:\/\/api.w.org\/{rel}","templated":true}]}}