{"id":115121,"date":"2018-03-11T10:43:26","date_gmt":"2018-03-11T10:43:26","guid":{"rendered":"https:\/\/www.deberes.net\/tesis\/sin-categoria\/la-formacion-del-campo-pola%c2%adtico-transnacional-argentino-una-mirada-multinivel-desde-el-estado-y-la-sociedad-civil\/"},"modified":"2018-03-11T10:43:26","modified_gmt":"2018-03-11T10:43:26","slug":"la-formacion-del-campo-pola%c2%adtico-transnacional-argentino-una-mirada-multinivel-desde-el-estado-y-la-sociedad-civil","status":"publish","type":"post","link":"https:\/\/www.deberes.net\/tesis\/vida-politica\/la-formacion-del-campo-pola%c2%adtico-transnacional-argentino-una-mirada-multinivel-desde-el-estado-y-la-sociedad-civil\/","title":{"rendered":"La formaci\u00f3n del campo pol\u00edtico transnacional argentino: una mirada multinivel, desde el estado y la sociedad civil"},"content":{"rendered":"<h2>Tesis doctoral de <strong> Pablo Sebastian Gimenez Mu\u00f1oz <\/strong><\/h2>\n<p>La tesis doctoral que presento corresponde a la corriente de trabajos que se interesanpor la comprensi\u00f3n de las migraciones internacionales en el actual contexto global.Particularmente, el estudio se centra en el an\u00e1lisis del campo social transnacionalargentino y, m\u00e1s espec\u00edficamente, en los migrantes argentinos y sus asociaciones. Es a partir de la experiencia de las organizaciones argentina de Madrid y barcelona queanalizo la actividad pol\u00edtica transnacional. En este trabajo me propuse no asumir los preceptos del nacionalismo metodol\u00f3gico; es por esto que  tomo las propuestas te\u00f3ricasplanteas desde el enfoque transnacional para el estudio de las migraciones internacionales.La formaci\u00f3n de campos pol\u00edticos trasnacionales se debe no s\u00f3lo a las accionesemprendidas por las personas migrantes, sino tambi\u00e9n al compromiso que vanasumiendo los estados naci\u00f3n. Estas acciones y compromisos consolidan la existencia de espacios simb\u00f3licos no territorializados, los cuales cuestionan el resignificado de la pertenencia e identidad nacional y, adem\u00e1s, crean nuevas formas de poder y conflicto.El estudio del campo pol\u00edtico trasnacional argentino me ha permitido distinguir que el transnacionalismo es la expresi\u00f3n de un conjunto de procesos sociales complejos que no se limitan s\u00f3lo a la cuesti\u00f3n migratoria y, por lo tanto, podemos afirmar que la migraci\u00f3n transnacional representa s\u00f3lo una parte del transnacionalismo. Asumo que la migraci\u00f3n trasnacional es la expresi\u00f3n de un proceso dial\u00e9ctico que transversaliz almenos dos o m\u00e1s estados y del cual las personas migrantes representan una parte fundamental, por medio de sus pr\u00e1cticas frecuentes y constantes. En definitiva, con esta tesis se busca contribuir a un proceso en constante cambio y construcci\u00f3n como es el estudio del transnacionalismo pol\u00edtico.<\/p>\n<p>&nbsp;<\/p>\n<h3>Datos acad\u00e9micos de la tesis doctoral \u00ab<strong>La formaci\u00f3n del campo pol\u00edtico transnacional argentino: una mirada multinivel, desde el estado y la sociedad civil<\/strong>\u00ab<\/h3>\n<ul>\n<li><strong>T\u00edtulo de la tesis:<\/strong>\u00a0 La formaci\u00f3n del campo pol\u00edtico transnacional argentino: una mirada multinivel, desde el estado y la sociedad civil <\/li>\n<li><strong>Autor:<\/strong>\u00a0 Pablo Sebastian Gimenez Mu\u00f1oz <\/li>\n<li><strong>Universidad:<\/strong>\u00a0 Pa\u00eds vasco\/euskal herriko unibertsitatea<\/li>\n<li><strong>Fecha de lectura de la tesis:<\/strong>\u00a0 16\/01\/2014<\/li>\n<\/ul>\n<p>&nbsp;<\/p>\n<h3>Direcci\u00f3n y tribunal<\/h3>\n<ul>\n<li><strong>Director de la tesis<\/strong>\n<ul>\n<li>Cristina Blanco Fern\u00e1ndez De Valderrama<\/li>\n<\/ul>\n<\/li>\n<li><strong>Tribunal<\/strong>\n<ul>\n<li>Presidente del tribunal: joaquin Arango vila belda <\/li>\n<li>Ana m. Lopez sala (vocal)<\/li>\n<li>estrella Gualda caballero (vocal)<\/li>\n<li>Andr\u00e9s Davila legeren (vocal)<\/li>\n<\/ul>\n<\/li>\n<\/ul>\n<p>&nbsp;<\/p>\n","protected":false},"excerpt":{"rendered":"<p>Tesis doctoral de Pablo Sebastian Gimenez Mu\u00f1oz La tesis doctoral que presento corresponde a la corriente de trabajos que se [&hellip;]<\/p>\n","protected":false},"author":1,"featured_media":0,"comment_status":"open","ping_status":"open","sticky":false,"template":"","format":"standard","meta":{"site-sidebar-layout":"default","site-content-layout":"","ast-site-content-layout":"","site-content-style":"default","site-sidebar-style":"default","ast-global-header-display":"","ast-banner-title-visibility":"","ast-main-header-display":"","ast-hfb-above-header-display":"","ast-hfb-below-header-display":"","ast-hfb-mobile-header-display":"","site-post-title":"","ast-breadcrumbs-content":"","ast-featured-img":"","footer-sml-layout":"","theme-transparent-header-meta":"","adv-header-id-meta":"","stick-header-meta":"","header-above-stick-meta":"","header-main-stick-meta":"","header-below-stick-meta":"","astra-migrate-meta-layouts":"default","ast-page-background-enabled":"default","ast-page-background-meta":{"desktop":{"background-color":"var(--ast-global-color-4)","background-image":"","background-repeat":"repeat","background-position":"center center","background-size":"auto","background-attachment":"scroll","background-type":"","background-media":"","overlay-type":"","overlay-color":"","overlay-gradient":""},"tablet":{"background-color":"","background-image":"","background-repeat":"repeat","background-position":"center center","background-size":"auto","background-attachment":"scroll","background-type":"","background-media":"","overlay-type":"","overlay-color":"","overlay-gradient":""},"mobile":{"background-color":"","background-image":"","background-repeat":"repeat","background-position":"center center","background-size":"auto","background-attachment":"scroll","background-type":"","background-media":"","overlay-type":"","overlay-color":"","overlay-gradient":""}},"ast-content-background-meta":{"desktop":{"background-color":"var(--ast-global-color-5)","background-image":"","background-repeat":"repeat","background-position":"center center","background-size":"auto","background-attachment":"scroll","background-type":"","background-media":"","overlay-type":"","overlay-color":"","overlay-gradient":""},"tablet":{"background-color":"var(--ast-global-color-5)","background-image":"","background-repeat":"repeat","background-position":"center center","background-size":"auto","background-attachment":"scroll","background-type":"","background-media":"","overlay-type":"","overlay-color":"","overlay-gradient":""},"mobile":{"background-color":"var(--ast-global-color-5)","background-image":"","background-repeat":"repeat","background-position":"center center","background-size":"auto","background-attachment":"scroll","background-type":"","background-media":"","overlay-type":"","overlay-color":"","overlay-gradient":""}},"footnotes":""},"categories":[1354,12909,39991,993],"tags":[153911,74543,201425,23536,64405,227895],"class_list":["post-115121","post","type-post","status-publish","format-standard","hentry","category-movilidad-y-migraciones-internacionales","category-pais-vasco-euskal-herriko-unibertsitatea","category-relaciones-culturales-interetnicas","category-vida-politica","tag-ana-m-lopez-sala","tag-andres-davila-legeren","tag-cristina-blanco-fernandez-de-valderrama","tag-estrella-gualda-caballero","tag-joaquin-arango-vila-belda","tag-pablo-sebastian-gimenez-munoz"],"_links":{"self":[{"href":"https:\/\/www.deberes.net\/tesis\/wp-json\/wp\/v2\/posts\/115121","targetHints":{"allow":["GET"]}}],"collection":[{"href":"https:\/\/www.deberes.net\/tesis\/wp-json\/wp\/v2\/posts"}],"about":[{"href":"https:\/\/www.deberes.net\/tesis\/wp-json\/wp\/v2\/types\/post"}],"author":[{"embeddable":true,"href":"https:\/\/www.deberes.net\/tesis\/wp-json\/wp\/v2\/users\/1"}],"replies":[{"embeddable":true,"href":"https:\/\/www.deberes.net\/tesis\/wp-json\/wp\/v2\/comments?post=115121"}],"version-history":[{"count":0,"href":"https:\/\/www.deberes.net\/tesis\/wp-json\/wp\/v2\/posts\/115121\/revisions"}],"wp:attachment":[{"href":"https:\/\/www.deberes.net\/tesis\/wp-json\/wp\/v2\/media?parent=115121"}],"wp:term":[{"taxonomy":"category","embeddable":true,"href":"https:\/\/www.deberes.net\/tesis\/wp-json\/wp\/v2\/categories?post=115121"},{"taxonomy":"post_tag","embeddable":true,"href":"https:\/\/www.deberes.net\/tesis\/wp-json\/wp\/v2\/tags?post=115121"}],"curies":[{"name":"wp","href":"https:\/\/api.w.org\/{rel}","templated":true}]}}