{"id":115182,"date":"2018-03-11T10:43:36","date_gmt":"2018-03-11T10:43:36","guid":{"rendered":"https:\/\/www.deberes.net\/tesis\/sin-categoria\/alteraciones-de-la-continencia-y-defecacion-en-una-poblacion-laboral\/"},"modified":"2018-03-11T10:43:36","modified_gmt":"2018-03-11T10:43:36","slug":"alteraciones-de-la-continencia-y-defecacion-en-una-poblacion-laboral","status":"publish","type":"post","link":"https:\/\/www.deberes.net\/tesis\/cirugia\/alteraciones-de-la-continencia-y-defecacion-en-una-poblacion-laboral\/","title":{"rendered":"Alteraciones de la continencia y defecacion en una poblaci\u00f3n laboral"},"content":{"rendered":"<h2>Tesis doctoral de <strong> Carlos Cerdan Santacruz <\/strong><\/h2>\n<p>Introducci\u00f3nlas alteraciones funcionales de la defecaci\u00f3n, incontinencia anal (ia) y estre\u00f1imiento (e), son dos trastornos que afectan a un porcentaje importante de individuos, tienen un impacto personal y social considerable, y suponen un elevado coste econ\u00f3mico. Sin embargo su preValencia real es desconocida.Objetivos- establecer la preValencia de incontinencia anal y estre\u00f1imiento.- Valorar la influencia de los posibles factores de riesgo.- Analizar cu\u00e1l es la importancia m\u00e9dica que se le concede a ambas patolog\u00edas.Resultadosel 21,2 por ciento de los sujetos presentan alg\u00fan tipo de incontinencia anal, sin diferencias significativas por sexo. En hombres las variables que se asocian con la presencia de ia son los antecedentes de cirug\u00eda proctol\u00f3gica, y en mujeres adem\u00e1s episiotom\u00eda, desgarro perineal e histerectom\u00eda vaginal.Un 24,3 por ciento de sujetos encuestados se considera estre\u00f1ido. El motivo m\u00e1s frecuentemente referido es la escasez de deposiciones con un 29 por ciento un 26,5 por ciento presenta diagn\u00f3stico de estre\u00f1imiento seg\u00fan los criterios roma iii.Existen diferencias manifiestas en la frecuencia de estre\u00f1imiento seg\u00fan el sexo, hombres 5 por ciento vs. Mujeres 31 por ciento. El tipo de dieta, ingesta h\u00eddrica y pr\u00e1ctica de ejercicio no han tenido relaci\u00f3n con estre\u00f1imiento. S\u00ed han mostrado una relaci\u00f3n significativa los h\u00e1bitos generados para la pr\u00e1ctica de la deposici\u00f3n: horario regular, posponerla o la incapacidad para realizarla fuera del domicilio.El grado de consulta m\u00e9dica por ambos problemas es bajo; 19,3 por ciento en el caso de ia y del 30,9 por ciento en el de e. Discusi\u00f3nla preValencia de ia y e en nuestro medio es de un 21,2 por ciento y 26,5 por ciento respectivamente, superior a los datos de que dispon\u00edamos previamente. Estas cifras son suficientemente elevadas como para ser consideradas dos patolog\u00edas con un impacto importante y ante las cuales se deben establecer las medidas oportunas para mejorar su efecto a nivel personal, social y sanitario.Palabras claveestre\u00f1imiento, incontinencia anal, preValencia, epidemiolog\u00eda, ocultaci\u00f3n.<\/p>\n<p>&nbsp;<\/p>\n<h3>Datos acad\u00e9micos de la tesis doctoral \u00ab<strong>Alteraciones de la continencia y defecacion en una poblaci\u00f3n laboral<\/strong>\u00ab<\/h3>\n<ul>\n<li><strong>T\u00edtulo de la tesis:<\/strong>\u00a0 Alteraciones de la continencia y defecacion en una poblaci\u00f3n laboral <\/li>\n<li><strong>Autor:<\/strong>\u00a0 Carlos Cerdan Santacruz <\/li>\n<li><strong>Universidad:<\/strong>\u00a0 Complutense de Madrid<\/li>\n<li><strong>Fecha de lectura de la tesis:<\/strong>\u00a0 28\/01\/2014<\/li>\n<\/ul>\n<p>&nbsp;<\/p>\n<h3>Direcci\u00f3n y tribunal<\/h3>\n<ul>\n<li><strong>Director de la tesis<\/strong>\n<ul>\n<li>Javier Cerd\u00e1n Miguel<\/li>\n<\/ul>\n<\/li>\n<li><strong>Tribunal<\/strong>\n<ul>\n<li>Presidente del tribunal: vicente Dom\u00ednguez rojas <\/li>\n<li>Carlos Hermida rodr\u00edguez (vocal)<\/li>\n<li>damian Garc\u00eda olmo (vocal)<\/li>\n<li>Jos\u00e9 m. Devesa m\u00fagica (vocal)<\/li>\n<\/ul>\n<\/li>\n<\/ul>\n<p>&nbsp;<\/p>\n","protected":false},"excerpt":{"rendered":"<p>Tesis doctoral de Carlos Cerdan Santacruz Introducci\u00f3nlas alteraciones funcionales de la defecaci\u00f3n, incontinencia anal (ia) y estre\u00f1imiento (e), son dos [&hellip;]<\/p>\n","protected":false},"author":1,"featured_media":0,"comment_status":"open","ping_status":"open","sticky":false,"template":"","format":"standard","meta":{"site-sidebar-layout":"default","site-content-layout":"","ast-site-content-layout":"","site-content-style":"default","site-sidebar-style":"default","ast-global-header-display":"","ast-banner-title-visibility":"","ast-main-header-display":"","ast-hfb-above-header-display":"","ast-hfb-below-header-display":"","ast-hfb-mobile-header-display":"","site-post-title":"","ast-breadcrumbs-content":"","ast-featured-img":"","footer-sml-layout":"","theme-transparent-header-meta":"","adv-header-id-meta":"","stick-header-meta":"","header-above-stick-meta":"","header-main-stick-meta":"","header-below-stick-meta":"","astra-migrate-meta-layouts":"default","ast-page-background-enabled":"default","ast-page-background-meta":{"desktop":{"background-color":"var(--ast-global-color-4)","background-image":"","background-repeat":"repeat","background-position":"center center","background-size":"auto","background-attachment":"scroll","background-type":"","background-media":"","overlay-type":"","overlay-color":"","overlay-gradient":""},"tablet":{"background-color":"","background-image":"","background-repeat":"repeat","background-position":"center center","background-size":"auto","background-attachment":"scroll","background-type":"","background-media":"","overlay-type":"","overlay-color":"","overlay-gradient":""},"mobile":{"background-color":"","background-image":"","background-repeat":"repeat","background-position":"center center","background-size":"auto","background-attachment":"scroll","background-type":"","background-media":"","overlay-type":"","overlay-color":"","overlay-gradient":""}},"ast-content-background-meta":{"desktop":{"background-color":"var(--ast-global-color-5)","background-image":"","background-repeat":"repeat","background-position":"center center","background-size":"auto","background-attachment":"scroll","background-type":"","background-media":"","overlay-type":"","overlay-color":"","overlay-gradient":""},"tablet":{"background-color":"var(--ast-global-color-5)","background-image":"","background-repeat":"repeat","background-position":"center center","background-size":"auto","background-attachment":"scroll","background-type":"","background-media":"","overlay-type":"","overlay-color":"","overlay-gradient":""},"mobile":{"background-color":"var(--ast-global-color-5)","background-image":"","background-repeat":"repeat","background-position":"center center","background-size":"auto","background-attachment":"scroll","background-type":"","background-media":"","overlay-type":"","overlay-color":"","overlay-gradient":""}},"footnotes":""},"categories":[141,986],"tags":[227988,55620,19295,96716,227989,2687],"class_list":["post-115182","post","type-post","status-publish","format-standard","hentry","category-cirugia","category-complutense-de-madrid","tag-carlos-cerdan-santacruz","tag-carlos-hermida-rodriguez","tag-damian-garcia-olmo","tag-javier-cerdan-miguel","tag-jose-m-devesa-mugica","tag-vicente-dominguez-rojas"],"_links":{"self":[{"href":"https:\/\/www.deberes.net\/tesis\/wp-json\/wp\/v2\/posts\/115182","targetHints":{"allow":["GET"]}}],"collection":[{"href":"https:\/\/www.deberes.net\/tesis\/wp-json\/wp\/v2\/posts"}],"about":[{"href":"https:\/\/www.deberes.net\/tesis\/wp-json\/wp\/v2\/types\/post"}],"author":[{"embeddable":true,"href":"https:\/\/www.deberes.net\/tesis\/wp-json\/wp\/v2\/users\/1"}],"replies":[{"embeddable":true,"href":"https:\/\/www.deberes.net\/tesis\/wp-json\/wp\/v2\/comments?post=115182"}],"version-history":[{"count":0,"href":"https:\/\/www.deberes.net\/tesis\/wp-json\/wp\/v2\/posts\/115182\/revisions"}],"wp:attachment":[{"href":"https:\/\/www.deberes.net\/tesis\/wp-json\/wp\/v2\/media?parent=115182"}],"wp:term":[{"taxonomy":"category","embeddable":true,"href":"https:\/\/www.deberes.net\/tesis\/wp-json\/wp\/v2\/categories?post=115182"},{"taxonomy":"post_tag","embeddable":true,"href":"https:\/\/www.deberes.net\/tesis\/wp-json\/wp\/v2\/tags?post=115182"}],"curies":[{"name":"wp","href":"https:\/\/api.w.org\/{rel}","templated":true}]}}