{"id":115188,"date":"2018-03-11T10:43:36","date_gmt":"2018-03-11T10:43:36","guid":{"rendered":"https:\/\/www.deberes.net\/tesis\/sin-categoria\/afrancesados-y-modernistas-de-el-salvador-las-letras-francesas-en-el-modernismo-salvadoreno\/"},"modified":"2018-03-11T10:43:36","modified_gmt":"2018-03-11T10:43:36","slug":"afrancesados-y-modernistas-de-el-salvador-las-letras-francesas-en-el-modernismo-salvadoreno","status":"publish","type":"post","link":"https:\/\/www.deberes.net\/tesis\/lengua-y-literatura\/afrancesados-y-modernistas-de-el-salvador-las-letras-francesas-en-el-modernismo-salvadoreno\/","title":{"rendered":"Afrancesados y modernistas de el salvador: las letras francesas en el modernismo salvadore\u00f1o"},"content":{"rendered":"<h2>Tesis doctoral de <strong> Mar\u00eda  Del Mar Jimenez-cervantes Arnao <\/strong><\/h2>\n<p>Afrancesados y modernistas de el salvador: las letras francesas en el modernismo salvadore\u00f1o. mar\u00eda del mar jim\u00e9nez-cervantes arnao  este trabajo pretende hacer una valoraci\u00f3n de la influencia de la literatura francesa en la de el salvador en los a\u00f1os de nacimiento y difusi\u00f3n del modernismo. Para ello hemos estudiado los textos editados en diferentes publicaciones modernistas de finales del siglo xix y principios del xx que nos han permitido confirmar la presencia tanto de textos literarios franceses traducidos como de testimonios de la recepci\u00f3n de esta literatura. El estudio ha permitido adem\u00e1s identificar cuando ha sido posible los textos en los que no se especificaba la obra o incluso el autor; el conocimiento de la obra original nos ha llevado a realizar una comparaci\u00f3n entre las dos versiones, la francesa y la castellana. Por otro lado, el an\u00e1lisis de los art\u00edculos nos ha llevado a realizar la clasificaci\u00f3n de los mismos en cuatro categor\u00edas: textos de autores franceses, citas y referencias, textos de divulgaci\u00f3n y textos con huellas del franc\u00e9s. Igualmente hemos mostrado qu\u00e9 autores son los m\u00e1s traducidos o citados as\u00ed como qu\u00e9 movimientos literarios son los m\u00e1s presentes, y qui\u00e9n es el traductor que m\u00e1s aparece en las publicaciones consultadas.  recepci\u00f3n y traducci\u00f3n, literatura francesa, el salvador, modernismo. this work aims to evaluate the influence of french literature in salvadorenian literature throughout the rise and expansion of modernism. To this end, we have studied texts published in certain modernist publications from the end of the xix century to the early years of the xx century. This study has enabled us to confirm the presence of french translated literature as evidence of the reception of this type of work. In addition, in some cases of missing information on the author or title of the text, it has been possible to locate the original work allowing comparisons to be carried out between the french and the spanish versions. The analysis of a body of articles has led to the classification of these into four categories: french authors&apos; texts; quotes and references; divulgative texts; and texts with traces of french. In addition, we have shown which authors were more subject to translations or quoted, which literary movements have a stronger presence, or who translated more text in the publications studied.  reception and translation, french literature, el salvador, modernism.<\/p>\n<p>&nbsp;<\/p>\n<h3>Datos acad\u00e9micos de la tesis doctoral \u00ab<strong>Afrancesados y modernistas de el salvador: las letras francesas en el modernismo salvadore\u00f1o<\/strong>\u00ab<\/h3>\n<ul>\n<li><strong>T\u00edtulo de la tesis:<\/strong>\u00a0 Afrancesados y modernistas de el salvador: las letras francesas en el modernismo salvadore\u00f1o <\/li>\n<li><strong>Autor:<\/strong>\u00a0 Mar\u00eda  Del Mar Jimenez-cervantes Arnao <\/li>\n<li><strong>Universidad:<\/strong>\u00a0 Murcia<\/li>\n<li><strong>Fecha de lectura de la tesis:<\/strong>\u00a0 30\/01\/2014<\/li>\n<\/ul>\n<p>&nbsp;<\/p>\n<h3>Direcci\u00f3n y tribunal<\/h3>\n<ul>\n<li><strong>Director de la tesis<\/strong>\n<ul>\n<li>Vicente Cervera Salinas<\/li>\n<\/ul>\n<\/li>\n<li><strong>Tribunal<\/strong>\n<ul>\n<li>Presidente del tribunal: concepcion rosario Palacios bernal <\/li>\n<li>trinidad Barrera lopez (vocal)<\/li>\n<li>anna Mar\u00eda Corredor plaja (vocal)<\/li>\n<li>irene Aguil\u00e1 solana (vocal)<\/li>\n<\/ul>\n<\/li>\n<\/ul>\n<p>&nbsp;<\/p>\n","protected":false},"excerpt":{"rendered":"<p>Tesis doctoral de Mar\u00eda Del Mar Jimenez-cervantes Arnao Afrancesados y modernistas de el salvador: las letras francesas en el modernismo [&hellip;]<\/p>\n","protected":false},"author":1,"featured_media":0,"comment_status":"open","ping_status":"open","sticky":false,"template":"","format":"standard","meta":{"site-sidebar-layout":"default","site-content-layout":"","ast-site-content-layout":"","site-content-style":"default","site-sidebar-style":"default","ast-global-header-display":"","ast-banner-title-visibility":"","ast-main-header-display":"","ast-hfb-above-header-display":"","ast-hfb-below-header-display":"","ast-hfb-mobile-header-display":"","site-post-title":"","ast-breadcrumbs-content":"","ast-featured-img":"","footer-sml-layout":"","theme-transparent-header-meta":"","adv-header-id-meta":"","stick-header-meta":"","header-above-stick-meta":"","header-main-stick-meta":"","header-below-stick-meta":"","astra-migrate-meta-layouts":"default","ast-page-background-enabled":"default","ast-page-background-meta":{"desktop":{"background-color":"var(--ast-global-color-4)","background-image":"","background-repeat":"repeat","background-position":"center center","background-size":"auto","background-attachment":"scroll","background-type":"","background-media":"","overlay-type":"","overlay-color":"","overlay-gradient":""},"tablet":{"background-color":"","background-image":"","background-repeat":"repeat","background-position":"center center","background-size":"auto","background-attachment":"scroll","background-type":"","background-media":"","overlay-type":"","overlay-color":"","overlay-gradient":""},"mobile":{"background-color":"","background-image":"","background-repeat":"repeat","background-position":"center center","background-size":"auto","background-attachment":"scroll","background-type":"","background-media":"","overlay-type":"","overlay-color":"","overlay-gradient":""}},"ast-content-background-meta":{"desktop":{"background-color":"var(--ast-global-color-5)","background-image":"","background-repeat":"repeat","background-position":"center center","background-size":"auto","background-attachment":"scroll","background-type":"","background-media":"","overlay-type":"","overlay-color":"","overlay-gradient":""},"tablet":{"background-color":"var(--ast-global-color-5)","background-image":"","background-repeat":"repeat","background-position":"center center","background-size":"auto","background-attachment":"scroll","background-type":"","background-media":"","overlay-type":"","overlay-color":"","overlay-gradient":""},"mobile":{"background-color":"var(--ast-global-color-5)","background-image":"","background-repeat":"repeat","background-position":"center center","background-size":"auto","background-attachment":"scroll","background-type":"","background-media":"","overlay-type":"","overlay-color":"","overlay-gradient":""}},"footnotes":""},"categories":[636,8235,2369],"tags":[228000,147402,228001,227999,11168,6591],"class_list":["post-115188","post","type-post","status-publish","format-standard","hentry","category-lengua-y-literatura","category-murcia","category-traduccion-e-interpretacion","tag-anna-maria-corredor-plaja","tag-concepcion-rosario-palacios-bernal","tag-irene-aguila-solana","tag-maria-del-mar-jimenez-cervantes-arnao","tag-trinidad-barrera-lopez","tag-vicente-cervera-salinas"],"_links":{"self":[{"href":"https:\/\/www.deberes.net\/tesis\/wp-json\/wp\/v2\/posts\/115188","targetHints":{"allow":["GET"]}}],"collection":[{"href":"https:\/\/www.deberes.net\/tesis\/wp-json\/wp\/v2\/posts"}],"about":[{"href":"https:\/\/www.deberes.net\/tesis\/wp-json\/wp\/v2\/types\/post"}],"author":[{"embeddable":true,"href":"https:\/\/www.deberes.net\/tesis\/wp-json\/wp\/v2\/users\/1"}],"replies":[{"embeddable":true,"href":"https:\/\/www.deberes.net\/tesis\/wp-json\/wp\/v2\/comments?post=115188"}],"version-history":[{"count":0,"href":"https:\/\/www.deberes.net\/tesis\/wp-json\/wp\/v2\/posts\/115188\/revisions"}],"wp:attachment":[{"href":"https:\/\/www.deberes.net\/tesis\/wp-json\/wp\/v2\/media?parent=115188"}],"wp:term":[{"taxonomy":"category","embeddable":true,"href":"https:\/\/www.deberes.net\/tesis\/wp-json\/wp\/v2\/categories?post=115188"},{"taxonomy":"post_tag","embeddable":true,"href":"https:\/\/www.deberes.net\/tesis\/wp-json\/wp\/v2\/tags?post=115188"}],"curies":[{"name":"wp","href":"https:\/\/api.w.org\/{rel}","templated":true}]}}