{"id":115233,"date":"2014-07-02T00:00:00","date_gmt":"2014-07-02T00:00:00","guid":{"rendered":"https:\/\/www.deberes.net\/tesis\/sin-categoria\/estudio-integral-de-los-bosques-de-quercus-pyrenaica-will-en-la-pena%c2%adnsula-iberica-caractera%c2%adsticas-bioclimaticas-sintaxonomicas-y-especies-indicadoras\/"},"modified":"2014-07-02T00:00:00","modified_gmt":"2014-07-02T00:00:00","slug":"estudio-integral-de-los-bosques-de-quercus-pyrenaica-will-en-la-pena%c2%adnsula-iberica-caractera%c2%adsticas-bioclimaticas-sintaxonomicas-y-especies-indicadoras","status":"publish","type":"post","link":"https:\/\/www.deberes.net\/tesis\/botanica\/estudio-integral-de-los-bosques-de-quercus-pyrenaica-will-en-la-pena%c2%adnsula-iberica-caractera%c2%adsticas-bioclimaticas-sintaxonomicas-y-especies-indicadoras\/","title":{"rendered":"Estudio integral  de los bosques de quercus pyrenaica will en la pen\u00ednsula ib\u00e9rica: caracter\u00edsticas bioclim\u00e1ticas, sintaxon\u00f3micas y especies indicadoras ."},"content":{"rendered":"<h2>Tesis doctoral de <strong> Paloma Beatriz Vilches De La Serna <\/strong><\/h2>\n<p>Los bosques caducifolios cubren en nuestro continente, la europa atl\u00e1ntica y central, alcanzando puntualmente la pen\u00ednsula ib\u00e9rica, ya dentro del clima mediterr\u00e1neo. All\u00ed, en los l\u00edmites del mundo caducifolio se desarrolla quercus pyrenaica. Este endemismo marcescente del sur de europa se distribuye desde el suroeste franc\u00e9s al noreste marroqu\u00ed, seleccionando en la regi\u00f3n mediterr\u00e1nea emplazamientos de sequ\u00eda estival moderada. Estas localizaciones, junto con su capacidad para mejorar la calidad del suelo han hecho que durante siglos el \u00c2\u00bfmelojo\u00c2\u00bf haya sido desplazado por agricultura y ganader\u00eda, lo que junto con su aprovechamiento para la fabricaci\u00f3n de carb\u00f3n ha menguado ampliamente su extensi\u00f3n y la calidad de sus masas forestales. Dado que sus formaciones albergan especies de car\u00e1cter templado y endemismos \u00fanicos en la pen\u00ednsula su estudio detallado se ha convertido en un objetivo imprescindible para la su conservaci\u00f3n. En la presente tesis se realiza una descripci\u00f3n detallada de los matices clim\u00e1ticos y flor\u00edsticos que caracterizan las distintas comunidades de quercus pyrenaica. La modelizaci\u00f3n de estos bosques y la identificaci\u00f3n de aquellas especies indicadoras del amplio rango de variables ecol\u00f3gicas que los constituyen son uno de los principales objetivos. Pero adem\u00e1s se desarrollan diferentes metodolog\u00edas para conocer la estructura de estos bosques a diferentes escalas de trabajo. Identificamos aquellas formaciones de transici\u00f3n entre las regiones clim\u00e1ticas ib\u00e9ricas: mediterr\u00e1nea y templada. Pero adem\u00e1s, el an\u00e1lisis conjunto de los melojares de toda la pen\u00ednsula dio lugar a la descripci\u00f3n de una nueva comunidad sobre r\u00f3denos, en el levante espa\u00f1ol.<\/p>\n<p>&nbsp;<\/p>\n<h3>Datos acad\u00e9micos de la tesis doctoral \u00ab<strong>Estudio integral  de los bosques de quercus pyrenaica will en la pen\u00ednsula ib\u00e9rica: caracter\u00edsticas bioclim\u00e1ticas, sintaxon\u00f3micas y especies indicadoras .<\/strong>\u00ab<\/h3>\n<ul>\n<li><strong>T\u00edtulo de la tesis:<\/strong>\u00a0 Estudio integral  de los bosques de quercus pyrenaica will en la pen\u00ednsula ib\u00e9rica: caracter\u00edsticas bioclim\u00e1ticas, sintaxon\u00f3micas y especies indicadoras . <\/li>\n<li><strong>Autor:<\/strong>\u00a0 Paloma Beatriz Vilches De La Serna <\/li>\n<li><strong>Universidad:<\/strong>\u00a0 Complutense de Madrid<\/li>\n<li><strong>Fecha de lectura de la tesis:<\/strong>\u00a0 07\/02\/2014<\/li>\n<\/ul>\n<p>&nbsp;<\/p>\n<h3>Direcci\u00f3n y tribunal<\/h3>\n<ul>\n<li><strong>Director de la tesis<\/strong>\n<ul>\n<li>Daniel S\u00e1nchez Mata<\/li>\n<\/ul>\n<\/li>\n<li><strong>Tribunal<\/strong>\n<ul>\n<li>Presidente del tribunal: Ana Mar\u00eda Crespo de las casas <\/li>\n<li>rosa Perez badia (vocal)<\/li>\n<li>borja Jim\u00e9nez alfaro gonz\u00e1lez (vocal)<\/li>\n<li>adrian Escudero alcantara (vocal)<\/li>\n<\/ul>\n<\/li>\n<\/ul>\n<p>&nbsp;<\/p>\n","protected":false},"excerpt":{"rendered":"<p>Tesis doctoral de Paloma Beatriz Vilches De La Serna Los bosques caducifolios cubren en nuestro continente, la europa atl\u00e1ntica y [&hellip;]<\/p>\n","protected":false},"author":1,"featured_media":0,"comment_status":"open","ping_status":"open","sticky":false,"template":"","format":"standard","meta":{"site-sidebar-layout":"default","site-content-layout":"","ast-site-content-layout":"","site-content-style":"default","site-sidebar-style":"default","ast-global-header-display":"","ast-banner-title-visibility":"","ast-main-header-display":"","ast-hfb-above-header-display":"","ast-hfb-below-header-display":"","ast-hfb-mobile-header-display":"","site-post-title":"","ast-breadcrumbs-content":"","ast-featured-img":"","footer-sml-layout":"","theme-transparent-header-meta":"","adv-header-id-meta":"","stick-header-meta":"","header-above-stick-meta":"","header-main-stick-meta":"","header-below-stick-meta":"","astra-migrate-meta-layouts":"default","ast-page-background-enabled":"default","ast-page-background-meta":{"desktop":{"background-color":"var(--ast-global-color-4)","background-image":"","background-repeat":"repeat","background-position":"center center","background-size":"auto","background-attachment":"scroll","background-type":"","background-media":"","overlay-type":"","overlay-color":"","overlay-gradient":""},"tablet":{"background-color":"","background-image":"","background-repeat":"repeat","background-position":"center center","background-size":"auto","background-attachment":"scroll","background-type":"","background-media":"","overlay-type":"","overlay-color":"","overlay-gradient":""},"mobile":{"background-color":"","background-image":"","background-repeat":"repeat","background-position":"center center","background-size":"auto","background-attachment":"scroll","background-type":"","background-media":"","overlay-type":"","overlay-color":"","overlay-gradient":""}},"ast-content-background-meta":{"desktop":{"background-color":"var(--ast-global-color-5)","background-image":"","background-repeat":"repeat","background-position":"center center","background-size":"auto","background-attachment":"scroll","background-type":"","background-media":"","overlay-type":"","overlay-color":"","overlay-gradient":""},"tablet":{"background-color":"var(--ast-global-color-5)","background-image":"","background-repeat":"repeat","background-position":"center center","background-size":"auto","background-attachment":"scroll","background-type":"","background-media":"","overlay-type":"","overlay-color":"","overlay-gradient":""},"mobile":{"background-color":"var(--ast-global-color-5)","background-image":"","background-repeat":"repeat","background-position":"center center","background-size":"auto","background-attachment":"scroll","background-type":"","background-media":"","overlay-type":"","overlay-color":"","overlay-gradient":""}},"footnotes":""},"categories":[972,986],"tags":[55924,24388,145412,14873,228074,106045],"class_list":["post-115233","post","type-post","status-publish","format-standard","hentry","category-botanica","category-complutense-de-madrid","tag-adrian-escudero-alcantara","tag-ana-maria-crespo-de-las-casas","tag-borja-jimenez-alfaro-gonzalez","tag-daniel-sanchez-mata","tag-paloma-beatriz-vilches-de-la-serna","tag-rosa-perez-badia"],"_links":{"self":[{"href":"https:\/\/www.deberes.net\/tesis\/wp-json\/wp\/v2\/posts\/115233","targetHints":{"allow":["GET"]}}],"collection":[{"href":"https:\/\/www.deberes.net\/tesis\/wp-json\/wp\/v2\/posts"}],"about":[{"href":"https:\/\/www.deberes.net\/tesis\/wp-json\/wp\/v2\/types\/post"}],"author":[{"embeddable":true,"href":"https:\/\/www.deberes.net\/tesis\/wp-json\/wp\/v2\/users\/1"}],"replies":[{"embeddable":true,"href":"https:\/\/www.deberes.net\/tesis\/wp-json\/wp\/v2\/comments?post=115233"}],"version-history":[{"count":0,"href":"https:\/\/www.deberes.net\/tesis\/wp-json\/wp\/v2\/posts\/115233\/revisions"}],"wp:attachment":[{"href":"https:\/\/www.deberes.net\/tesis\/wp-json\/wp\/v2\/media?parent=115233"}],"wp:term":[{"taxonomy":"category","embeddable":true,"href":"https:\/\/www.deberes.net\/tesis\/wp-json\/wp\/v2\/categories?post=115233"},{"taxonomy":"post_tag","embeddable":true,"href":"https:\/\/www.deberes.net\/tesis\/wp-json\/wp\/v2\/tags?post=115233"}],"curies":[{"name":"wp","href":"https:\/\/api.w.org\/{rel}","templated":true}]}}