{"id":115238,"date":"2014-11-02T00:00:00","date_gmt":"2014-11-02T00:00:00","guid":{"rendered":"https:\/\/www.deberes.net\/tesis\/sin-categoria\/el-profesorado-del-instituto-nacional-de-fisica-y-quimica\/"},"modified":"2014-11-02T00:00:00","modified_gmt":"2014-11-02T00:00:00","slug":"el-profesorado-del-instituto-nacional-de-fisica-y-quimica","status":"publish","type":"post","link":"https:\/\/www.deberes.net\/tesis\/complutense-de-madrid\/el-profesorado-del-instituto-nacional-de-fisica-y-quimica\/","title":{"rendered":"El profesorado del instituto nacional de fisica y quimica"},"content":{"rendered":"<h2>Tesis doctoral de <strong> Rosario Est\u00edvaliz Fern\u00e1ndez Ter\u00e1n <\/strong><\/h2>\n<p>El 6 de febrero de 1932 el ministro de instrucci\u00f3n p\u00fablica, fernando de los r\u00edos urruti, tomaba posesi\u00f3n del edificio y material que el international education board de la fundaci\u00f3n rockefeller donaba al estado espa\u00f1ol con destino a instituto nacional de f\u00edsica y qu\u00edmica, y hac\u00eda su entrega a la junta para ampliaci\u00f3n de estudios. el nuevo centro supon\u00eda el premio a la labor en f\u00edsica y qu\u00edmica desarrollada en el laboratorio de investigaciones f\u00edsicas de la jae, y quedaba constituido con secciones de electricidad y magnetismo (bajo la direcci\u00f3n de blas cabrera), rayos x (julio palacios mart\u00ednez), espectroscop\u00eda (miguel a. Catal\u00e1n sa\u00f1udo), qu\u00edmica-f\u00edsica (enrique moles ormella), qu\u00edmica org\u00e1nica (antonio madinaveitia tabuyo) y electroqu\u00edmica (julio guzm\u00e1n carrancio) si durante los a\u00f1os transcurridos entre la creaci\u00f3n del laboratorio de investigaciones f\u00edsicas, en 1910, y la inauguraci\u00f3n del instituto nacional de f\u00edsica y qu\u00edmica, en 1932, el panorama de las ciencias f\u00edsico-qu\u00edmicas en espa\u00f1a hab\u00eda cambiado radicalmente, a partir de ese momento se constatar\u00eda una novedad todav\u00eda m\u00e1s singular en nuestra vida cient\u00edfica: entre 1932 y 1936 no habr\u00eda suficiente sitio en el \u00c2\u00bfrockefeller\u00c2\u00bf para recibir a todos los estudiantes que quer\u00edan venir desde el extranjero a aprender, investigar, experimentar y realizar sus tesis doctorales bajo la direcci\u00f3n de cabrera y del resto de los jefes de las secciones. esta manifestaci\u00f3n singular de encuentro con europa constituy\u00f3 uno de los ejemplos m\u00e1s importantes de convergencia de los espa\u00f1oles con la ciencia y la cultura internacional tras siglos de decadencia. Realmente, el instituto nacional de f\u00edsica y qu\u00edmica puede afirmarse que constituir\u00eda uno de los logros m\u00e1s importantes, quiz\u00e1 la culminaci\u00f3n de toda la pol\u00edtica de la junta para ampliaci\u00f3n de estudios iniciada en 1907. Se hab\u00eda pasado del \u00c2\u00bfhablar de ciencia\u00c2\u00bf al \u00c2\u00bfhacer ciencia\u00c2\u00bf y el \u00c2\u00bfense\u00f1ar ciencia\u00c2\u00bf al modo y al nivel europeo y con el reconocimiento general de la comunidad cient\u00edfica. pero, con la llegada de la guerra civil, la ruptura ser\u00eda total, en la universidad y en todos y cada uno de los centros de la jae. Todos los profesores del instituto sufrir\u00edan un doloroso proceso de depuraci\u00f3n en el que se les har\u00edan imputaciones de todo tipo. Y todos los profesores del \u00c2\u00bfrockefeller\u00c2\u00bf compartir\u00edan tambi\u00e9n el drama del exilio en sus diversas modalidades, ante un nuevo r\u00e9gimen salido de la guerra civil que opt\u00f3 por cercenar toda posible reconciliaci\u00f3n entre espa\u00f1oles.  mientras se levantaba el consejo superior de investigaciones cient\u00edficas sobre las cenizas de la junta para ampliaci\u00f3n de estudios, el que hab\u00eda sido director del instituto nacional de f\u00edsica y qu\u00edmica, blas cabrera, se encaminaba a su destino final en m\u00e9xico, donde fallecer\u00eda en 1945. En m\u00e9xico, a donde hab\u00eda llegado en 1939, morir\u00eda tambi\u00e9n antonio madinaveitia en 1974, un a\u00f1o antes del final de la dictadura. Enrique moles, exiliado inicialmente en francia, atender\u00eda la llamada del franquismo volviendo a espa\u00f1a en 1941, inici\u00e1ndose para \u00e9l un calvario nada m\u00e1s cruzar la frontera que le llevar\u00eda a una muerte prematura en 1953. Miguel catal\u00e1n, quien pas\u00f3 la guerra en la zona nacional, sufrir\u00eda un exilio interior en espa\u00f1a, apartado de su c\u00e1tedra hasta 1945, falleciendo en 1957, tambi\u00e9n antes de alcanzar la edad de jubilaci\u00f3n. Incluso julio palacios, quintacolumnista nacional en Madrid durante la contienda, ser\u00eda confinado en almansa en 1944 antes de optar por un autoexilio en lisboa consentido por el r\u00e9gimen. de hecho, en la trayectoria del profesorado del instituto nacional de f\u00edsica y qu\u00edmica se manifiestan e ilustran a la perfecci\u00f3n, tanto la consagraci\u00f3n del \u00e9xito de nuestra vida educativa e investigadora entre 1907 y 1936, como la constataci\u00f3n del fracaso de un pueblo como el espa\u00f1ol con la tragedia que sufri\u00f3 desde 1936.<\/p>\n<p>&nbsp;<\/p>\n<h3>Datos acad\u00e9micos de la tesis doctoral \u00ab<strong>El profesorado del instituto nacional de fisica y quimica<\/strong>\u00ab<\/h3>\n<ul>\n<li><strong>T\u00edtulo de la tesis:<\/strong>\u00a0 El profesorado del instituto nacional de fisica y quimica <\/li>\n<li><strong>Autor:<\/strong>\u00a0 Rosario Est\u00edvaliz Fern\u00e1ndez Ter\u00e1n <\/li>\n<li><strong>Universidad:<\/strong>\u00a0 Complutense de Madrid<\/li>\n<li><strong>Fecha de lectura de la tesis:<\/strong>\u00a0 11\/02\/2014<\/li>\n<\/ul>\n<p>&nbsp;<\/p>\n<h3>Direcci\u00f3n y tribunal<\/h3>\n<ul>\n<li><strong>Director de la tesis<\/strong>\n<ul>\n<li>Sara Ramos Zamora<\/li>\n<\/ul>\n<\/li>\n<li><strong>Tribunal<\/strong>\n<ul>\n<li>Presidente del tribunal: Luis Arranz m\u00e1rquez <\/li>\n<li>Miguel angel Galvez huerta (vocal)<\/li>\n<li>gabriela Ossenbach sauter (vocal)<\/li>\n<li>Alberto Gomis blanco (vocal)<\/li>\n<\/ul>\n<\/li>\n<\/ul>\n<p>&nbsp;<\/p>\n","protected":false},"excerpt":{"rendered":"<p>Tesis doctoral de Rosario Est\u00edvaliz Fern\u00e1ndez Ter\u00e1n El 6 de febrero de 1932 el ministro de instrucci\u00f3n p\u00fablica, fernando de [&hellip;]<\/p>\n","protected":false},"author":1,"featured_media":0,"comment_status":"open","ping_status":"open","sticky":false,"template":"","format":"standard","meta":{"site-sidebar-layout":"default","site-content-layout":"","ast-site-content-layout":"","site-content-style":"default","site-sidebar-style":"default","ast-global-header-display":"","ast-banner-title-visibility":"","ast-main-header-display":"","ast-hfb-above-header-display":"","ast-hfb-below-header-display":"","ast-hfb-mobile-header-display":"","site-post-title":"","ast-breadcrumbs-content":"","ast-featured-img":"","footer-sml-layout":"","theme-transparent-header-meta":"","adv-header-id-meta":"","stick-header-meta":"","header-above-stick-meta":"","header-main-stick-meta":"","header-below-stick-meta":"","astra-migrate-meta-layouts":"default","ast-page-background-enabled":"default","ast-page-background-meta":{"desktop":{"background-color":"var(--ast-global-color-4)","background-image":"","background-repeat":"repeat","background-position":"center center","background-size":"auto","background-attachment":"scroll","background-type":"","background-media":"","overlay-type":"","overlay-color":"","overlay-gradient":""},"tablet":{"background-color":"","background-image":"","background-repeat":"repeat","background-position":"center center","background-size":"auto","background-attachment":"scroll","background-type":"","background-media":"","overlay-type":"","overlay-color":"","overlay-gradient":""},"mobile":{"background-color":"","background-image":"","background-repeat":"repeat","background-position":"center center","background-size":"auto","background-attachment":"scroll","background-type":"","background-media":"","overlay-type":"","overlay-color":"","overlay-gradient":""}},"ast-content-background-meta":{"desktop":{"background-color":"var(--ast-global-color-5)","background-image":"","background-repeat":"repeat","background-position":"center center","background-size":"auto","background-attachment":"scroll","background-type":"","background-media":"","overlay-type":"","overlay-color":"","overlay-gradient":""},"tablet":{"background-color":"var(--ast-global-color-5)","background-image":"","background-repeat":"repeat","background-position":"center center","background-size":"auto","background-attachment":"scroll","background-type":"","background-media":"","overlay-type":"","overlay-color":"","overlay-gradient":""},"mobile":{"background-color":"var(--ast-global-color-5)","background-image":"","background-repeat":"repeat","background-position":"center center","background-size":"auto","background-attachment":"scroll","background-type":"","background-media":"","overlay-type":"","overlay-color":"","overlay-gradient":""}},"footnotes":""},"categories":[986,1140],"tags":[4920,39507,27943,91281,228083,156667],"class_list":["post-115238","post","type-post","status-publish","format-standard","hentry","category-complutense-de-madrid","category-formacion-y-empleo-de-profesores","tag-alberto-gomis-blanco","tag-gabriela-ossenbach-sauter","tag-luis-arranz-marquez","tag-miguel-angel-galvez-huerta","tag-rosario-estivaliz-fernandez-teran","tag-sara-ramos-zamora"],"_links":{"self":[{"href":"https:\/\/www.deberes.net\/tesis\/wp-json\/wp\/v2\/posts\/115238","targetHints":{"allow":["GET"]}}],"collection":[{"href":"https:\/\/www.deberes.net\/tesis\/wp-json\/wp\/v2\/posts"}],"about":[{"href":"https:\/\/www.deberes.net\/tesis\/wp-json\/wp\/v2\/types\/post"}],"author":[{"embeddable":true,"href":"https:\/\/www.deberes.net\/tesis\/wp-json\/wp\/v2\/users\/1"}],"replies":[{"embeddable":true,"href":"https:\/\/www.deberes.net\/tesis\/wp-json\/wp\/v2\/comments?post=115238"}],"version-history":[{"count":0,"href":"https:\/\/www.deberes.net\/tesis\/wp-json\/wp\/v2\/posts\/115238\/revisions"}],"wp:attachment":[{"href":"https:\/\/www.deberes.net\/tesis\/wp-json\/wp\/v2\/media?parent=115238"}],"wp:term":[{"taxonomy":"category","embeddable":true,"href":"https:\/\/www.deberes.net\/tesis\/wp-json\/wp\/v2\/categories?post=115238"},{"taxonomy":"post_tag","embeddable":true,"href":"https:\/\/www.deberes.net\/tesis\/wp-json\/wp\/v2\/tags?post=115238"}],"curies":[{"name":"wp","href":"https:\/\/api.w.org\/{rel}","templated":true}]}}