{"id":115339,"date":"2014-05-03T00:00:00","date_gmt":"2014-05-03T00:00:00","guid":{"rendered":"https:\/\/www.deberes.net\/tesis\/sin-categoria\/produccion-de-nucleos-de-deutorio-y-antideuterio-en-el-experimento-alice-del-lhc\/"},"modified":"2014-05-03T00:00:00","modified_gmt":"2014-05-03T00:00:00","slug":"produccion-de-nucleos-de-deutorio-y-antideuterio-en-el-experimento-alice-del-lhc","status":"publish","type":"post","link":"https:\/\/www.deberes.net\/tesis\/complutense-de-madrid\/produccion-de-nucleos-de-deutorio-y-antideuterio-en-el-experimento-alice-del-lhc\/","title":{"rendered":"Producci\u00f3n de n\u00facleos de deutorio y antideuterio en el experimento alice del lhc"},"content":{"rendered":"<h2>Tesis doctoral de <strong> Eulogio Serradilla Rodriguez <\/strong><\/h2>\n<p>En esta tesis se presentan las medidas de la secci\u00f3n eficaz diferencial invariante de deuterones y antideuterones en las colisiones prot\u00f3n-prot\u00f3n a las energ\u00edas en centro de masas de 900 gev, 2.76 tev y 7 tev en el intervalo de momentos transversos de 0.8 gev\/c a 3 gev\/c y rapidez |y|  <  0.5. Adem\u00e1s, tambi\u00e9n se presenta la secci\u00f3n eficaz diferencial invariante de los n\u00facleos de antitritio para momentos transversos de 1.2 a 1.8 gev\/c, y de los n\u00facleos de antihelio-3 para momentos transversos de 1.2 gev\/c a 6 gev\/c, siendo la primera vez en la que se obtienen medidas de estos antin\u00facleos en las colisiones prot\u00f3n-prot\u00f3n.  se observa que la independencia con la energ\u00eda del par\u00e1metro de coalescencia, b2, se extiende tambi\u00e9n a las energ\u00edas del lhc, y que los valores de este par\u00e1metro para deuterones y antideuterones son compatibles. Adem\u00e1s, la relaci\u00f3n antideuter\u00f3n\/deuter\u00f3n es consistente con el cuadrado de la relaci\u00f3n antiprot\u00f3n\/prot\u00f3n, y las medidas muestran un aumento del par\u00e1metro b2 con el momento transverso. Tambi\u00e9n se ha encontrado que el par\u00e1metro de coalescencia, b3, para los n\u00facleos de antitritio y antihelio-3 es consistente con el cuadrado del par\u00e1metro b2 y con las medidas de las colisiones prot\u00f3n-n\u00facleo.  por otro lado, el par\u00e1metro b2 disminuye en los sucesos prot\u00f3n-prot\u00f3n con alta multiplicidad cargada, y los valores obtenidos son consistentes con los valores extra\u00eddos de manera independiente de las correlaciones bose-einstein de parejas de piones. Adem\u00e1s, las relaciones deuter\u00f3n\/prot\u00f3n y antideuter\u00f3n\/antiprot\u00f3n aumentan al incrementar la multiplicidad cargada, mientras que las relaciones antiprot\u00f3n\/prot\u00f3n y antideuter\u00f3n\/deuter\u00f3n no cambian con la multiplicidad. Y por \u00faltimo, los datos indican que los n\u00facleos m\u00e1s pesados (a  >  2) se producen preferentemente en los sucesos prot\u00f3n-prot\u00f3n con alta multiplicidad de part\u00edculas cargadas.   palabras clave: deuter\u00f3n, antideuter\u00f3n, antin\u00facleo, coalescencia, alice<\/p>\n<p>&nbsp;<\/p>\n<h3>Datos acad\u00e9micos de la tesis doctoral \u00ab<strong>Producci\u00f3n de n\u00facleos de deutorio y antideuterio en el experimento alice del lhc<\/strong>\u00ab<\/h3>\n<ul>\n<li><strong>T\u00edtulo de la tesis:<\/strong>\u00a0 Producci\u00f3n de n\u00facleos de deutorio y antideuterio en el experimento alice del lhc <\/li>\n<li><strong>Autor:<\/strong>\u00a0 Eulogio Serradilla Rodriguez <\/li>\n<li><strong>Universidad:<\/strong>\u00a0 Complutense de Madrid<\/li>\n<li><strong>Fecha de lectura de la tesis:<\/strong>\u00a0 05\/03\/2014<\/li>\n<\/ul>\n<p>&nbsp;<\/p>\n<h3>Direcci\u00f3n y tribunal<\/h3>\n<ul>\n<li><strong>Director de la tesis<\/strong>\n<ul>\n<li>Arturo Alejandro Menchaca Rocha<\/li>\n<\/ul>\n<\/li>\n<li><strong>Tribunal<\/strong>\n<ul>\n<li>Presidente del tribunal: fernando Arqueros mart\u00ednez <\/li>\n<li>Carlos Jos\u00e9 Delgado m\u00e9ndez (vocal)<\/li>\n<li>Ana Mar\u00eda Mar\u00edn Garc\u00eda (vocal)<\/li>\n<li>bego\u00f1a De la cruz mart\u00ednez (vocal)<\/li>\n<\/ul>\n<\/li>\n<\/ul>\n<p>&nbsp;<\/p>\n","protected":false},"excerpt":{"rendered":"<p>Tesis doctoral de Eulogio Serradilla Rodriguez En esta tesis se presentan las medidas de la secci\u00f3n eficaz diferencial invariante de [&hellip;]<\/p>\n","protected":false},"author":1,"featured_media":0,"comment_status":"open","ping_status":"open","sticky":false,"template":"","format":"standard","meta":{"site-sidebar-layout":"default","site-content-layout":"","ast-site-content-layout":"","site-content-style":"default","site-sidebar-style":"default","ast-global-header-display":"","ast-banner-title-visibility":"","ast-main-header-display":"","ast-hfb-above-header-display":"","ast-hfb-below-header-display":"","ast-hfb-mobile-header-display":"","site-post-title":"","ast-breadcrumbs-content":"","ast-featured-img":"","footer-sml-layout":"","theme-transparent-header-meta":"","adv-header-id-meta":"","stick-header-meta":"","header-above-stick-meta":"","header-main-stick-meta":"","header-below-stick-meta":"","astra-migrate-meta-layouts":"default","ast-page-background-enabled":"default","ast-page-background-meta":{"desktop":{"background-color":"var(--ast-global-color-4)","background-image":"","background-repeat":"repeat","background-position":"center center","background-size":"auto","background-attachment":"scroll","background-type":"","background-media":"","overlay-type":"","overlay-color":"","overlay-gradient":""},"tablet":{"background-color":"","background-image":"","background-repeat":"repeat","background-position":"center center","background-size":"auto","background-attachment":"scroll","background-type":"","background-media":"","overlay-type":"","overlay-color":"","overlay-gradient":""},"mobile":{"background-color":"","background-image":"","background-repeat":"repeat","background-position":"center center","background-size":"auto","background-attachment":"scroll","background-type":"","background-media":"","overlay-type":"","overlay-color":"","overlay-gradient":""}},"ast-content-background-meta":{"desktop":{"background-color":"var(--ast-global-color-5)","background-image":"","background-repeat":"repeat","background-position":"center center","background-size":"auto","background-attachment":"scroll","background-type":"","background-media":"","overlay-type":"","overlay-color":"","overlay-gradient":""},"tablet":{"background-color":"var(--ast-global-color-5)","background-image":"","background-repeat":"repeat","background-position":"center center","background-size":"auto","background-attachment":"scroll","background-type":"","background-media":"","overlay-type":"","overlay-color":"","overlay-gradient":""},"mobile":{"background-color":"var(--ast-global-color-5)","background-image":"","background-repeat":"repeat","background-position":"center center","background-size":"auto","background-attachment":"scroll","background-type":"","background-media":"","overlay-type":"","overlay-color":"","overlay-gradient":""}},"footnotes":""},"categories":[986,3378],"tags":[228220,228219,214608,224771,228218,7332],"class_list":["post-115339","post","type-post","status-publish","format-standard","hentry","category-complutense-de-madrid","category-fisica-atomica-y-nuclear","tag-ana-maria-marin-garcia","tag-arturo-alejandro-menchaca-rocha","tag-begona-de-la-cruz-Martinez","tag-carlos-jose-delgado-mendez","tag-eulogio-serradilla-rodriguez","tag-fernando-arqueros-Martinez"],"_links":{"self":[{"href":"https:\/\/www.deberes.net\/tesis\/wp-json\/wp\/v2\/posts\/115339","targetHints":{"allow":["GET"]}}],"collection":[{"href":"https:\/\/www.deberes.net\/tesis\/wp-json\/wp\/v2\/posts"}],"about":[{"href":"https:\/\/www.deberes.net\/tesis\/wp-json\/wp\/v2\/types\/post"}],"author":[{"embeddable":true,"href":"https:\/\/www.deberes.net\/tesis\/wp-json\/wp\/v2\/users\/1"}],"replies":[{"embeddable":true,"href":"https:\/\/www.deberes.net\/tesis\/wp-json\/wp\/v2\/comments?post=115339"}],"version-history":[{"count":0,"href":"https:\/\/www.deberes.net\/tesis\/wp-json\/wp\/v2\/posts\/115339\/revisions"}],"wp:attachment":[{"href":"https:\/\/www.deberes.net\/tesis\/wp-json\/wp\/v2\/media?parent=115339"}],"wp:term":[{"taxonomy":"category","embeddable":true,"href":"https:\/\/www.deberes.net\/tesis\/wp-json\/wp\/v2\/categories?post=115339"},{"taxonomy":"post_tag","embeddable":true,"href":"https:\/\/www.deberes.net\/tesis\/wp-json\/wp\/v2\/tags?post=115339"}],"curies":[{"name":"wp","href":"https:\/\/api.w.org\/{rel}","templated":true}]}}