{"id":115361,"date":"2014-07-03T00:00:00","date_gmt":"2014-07-03T00:00:00","guid":{"rendered":"https:\/\/www.deberes.net\/tesis\/sin-categoria\/el-colegio-de-la-compania-de-jesus-de-segovia-espiritualidad-historia-y-arte-1557-1767\/"},"modified":"2014-07-03T00:00:00","modified_gmt":"2014-07-03T00:00:00","slug":"el-colegio-de-la-compania-de-jesus-de-segovia-espiritualidad-historia-y-arte-1557-1767","status":"publish","type":"post","link":"https:\/\/www.deberes.net\/tesis\/historias-especializadas\/el-colegio-de-la-compania-de-jesus-de-segovia-espiritualidad-historia-y-arte-1557-1767\/","title":{"rendered":"El colegio de la compa\u00f1ia de jesus de segovia. espiritualidad, historia y arte (1557-1767)"},"content":{"rendered":"<h2>Tesis doctoral de <strong> Cristina Garcia Oviedo <\/strong><\/h2>\n<p>El colegio de la compa\u00f1\u00eda de jes\u00fas de segovia: espiritualidad, historia y arte (1557-1767) res\u00famen. esta tesis doctoral pretende acercar una primera presentaci\u00f3n global de lo que fue esta instituci\u00f3n educativa en la ciudad de segovia durante los a\u00f1os de existencia. Para ello se ha delimitado una estructura en cuatro partes: la primera es una introducci\u00f3n a las generalidades de la compa\u00f1\u00eda de jes\u00fas, desde su fundaci\u00f3n hasta su primera expulsi\u00f3n en 1767, teniendo en cuenta su forma de gobierno y organizaci\u00f3n en la provincia de castilla, adem\u00e1s de un estado de la cuesti\u00f3n sobre el mecenazgo y la arquitectura dentro de la orden. Se cierra esta parte introductoria con un estado de la cuesti\u00f3n sobre las investigaciones concretas sobre este edificio segoviano, llegando a la conclusi\u00f3n la falta de informaci\u00f3n imperante. la segunda parte se centra en la realidad segoviana tanto religiosa como civil, para establecer a qu\u00e9 ciudad llegaron los jesuitas en 1557, fecha aportada que se adelanta dos a\u00f1os a lo que se cre\u00eda hasta ahora. la tercera parte es una primera historia del colegio de la compa\u00f1\u00eda de jes\u00fas de segovia, instituci\u00f3n que recibi\u00f3 la advocaci\u00f3n de san felipe y santiago. Para ello se recopilan informaciones hasta ahora in\u00e9ditas, sobre sus inicios, las personas que vivieron en \u00e9l, los ministerios que realizaron, y c\u00f3mo se desarrollaron las actividades educativas en \u00e9l, principalmente condicionadas por los obispos de la di\u00f3cesis. la cuarta parte recompone una nueva historia de la construcci\u00f3n del edificio, y recompone la iglesia que precipitadamente tuvieron que abandonar los jesuitas en 1767. Se habla, por primera vez, del modo segoviano, consistente en adaptar la pr\u00e1ctica edilicia de los jesuitas \u00c2\u00bfmodo nostro- a la realidad cultural segoviana de finales del siglo xvi y comienzos del siglo xvii. todo ese trabajo se cierra con unas conclusiones e hip\u00f3tesis de futuro, que se basan en el material documental, que se ampl\u00eda en el ap\u00e9ndice documental, y con una amplia selecci\u00f3n bibliogr\u00e1fica citada a lo largo del texto.<\/p>\n<p>&nbsp;<\/p>\n<h3>Datos acad\u00e9micos de la tesis doctoral \u00ab<strong>El colegio de la compa\u00f1ia de jesus de segovia. espiritualidad, historia y arte (1557-1767)<\/strong>\u00ab<\/h3>\n<ul>\n<li><strong>T\u00edtulo de la tesis:<\/strong>\u00a0 El colegio de la compa\u00f1ia de jesus de segovia. espiritualidad, historia y arte (1557-1767) <\/li>\n<li><strong>Autor:<\/strong>\u00a0 Cristina Garcia Oviedo <\/li>\n<li><strong>Universidad:<\/strong>\u00a0 Complutense de Madrid<\/li>\n<li><strong>Fecha de lectura de la tesis:<\/strong>\u00a0 07\/03\/2014<\/li>\n<\/ul>\n<p>&nbsp;<\/p>\n<h3>Direcci\u00f3n y tribunal<\/h3>\n<ul>\n<li><strong>Director de la tesis<\/strong>\n<ul>\n<li>Jes\u00fas Cantera Montenegro<\/li>\n<\/ul>\n<\/li>\n<li><strong>Tribunal<\/strong>\n<ul>\n<li>Presidente del tribunal: Francisco jos\u00e9 Portela sandoval <\/li>\n<li>bonifacio Bartolom\u00e9 herrero (vocal)<\/li>\n<li>Miguel Larra\u00f1aga zulueta (vocal)<\/li>\n<li>maximiliano Barrio gozalo (vocal)<\/li>\n<\/ul>\n<\/li>\n<\/ul>\n<p>&nbsp;<\/p>\n","protected":false},"excerpt":{"rendered":"<p>Tesis doctoral de Cristina Garcia Oviedo El colegio de la compa\u00f1\u00eda de jes\u00fas de segovia: espiritualidad, historia y arte (1557-1767) [&hellip;]<\/p>\n","protected":false},"author":1,"featured_media":0,"comment_status":"open","ping_status":"open","sticky":false,"template":"","format":"standard","meta":{"site-sidebar-layout":"default","site-content-layout":"","ast-site-content-layout":"","site-content-style":"default","site-sidebar-style":"default","ast-global-header-display":"","ast-banner-title-visibility":"","ast-main-header-display":"","ast-hfb-above-header-display":"","ast-hfb-below-header-display":"","ast-hfb-mobile-header-display":"","site-post-title":"","ast-breadcrumbs-content":"","ast-featured-img":"","footer-sml-layout":"","theme-transparent-header-meta":"","adv-header-id-meta":"","stick-header-meta":"","header-above-stick-meta":"","header-main-stick-meta":"","header-below-stick-meta":"","astra-migrate-meta-layouts":"default","ast-page-background-enabled":"default","ast-page-background-meta":{"desktop":{"background-color":"var(--ast-global-color-4)","background-image":"","background-repeat":"repeat","background-position":"center center","background-size":"auto","background-attachment":"scroll","background-type":"","background-media":"","overlay-type":"","overlay-color":"","overlay-gradient":""},"tablet":{"background-color":"","background-image":"","background-repeat":"repeat","background-position":"center center","background-size":"auto","background-attachment":"scroll","background-type":"","background-media":"","overlay-type":"","overlay-color":"","overlay-gradient":""},"mobile":{"background-color":"","background-image":"","background-repeat":"repeat","background-position":"center center","background-size":"auto","background-attachment":"scroll","background-type":"","background-media":"","overlay-type":"","overlay-color":"","overlay-gradient":""}},"ast-content-background-meta":{"desktop":{"background-color":"var(--ast-global-color-5)","background-image":"","background-repeat":"repeat","background-position":"center center","background-size":"auto","background-attachment":"scroll","background-type":"","background-media":"","overlay-type":"","overlay-color":"","overlay-gradient":""},"tablet":{"background-color":"var(--ast-global-color-5)","background-image":"","background-repeat":"repeat","background-position":"center center","background-size":"auto","background-attachment":"scroll","background-type":"","background-media":"","overlay-type":"","overlay-color":"","overlay-gradient":""},"mobile":{"background-color":"var(--ast-global-color-5)","background-image":"","background-repeat":"repeat","background-position":"center center","background-size":"auto","background-attachment":"scroll","background-type":"","background-media":"","overlay-type":"","overlay-color":"","overlay-gradient":""}},"footnotes":""},"categories":[986,222],"tags":[178411,228255,5884,23063,53411,161385],"class_list":["post-115361","post","type-post","status-publish","format-standard","hentry","category-complutense-de-madrid","category-historias-especializadas","tag-bonifacio-bartolome-herrero","tag-cristina-garcia-oviedo","tag-francisco-jose-portela-sandoval","tag-jesus-cantera-montenegro","tag-maximiliano-barrio-gozalo","tag-miguel-larranaga-zulueta"],"_links":{"self":[{"href":"https:\/\/www.deberes.net\/tesis\/wp-json\/wp\/v2\/posts\/115361","targetHints":{"allow":["GET"]}}],"collection":[{"href":"https:\/\/www.deberes.net\/tesis\/wp-json\/wp\/v2\/posts"}],"about":[{"href":"https:\/\/www.deberes.net\/tesis\/wp-json\/wp\/v2\/types\/post"}],"author":[{"embeddable":true,"href":"https:\/\/www.deberes.net\/tesis\/wp-json\/wp\/v2\/users\/1"}],"replies":[{"embeddable":true,"href":"https:\/\/www.deberes.net\/tesis\/wp-json\/wp\/v2\/comments?post=115361"}],"version-history":[{"count":0,"href":"https:\/\/www.deberes.net\/tesis\/wp-json\/wp\/v2\/posts\/115361\/revisions"}],"wp:attachment":[{"href":"https:\/\/www.deberes.net\/tesis\/wp-json\/wp\/v2\/media?parent=115361"}],"wp:term":[{"taxonomy":"category","embeddable":true,"href":"https:\/\/www.deberes.net\/tesis\/wp-json\/wp\/v2\/categories?post=115361"},{"taxonomy":"post_tag","embeddable":true,"href":"https:\/\/www.deberes.net\/tesis\/wp-json\/wp\/v2\/tags?post=115361"}],"curies":[{"name":"wp","href":"https:\/\/api.w.org\/{rel}","templated":true}]}}