{"id":115442,"date":"2018-03-11T10:43:58","date_gmt":"2018-03-11T10:43:58","guid":{"rendered":"https:\/\/www.deberes.net\/tesis\/sin-categoria\/del-cuerpo-erogeno-al-cuerpo-tecnologizado-implicaciones-eticas-y-esteticas-subyacentes-en-la-constitucion-del-sujeto-contemporaneo\/"},"modified":"2018-03-11T10:43:58","modified_gmt":"2018-03-11T10:43:58","slug":"del-cuerpo-erogeno-al-cuerpo-tecnologizado-implicaciones-eticas-y-esteticas-subyacentes-en-la-constitucion-del-sujeto-contemporaneo","status":"publish","type":"post","link":"https:\/\/www.deberes.net\/tesis\/filosofia-de-la-ciencia\/del-cuerpo-erogeno-al-cuerpo-tecnologizado-implicaciones-eticas-y-esteticas-subyacentes-en-la-constitucion-del-sujeto-contemporaneo\/","title":{"rendered":"Del cuerpo er\u00f3geno al cuerpo tecnologizado. implicaciones \u00e9ticas y est\u00e9ticas subyacentes en la constituci\u00f3n del sujeto contempor\u00e1neo"},"content":{"rendered":"<h2>Tesis doctoral de <strong> Dario Jose Arteta Alba <\/strong><\/h2>\n<p>La construcci\u00f3n del cuerpo tecnologizado, a trav\u00e9s de la pr\u00e1ctica tecnocient\u00edfica, y las implicaciones \u00e9ticas y est\u00e9ticas subyacen en la constituci\u00f3n del sujeto, es el eje problem\u00e1tico y controversial sobre el que gira el tema que se profundiza en esta tesis doctoral. Por lo tanto, lo que hemos pretendido es avanzar en el conocimiento de las tensiones y representaciones que se generan a patir de los desarrollos de la tecnociencia y las transformaciones que se operan sobre el cuerpo, analizando las nuevas formas de subjetividad e identidad desencadenadas en la sociedad contempor\u00e1nea a consecuencia de los avances tecnocient\u00edficos.<\/p>\n<p>&nbsp;<\/p>\n<h3>Datos acad\u00e9micos de la tesis doctoral \u00ab<strong>Del cuerpo er\u00f3geno al cuerpo tecnologizado. implicaciones \u00e9ticas y est\u00e9ticas subyacentes en la constituci\u00f3n del sujeto contempor\u00e1neo<\/strong>\u00ab<\/h3>\n<ul>\n<li><strong>T\u00edtulo de la tesis:<\/strong>\u00a0 Del cuerpo er\u00f3geno al cuerpo tecnologizado. implicaciones \u00e9ticas y est\u00e9ticas subyacentes en la constituci\u00f3n del sujeto contempor\u00e1neo <\/li>\n<li><strong>Autor:<\/strong>\u00a0 Dario Jose Arteta Alba <\/li>\n<li><strong>Universidad:<\/strong>\u00a0 Pa\u00eds vasco\/euskal herriko unibertsitatea<\/li>\n<li><strong>Fecha de lectura de la tesis:<\/strong>\u00a0 28\/03\/2014<\/li>\n<\/ul>\n<p>&nbsp;<\/p>\n<h3>Direcci\u00f3n y tribunal<\/h3>\n<ul>\n<li><strong>Director de la tesis<\/strong>\n<ul>\n<li>Jos\u00e9 Ignacio Galparsoro Ruiz<\/li>\n<\/ul>\n<\/li>\n<li><strong>Tribunal<\/strong>\n<ul>\n<li>Presidente del tribunal: nicanor Ursua lezaun <\/li>\n<li>victor Gomez pin (vocal)<\/li>\n<li>cristina Lasa ochoteco (vocal)<\/li>\n<li>ruperto Arrocha gonzales (vocal)<\/li>\n<\/ul>\n<\/li>\n<\/ul>\n<p>&nbsp;<\/p>\n","protected":false},"excerpt":{"rendered":"<p>Tesis doctoral de Dario Jose Arteta Alba La construcci\u00f3n del cuerpo tecnologizado, a trav\u00e9s de la pr\u00e1ctica tecnocient\u00edfica, y las [&hellip;]<\/p>\n","protected":false},"author":1,"featured_media":0,"comment_status":"open","ping_status":"open","sticky":false,"template":"","format":"standard","meta":{"site-sidebar-layout":"default","site-content-layout":"","ast-site-content-layout":"","site-content-style":"default","site-sidebar-style":"default","ast-global-header-display":"","ast-banner-title-visibility":"","ast-main-header-display":"","ast-hfb-above-header-display":"","ast-hfb-below-header-display":"","ast-hfb-mobile-header-display":"","site-post-title":"","ast-breadcrumbs-content":"","ast-featured-img":"","footer-sml-layout":"","theme-transparent-header-meta":"","adv-header-id-meta":"","stick-header-meta":"","header-above-stick-meta":"","header-main-stick-meta":"","header-below-stick-meta":"","astra-migrate-meta-layouts":"default","ast-page-background-enabled":"default","ast-page-background-meta":{"desktop":{"background-color":"var(--ast-global-color-4)","background-image":"","background-repeat":"repeat","background-position":"center center","background-size":"auto","background-attachment":"scroll","background-type":"","background-media":"","overlay-type":"","overlay-color":"","overlay-gradient":""},"tablet":{"background-color":"","background-image":"","background-repeat":"repeat","background-position":"center center","background-size":"auto","background-attachment":"scroll","background-type":"","background-media":"","overlay-type":"","overlay-color":"","overlay-gradient":""},"mobile":{"background-color":"","background-image":"","background-repeat":"repeat","background-position":"center center","background-size":"auto","background-attachment":"scroll","background-type":"","background-media":"","overlay-type":"","overlay-color":"","overlay-gradient":""}},"ast-content-background-meta":{"desktop":{"background-color":"var(--ast-global-color-5)","background-image":"","background-repeat":"repeat","background-position":"center center","background-size":"auto","background-attachment":"scroll","background-type":"","background-media":"","overlay-type":"","overlay-color":"","overlay-gradient":""},"tablet":{"background-color":"var(--ast-global-color-5)","background-image":"","background-repeat":"repeat","background-position":"center center","background-size":"auto","background-attachment":"scroll","background-type":"","background-media":"","overlay-type":"","overlay-color":"","overlay-gradient":""},"mobile":{"background-color":"var(--ast-global-color-5)","background-image":"","background-repeat":"repeat","background-position":"center center","background-size":"auto","background-attachment":"scroll","background-type":"","background-media":"","overlay-type":"","overlay-color":"","overlay-gradient":""}},"footnotes":""},"categories":[6025,1076,12909],"tags":[207208,228366,224010,12306,228367,8504],"class_list":["post-115442","post","type-post","status-publish","format-standard","hentry","category-estudio-psicologico-de-cuestiones-sociales","category-filosofia-de-la-ciencia","category-pais-vasco-euskal-herriko-unibertsitatea","tag-cristina-lasa-ochoteco","tag-dario-jose-arteta-alba","tag-jose-ignacio-galparsoro-ruiz","tag-nicanor-ursua-lezaun","tag-ruperto-arrocha-gonzales","tag-victor-gomez-pin"],"_links":{"self":[{"href":"https:\/\/www.deberes.net\/tesis\/wp-json\/wp\/v2\/posts\/115442","targetHints":{"allow":["GET"]}}],"collection":[{"href":"https:\/\/www.deberes.net\/tesis\/wp-json\/wp\/v2\/posts"}],"about":[{"href":"https:\/\/www.deberes.net\/tesis\/wp-json\/wp\/v2\/types\/post"}],"author":[{"embeddable":true,"href":"https:\/\/www.deberes.net\/tesis\/wp-json\/wp\/v2\/users\/1"}],"replies":[{"embeddable":true,"href":"https:\/\/www.deberes.net\/tesis\/wp-json\/wp\/v2\/comments?post=115442"}],"version-history":[{"count":0,"href":"https:\/\/www.deberes.net\/tesis\/wp-json\/wp\/v2\/posts\/115442\/revisions"}],"wp:attachment":[{"href":"https:\/\/www.deberes.net\/tesis\/wp-json\/wp\/v2\/media?parent=115442"}],"wp:term":[{"taxonomy":"category","embeddable":true,"href":"https:\/\/www.deberes.net\/tesis\/wp-json\/wp\/v2\/categories?post=115442"},{"taxonomy":"post_tag","embeddable":true,"href":"https:\/\/www.deberes.net\/tesis\/wp-json\/wp\/v2\/tags?post=115442"}],"curies":[{"name":"wp","href":"https:\/\/api.w.org\/{rel}","templated":true}]}}