{"id":115455,"date":"2018-03-11T10:43:58","date_gmt":"2018-03-11T10:43:58","guid":{"rendered":"https:\/\/www.deberes.net\/tesis\/sin-categoria\/lo-real-el-nudo-freud-lacan\/"},"modified":"2018-03-11T10:43:58","modified_gmt":"2018-03-11T10:43:58","slug":"lo-real-el-nudo-freud-lacan","status":"publish","type":"post","link":"https:\/\/www.deberes.net\/tesis\/complutense-de-madrid\/lo-real-el-nudo-freud-lacan\/","title":{"rendered":"Lo real: el nudo freud-lacan"},"content":{"rendered":"<h2>Tesis doctoral de <strong> Roberto Carlos Hern\u00e1ndez L\u00f3pez <\/strong><\/h2>\n<p>Desde la cuna, el psicoan\u00e1lisis desbord\u00f3 los muros de hospitales y establecimientos cl\u00ednicos, los c\u00edrculos especializados y los divanes de los barrios burgueses para convertirse en un referente cultural de gran aliento. Al mismo tiempo, nunca le han faltado cr\u00edticos y detractores: a lo largo del siglo pasado e incluso en el actual se han multiplicado quienes no solo debaten y polemizan con el psicoan\u00e1lisis sino quienes lo declaran superado o difunto.Una de las vetas m\u00e1s fecundas dentro del psicoan\u00e1lisis es la que articula las obras de freud y lacan. Fundamento y desarrollo. Lejos de lo que podr\u00eda sugerir la imagen un tanto idealizada como extendida, la relaci\u00f3n entre freud y lacan no se puede caracterizar en un solo trazo. Es una relaci\u00f3n que conoce matices, tensiones y etapas, pero que ha permitido extender el campo psicoanal\u00edtico.Singular en m\u00e1s de un sentido, esta relaci\u00f3n ofrece el marco para esta investigaci\u00f3n que se propone rastrear lo real en los textos de freud \u00c2\u00bfparticularmente en su obra temprana, que algunos denominan prepsicoanal\u00edtica\u00c2\u00bf, una categor\u00eda propiamente lacaniana que forma parte de su conocida tr\u00edada real, simb\u00f3lico e imaginario (rsi), acaso el mayor de jacques lacan al psicoan\u00e1lisis \u00c2\u00bfjunto al llamado objeto a. De esos tres registros, lo real es uno de los m\u00e1s complejos no solo de la tr\u00edada sino de la producci\u00f3n lacaniana; al propio tiempo, de los m\u00e1s trascedentes.A partir de lo real y algunas de sus representaciones en los textos freudianos \u00c2\u00bfsignificativamente el trauma, el sue\u00f1o, el objeto, la cosa\u00c2\u00bf, en este estudio se explora el estatuto y algunas particulares de esa relaci\u00f3n (nudo) entre freud y lacan; se\u00f1aladamente, se sostiene la hip\u00f3tesis de la vigencia del retorno a freud en tanto retorno al sentido de los textos freudianos a partir del cual lacan hace avanzar a freud y su fecundidad para el psicoan\u00e1lisis y la reflexi\u00f3n en general.La apuesta que anima esta investigaci\u00f3n es la de buscar lo que est\u00e1 pero no lleg\u00f3 a ser en freud, lo que sospecha pero no confirma, lo que freud atisba pero no puede nombrar y que lacan logr\u00f3 circunscribir a trav\u00e9s de lo real. Lacan inventa eso que freud descubre. Lo que freud no consigui\u00f3 atar, lacan lo anud\u00f3 con sus tres. Concluimos que el nudo freud-lacan sigue atado y se sostiene por el lenguaje.<\/p>\n<p>&nbsp;<\/p>\n<h3>Datos acad\u00e9micos de la tesis doctoral \u00ab<strong>Lo real: el nudo freud-lacan<\/strong>\u00ab<\/h3>\n<ul>\n<li><strong>T\u00edtulo de la tesis:<\/strong>\u00a0 Lo real: el nudo freud-lacan <\/li>\n<li><strong>Autor:<\/strong>\u00a0 Roberto Carlos Hern\u00e1ndez L\u00f3pez <\/li>\n<li><strong>Universidad:<\/strong>\u00a0 Complutense de Madrid<\/li>\n<li><strong>Fecha de lectura de la tesis:<\/strong>\u00a0 30\/03\/2014<\/li>\n<\/ul>\n<p>&nbsp;<\/p>\n<h3>Direcci\u00f3n y tribunal<\/h3>\n<ul>\n<li><strong>Director de la tesis<\/strong>\n<ul>\n<li>Carlos G\u00f3mez S\u00e1nchez<\/li>\n<\/ul>\n<\/li>\n<li><strong>Tribunal<\/strong>\n<ul>\n<li>Presidente del tribunal: Jos\u00e9 Miguel Marinas herreras <\/li>\n<li>Juan a Rubio romero (vocal)<\/li>\n<li>Jaime Gordo s\u00e1nchez (vocal)<\/li>\n<li>Rafael Huertas garcia alejo (vocal)<\/li>\n<\/ul>\n<\/li>\n<\/ul>\n<p>&nbsp;<\/p>\n","protected":false},"excerpt":{"rendered":"<p>Tesis doctoral de Roberto Carlos Hern\u00e1ndez L\u00f3pez Desde la cuna, el psicoan\u00e1lisis desbord\u00f3 los muros de hospitales y establecimientos cl\u00ednicos, [&hellip;]<\/p>\n","protected":false},"author":1,"featured_media":0,"comment_status":"open","ping_status":"open","sticky":false,"template":"","format":"standard","meta":{"site-sidebar-layout":"default","site-content-layout":"","ast-site-content-layout":"","site-content-style":"default","site-sidebar-style":"default","ast-global-header-display":"","ast-banner-title-visibility":"","ast-main-header-display":"","ast-hfb-above-header-display":"","ast-hfb-below-header-display":"","ast-hfb-mobile-header-display":"","site-post-title":"","ast-breadcrumbs-content":"","ast-featured-img":"","footer-sml-layout":"","theme-transparent-header-meta":"","adv-header-id-meta":"","stick-header-meta":"","header-above-stick-meta":"","header-main-stick-meta":"","header-below-stick-meta":"","astra-migrate-meta-layouts":"default","ast-page-background-enabled":"default","ast-page-background-meta":{"desktop":{"background-color":"var(--ast-global-color-4)","background-image":"","background-repeat":"repeat","background-position":"center center","background-size":"auto","background-attachment":"scroll","background-type":"","background-media":"","overlay-type":"","overlay-color":"","overlay-gradient":""},"tablet":{"background-color":"","background-image":"","background-repeat":"repeat","background-position":"center center","background-size":"auto","background-attachment":"scroll","background-type":"","background-media":"","overlay-type":"","overlay-color":"","overlay-gradient":""},"mobile":{"background-color":"","background-image":"","background-repeat":"repeat","background-position":"center center","background-size":"auto","background-attachment":"scroll","background-type":"","background-media":"","overlay-type":"","overlay-color":"","overlay-gradient":""}},"ast-content-background-meta":{"desktop":{"background-color":"var(--ast-global-color-5)","background-image":"","background-repeat":"repeat","background-position":"center center","background-size":"auto","background-attachment":"scroll","background-type":"","background-media":"","overlay-type":"","overlay-color":"","overlay-gradient":""},"tablet":{"background-color":"var(--ast-global-color-5)","background-image":"","background-repeat":"repeat","background-position":"center center","background-size":"auto","background-attachment":"scroll","background-type":"","background-media":"","overlay-type":"","overlay-color":"","overlay-gradient":""},"mobile":{"background-color":"var(--ast-global-color-5)","background-image":"","background-repeat":"repeat","background-position":"center center","background-size":"auto","background-attachment":"scroll","background-type":"","background-media":"","overlay-type":"","overlay-color":"","overlay-gradient":""}},"footnotes":""},"categories":[4264,986],"tags":[5009,81417,34964,131382,5184,228386],"class_list":["post-115455","post","type-post","status-publish","format-standard","hentry","category-asesoramiento-y-orientacion-psicologicas","category-complutense-de-madrid","tag-carlos-gomez-sanchez","tag-jaime-gordo-sanchez","tag-jose-miguel-marinas-herreras","tag-juan-a-rubio-romero","tag-rafael-huertas-garcia-alejo","tag-roberto-carlos-hernandez-lopez"],"_links":{"self":[{"href":"https:\/\/www.deberes.net\/tesis\/wp-json\/wp\/v2\/posts\/115455","targetHints":{"allow":["GET"]}}],"collection":[{"href":"https:\/\/www.deberes.net\/tesis\/wp-json\/wp\/v2\/posts"}],"about":[{"href":"https:\/\/www.deberes.net\/tesis\/wp-json\/wp\/v2\/types\/post"}],"author":[{"embeddable":true,"href":"https:\/\/www.deberes.net\/tesis\/wp-json\/wp\/v2\/users\/1"}],"replies":[{"embeddable":true,"href":"https:\/\/www.deberes.net\/tesis\/wp-json\/wp\/v2\/comments?post=115455"}],"version-history":[{"count":0,"href":"https:\/\/www.deberes.net\/tesis\/wp-json\/wp\/v2\/posts\/115455\/revisions"}],"wp:attachment":[{"href":"https:\/\/www.deberes.net\/tesis\/wp-json\/wp\/v2\/media?parent=115455"}],"wp:term":[{"taxonomy":"category","embeddable":true,"href":"https:\/\/www.deberes.net\/tesis\/wp-json\/wp\/v2\/categories?post=115455"},{"taxonomy":"post_tag","embeddable":true,"href":"https:\/\/www.deberes.net\/tesis\/wp-json\/wp\/v2\/tags?post=115455"}],"curies":[{"name":"wp","href":"https:\/\/api.w.org\/{rel}","templated":true}]}}