{"id":115506,"date":"2014-08-04T00:00:00","date_gmt":"2014-08-04T00:00:00","guid":{"rendered":"https:\/\/www.deberes.net\/tesis\/sin-categoria\/contribucion-del-gen-vdr-en-la-susceptibilidad-autoinmune-en-ninos-con-enfermedad-cela%c2%adaca-y-en-familiares-de-primer-grado\/"},"modified":"2014-08-04T00:00:00","modified_gmt":"2014-08-04T00:00:00","slug":"contribucion-del-gen-vdr-en-la-susceptibilidad-autoinmune-en-ninos-con-enfermedad-cela%c2%adaca-y-en-familiares-de-primer-grado","status":"publish","type":"post","link":"https:\/\/www.deberes.net\/tesis\/pediatria\/contribucion-del-gen-vdr-en-la-susceptibilidad-autoinmune-en-ninos-con-enfermedad-cela%c2%adaca-y-en-familiares-de-primer-grado\/","title":{"rendered":"Contribuci\u00f3n del gen vdr en la susceptibilidad autoinmune en ni\u00f1os con enfermedad cel\u00edaca y en familiares de primer grado"},"content":{"rendered":"<h2>Tesis doctoral de <strong> Francisco Javier Eizaguirre Arocena <\/strong><\/h2>\n<p>Se realizan dos estudios en poblaci\u00f3n pedi\u00e1trica diagnosticada de enfermedad cel\u00edaca.El primero es un estudio nutricional en una poblaci\u00f3n infantil diagnosticada de enfermedad cel\u00edaca, antes y despu\u00e9s del tratamiento con  una dieta sin gluten comparando los par\u00e1metros antropom\u00e9tricos, \u00edndices nutricionales y par\u00e1metros bioqu\u00edmicos entre ambos per\u00edodos.Se concluye que existe mejor\u00eda significativa en el d\u00e9ficit nutricional tras el tratamiento.El segundo es un estudio gen\u00e9tico, valorando polimorfismos del gen receptor de la vitamina d en dos poblaciones pedi\u00e1tricas: una perteneciente a la denominada \u00c2\u00bfetnia vasca\u00c2\u00bf con sus familiares de primer grado y la otra perteneciente a la denominada etnia \u00c2\u00bfno vasca\u00c2\u00bf con sus familiares de primer grado.Se han estudiado en ambas poblaciones los alelos, genotipos y haplotipos de cuatro polimorfismos: fok i, bsm i, apa i y taq i. Se han comparado ambas poblaciones con poblaci\u00f3n control.Asimismo se han estudiado los ant\u00edgenos de histocompatibilidad (hla) en ambas poblaciones y sus familiares de primer grado. Se concluye que entre las poblaciones de etnia vasca y no vasca no hay diferencias significativas en relaci\u00f3n a los polimorfismos del gen receptor de la vitamina d.Agrupando todos los pacientes cel\u00edacos, se concluye que no hay diferencias significativas en relaci\u00f3n a los alelos y haplotipos en comparaci\u00f3n con la poblaci\u00f3n control.En relaci\u00f3n a los genotipos, se concluye que el genotipo ff del polimorfismo fok i,  est\u00e1 presente en una proporci\u00f3n mayor, estad\u00edsticamente significativa, en relaci\u00f3n a la poblaci\u00f3n cel\u00edaca, por lo que la poblaci\u00f3n que no tuviera este genotipo tendr\u00eda un riesgo 2,6 veces mayor de ser cel\u00edaca.<\/p>\n<p>&nbsp;<\/p>\n<h3>Datos acad\u00e9micos de la tesis doctoral \u00ab<strong>Contribuci\u00f3n del gen vdr en la susceptibilidad autoinmune en ni\u00f1os con enfermedad cel\u00edaca y en familiares de primer grado<\/strong>\u00ab<\/h3>\n<ul>\n<li><strong>T\u00edtulo de la tesis:<\/strong>\u00a0 Contribuci\u00f3n del gen vdr en la susceptibilidad autoinmune en ni\u00f1os con enfermedad cel\u00edaca y en familiares de primer grado <\/li>\n<li><strong>Autor:<\/strong>\u00a0 Francisco Javier Eizaguirre Arocena <\/li>\n<li><strong>Universidad:<\/strong>\u00a0 Pa\u00eds vasco\/euskal herriko unibertsitatea<\/li>\n<li><strong>Fecha de lectura de la tesis:<\/strong>\u00a0 08\/04\/2014<\/li>\n<\/ul>\n<p>&nbsp;<\/p>\n<h3>Direcci\u00f3n y tribunal<\/h3>\n<ul>\n<li><strong>Director de la tesis<\/strong>\n<ul>\n<li>Luis Antonio Casta\u00f1o Gonz\u00e1lez<\/li>\n<\/ul>\n<\/li>\n<li><strong>Tribunal<\/strong>\n<ul>\n<li>Presidente del tribunal: Juan  Carlos Vitoria cormenzana <\/li>\n<li>Miguel Garcia fuentes (vocal)<\/li>\n<li>cristina Camarero salces (vocal)<\/li>\n<li>felix Sanchez valverde visus (vocal)<\/li>\n<\/ul>\n<\/li>\n<\/ul>\n<p>&nbsp;<\/p>\n","protected":false},"excerpt":{"rendered":"<p>Tesis doctoral de Francisco Javier Eizaguirre Arocena Se realizan dos estudios en poblaci\u00f3n pedi\u00e1trica diagnosticada de enfermedad cel\u00edaca.El primero es [&hellip;]<\/p>\n","protected":false},"author":1,"featured_media":0,"comment_status":"open","ping_status":"open","sticky":false,"template":"","format":"standard","meta":{"site-sidebar-layout":"default","site-content-layout":"","ast-site-content-layout":"","site-content-style":"default","site-sidebar-style":"default","ast-global-header-display":"","ast-banner-title-visibility":"","ast-main-header-display":"","ast-hfb-above-header-display":"","ast-hfb-below-header-display":"","ast-hfb-mobile-header-display":"","site-post-title":"","ast-breadcrumbs-content":"","ast-featured-img":"","footer-sml-layout":"","theme-transparent-header-meta":"","adv-header-id-meta":"","stick-header-meta":"","header-above-stick-meta":"","header-main-stick-meta":"","header-below-stick-meta":"","astra-migrate-meta-layouts":"default","ast-page-background-enabled":"default","ast-page-background-meta":{"desktop":{"background-color":"var(--ast-global-color-4)","background-image":"","background-repeat":"repeat","background-position":"center center","background-size":"auto","background-attachment":"scroll","background-type":"","background-media":"","overlay-type":"","overlay-color":"","overlay-gradient":""},"tablet":{"background-color":"","background-image":"","background-repeat":"repeat","background-position":"center center","background-size":"auto","background-attachment":"scroll","background-type":"","background-media":"","overlay-type":"","overlay-color":"","overlay-gradient":""},"mobile":{"background-color":"","background-image":"","background-repeat":"repeat","background-position":"center center","background-size":"auto","background-attachment":"scroll","background-type":"","background-media":"","overlay-type":"","overlay-color":"","overlay-gradient":""}},"ast-content-background-meta":{"desktop":{"background-color":"var(--ast-global-color-5)","background-image":"","background-repeat":"repeat","background-position":"center center","background-size":"auto","background-attachment":"scroll","background-type":"","background-media":"","overlay-type":"","overlay-color":"","overlay-gradient":""},"tablet":{"background-color":"var(--ast-global-color-5)","background-image":"","background-repeat":"repeat","background-position":"center center","background-size":"auto","background-attachment":"scroll","background-type":"","background-media":"","overlay-type":"","overlay-color":"","overlay-gradient":""},"mobile":{"background-color":"var(--ast-global-color-5)","background-image":"","background-repeat":"repeat","background-position":"center center","background-size":"auto","background-attachment":"scroll","background-type":"","background-media":"","overlay-type":"","overlay-color":"","overlay-gradient":""}},"footnotes":""},"categories":[1820,12909,161],"tags":[97878,198870,228465,26280,44611,10555],"class_list":["post-115506","post","type-post","status-publish","format-standard","hentry","category-genetica-de-poblaciones","category-pais-vasco-euskal-herriko-unibertsitatea","category-pediatria","tag-cristina-camarero-salces","tag-felix-sanchez-valverde-visus","tag-francisco-javier-eizaguirre-arocena","tag-juan-carlos-vitoria-cormenzana","tag-luis-antonio-castano-gonzalez","tag-miguel-garcia-fuentes"],"_links":{"self":[{"href":"https:\/\/www.deberes.net\/tesis\/wp-json\/wp\/v2\/posts\/115506","targetHints":{"allow":["GET"]}}],"collection":[{"href":"https:\/\/www.deberes.net\/tesis\/wp-json\/wp\/v2\/posts"}],"about":[{"href":"https:\/\/www.deberes.net\/tesis\/wp-json\/wp\/v2\/types\/post"}],"author":[{"embeddable":true,"href":"https:\/\/www.deberes.net\/tesis\/wp-json\/wp\/v2\/users\/1"}],"replies":[{"embeddable":true,"href":"https:\/\/www.deberes.net\/tesis\/wp-json\/wp\/v2\/comments?post=115506"}],"version-history":[{"count":0,"href":"https:\/\/www.deberes.net\/tesis\/wp-json\/wp\/v2\/posts\/115506\/revisions"}],"wp:attachment":[{"href":"https:\/\/www.deberes.net\/tesis\/wp-json\/wp\/v2\/media?parent=115506"}],"wp:term":[{"taxonomy":"category","embeddable":true,"href":"https:\/\/www.deberes.net\/tesis\/wp-json\/wp\/v2\/categories?post=115506"},{"taxonomy":"post_tag","embeddable":true,"href":"https:\/\/www.deberes.net\/tesis\/wp-json\/wp\/v2\/tags?post=115506"}],"curies":[{"name":"wp","href":"https:\/\/api.w.org\/{rel}","templated":true}]}}