{"id":115531,"date":"2014-11-04T00:00:00","date_gmt":"2014-11-04T00:00:00","guid":{"rendered":"https:\/\/www.deberes.net\/tesis\/sin-categoria\/funcionamiento-emocional-en-las-personas-muy-mayores-variables-descriptivas-y-predictoras\/"},"modified":"2014-11-04T00:00:00","modified_gmt":"2014-11-04T00:00:00","slug":"funcionamiento-emocional-en-las-personas-muy-mayores-variables-descriptivas-y-predictoras","status":"publish","type":"post","link":"https:\/\/www.deberes.net\/tesis\/emocion\/funcionamiento-emocional-en-las-personas-muy-mayores-variables-descriptivas-y-predictoras\/","title":{"rendered":"Funcionamiento emocional en las personas muy mayores: variables descriptivas y predictoras"},"content":{"rendered":"<h2>Tesis doctoral de <strong> Igone Echeberria Arrichabal <\/strong><\/h2>\n<p>Estudiar el funcionamiento emocional en las personas mayores de 85 a\u00f1os y las variables que lo predicen tiene gran inter\u00e9s, ya que es a partir de esa edad cuando la preValencia de las enfermedades cr\u00f3nicas aumenta y las limitaciones funcionales, sensoriales y cognitivas tambi\u00e9n, lo cual pude conllevar que la persona se vuelva m\u00e1s vulnerable en t\u00e9rminos emocionales y que su bienestar empeore.Objetivos: en t\u00e9rminos generales este trabajo tiene tres objetivos fundamentales: 1)conocer el funcionamiento emocional de las personas mayores de 85 a\u00f1os, distinguiendo dentro de estas a las centenarias, en comparaci\u00f3n con los grupos de edad m\u00e1s j\u00f3venes. 2) conocer las variables que tienen mayor peso predictor sobre el funcionamiento emocional en mayores de 85 a\u00f1os; por \u00faltimo, 3) analizar distintos perfiles de envejecimiento \u00c2\u00bfconsiderando, junto con las variables emocionales, el resto de las variables contempladas en esta investigaci\u00f3n- y su distribuci\u00f3n en los distintos grupos de edad.M\u00e9todo:muestra: esta investigaci\u00f3n de tipo transversal se llevo a cabo con una muestra de 257 personas, de las cuales 155 eran mayores de entre 65 y 84 a\u00f1os y 102 mayores de 85 a\u00f1os.Resultados: los resultados mostraron que se hace extensible a edades avanzadas (mayores de 85 a\u00f1os) la relaci\u00f3n positiva entre la edad y el bienestar emocional, asimismo, las personas muy mayores utilizan en mayor medida las estrategias proactivas y la soluci\u00f3n de problemas para la regulaci\u00f3n emocional, es decir, optan menos por la confrontaci\u00f3n directa de las emociones y la soluci\u00f3n de problemas. La personalidad y el apoyo social son las variables que mayor peso predictivo tienen sobre las variables emocionales afecto positivo y negativo, satisfacci\u00f3n con la vida y soledad en las personas muy mayores. Sin embargo, y en lo que respecta a las variables predictoras de las estrategias de regulaci\u00f3n el funcionamiento cognitivo, la afectividad (afecto positivo y negativo) y, en menor medida, el apoyo social se mostraron como las variables con mayor peso. Finalmente, el perfil de envejecimiento m\u00e1s caracter\u00edstico de los mayores de 85 a\u00f1os y centenarios es el de adaptados. Es decir, estas personas, si bien presentan una peor capacidad cognitiva y funcional, as\u00ed como mayor comorbilidad, a nivel emocional se caracterizan por tener estabilidad emocional y una regulaci\u00f3n pasiva de las emociones<\/p>\n<p>&nbsp;<\/p>\n<h3>Datos acad\u00e9micos de la tesis doctoral \u00ab<strong>Funcionamiento emocional en las personas muy mayores: variables descriptivas y predictoras<\/strong>\u00ab<\/h3>\n<ul>\n<li><strong>T\u00edtulo de la tesis:<\/strong>\u00a0 Funcionamiento emocional en las personas muy mayores: variables descriptivas y predictoras <\/li>\n<li><strong>Autor:<\/strong>\u00a0 Igone Echeberria Arrichabal <\/li>\n<li><strong>Universidad:<\/strong>\u00a0 Pa\u00eds vasco\/euskal herriko unibertsitatea<\/li>\n<li><strong>Fecha de lectura de la tesis:<\/strong>\u00a0 11\/04\/2014<\/li>\n<\/ul>\n<p>&nbsp;<\/p>\n<h3>Direcci\u00f3n y tribunal<\/h3>\n<ul>\n<li><strong>Director de la tesis<\/strong>\n<ul>\n<li>Jos\u00e9 Javier Yanguas Lez\u00e1un<\/li>\n<\/ul>\n<\/li>\n<li><strong>Tribunal<\/strong>\n<ul>\n<li>Presidente del tribunal: f\u00e9lix L\u00f3pez s\u00e1nchez <\/li>\n<li>Jos\u00e9 Mar\u00eda Arana Martinez (vocal)<\/li>\n<li>ester Barber\u00e1 heredia (vocal)<\/li>\n<li>adolfo L\u00f3pez de muniain arregui (vocal)<\/li>\n<\/ul>\n<\/li>\n<\/ul>\n<p>&nbsp;<\/p>\n","protected":false},"excerpt":{"rendered":"<p>Tesis doctoral de Igone Echeberria Arrichabal Estudiar el funcionamiento emocional en las personas mayores de 85 a\u00f1os y las variables [&hellip;]<\/p>\n","protected":false},"author":1,"featured_media":0,"comment_status":"open","ping_status":"open","sticky":false,"template":"","format":"standard","meta":{"site-sidebar-layout":"default","site-content-layout":"","ast-site-content-layout":"","site-content-style":"default","site-sidebar-style":"default","ast-global-header-display":"","ast-banner-title-visibility":"","ast-main-header-display":"","ast-hfb-above-header-display":"","ast-hfb-below-header-display":"","ast-hfb-mobile-header-display":"","site-post-title":"","ast-breadcrumbs-content":"","ast-featured-img":"","footer-sml-layout":"","theme-transparent-header-meta":"","adv-header-id-meta":"","stick-header-meta":"","header-above-stick-meta":"","header-main-stick-meta":"","header-below-stick-meta":"","astra-migrate-meta-layouts":"default","ast-page-background-enabled":"default","ast-page-background-meta":{"desktop":{"background-color":"var(--ast-global-color-4)","background-image":"","background-repeat":"repeat","background-position":"center center","background-size":"auto","background-attachment":"scroll","background-type":"","background-media":"","overlay-type":"","overlay-color":"","overlay-gradient":""},"tablet":{"background-color":"","background-image":"","background-repeat":"repeat","background-position":"center center","background-size":"auto","background-attachment":"scroll","background-type":"","background-media":"","overlay-type":"","overlay-color":"","overlay-gradient":""},"mobile":{"background-color":"","background-image":"","background-repeat":"repeat","background-position":"center center","background-size":"auto","background-attachment":"scroll","background-type":"","background-media":"","overlay-type":"","overlay-color":"","overlay-gradient":""}},"ast-content-background-meta":{"desktop":{"background-color":"var(--ast-global-color-5)","background-image":"","background-repeat":"repeat","background-position":"center center","background-size":"auto","background-attachment":"scroll","background-type":"","background-media":"","overlay-type":"","overlay-color":"","overlay-gradient":""},"tablet":{"background-color":"var(--ast-global-color-5)","background-image":"","background-repeat":"repeat","background-position":"center center","background-size":"auto","background-attachment":"scroll","background-type":"","background-media":"","overlay-type":"","overlay-color":"","overlay-gradient":""},"mobile":{"background-color":"var(--ast-global-color-5)","background-image":"","background-repeat":"repeat","background-position":"center center","background-size":"auto","background-attachment":"scroll","background-type":"","background-media":"","overlay-type":"","overlay-color":"","overlay-gradient":""}},"footnotes":""},"categories":[5263,12909,5773],"tags":[197282,27659,40131,228502,73901,131201],"class_list":["post-115531","post","type-post","status-publish","format-standard","hentry","category-emocion","category-pais-vasco-euskal-herriko-unibertsitatea","category-senectud","tag-adolfo-lopez-de-muniain-arregui","tag-ester-barbera-heredia","tag-felix-lopez-sanchez","tag-igone-echeberria-arrichabal","tag-jose-javier-yanguas-lezaun","tag-jose-maria-arana-Martinez"],"_links":{"self":[{"href":"https:\/\/www.deberes.net\/tesis\/wp-json\/wp\/v2\/posts\/115531","targetHints":{"allow":["GET"]}}],"collection":[{"href":"https:\/\/www.deberes.net\/tesis\/wp-json\/wp\/v2\/posts"}],"about":[{"href":"https:\/\/www.deberes.net\/tesis\/wp-json\/wp\/v2\/types\/post"}],"author":[{"embeddable":true,"href":"https:\/\/www.deberes.net\/tesis\/wp-json\/wp\/v2\/users\/1"}],"replies":[{"embeddable":true,"href":"https:\/\/www.deberes.net\/tesis\/wp-json\/wp\/v2\/comments?post=115531"}],"version-history":[{"count":0,"href":"https:\/\/www.deberes.net\/tesis\/wp-json\/wp\/v2\/posts\/115531\/revisions"}],"wp:attachment":[{"href":"https:\/\/www.deberes.net\/tesis\/wp-json\/wp\/v2\/media?parent=115531"}],"wp:term":[{"taxonomy":"category","embeddable":true,"href":"https:\/\/www.deberes.net\/tesis\/wp-json\/wp\/v2\/categories?post=115531"},{"taxonomy":"post_tag","embeddable":true,"href":"https:\/\/www.deberes.net\/tesis\/wp-json\/wp\/v2\/tags?post=115531"}],"curies":[{"name":"wp","href":"https:\/\/api.w.org\/{rel}","templated":true}]}}