{"id":115676,"date":"2018-03-11T10:44:21","date_gmt":"2018-03-11T10:44:21","guid":{"rendered":"https:\/\/www.deberes.net\/tesis\/sin-categoria\/la-salud-mental-de-mujeres-supervivientes-de-violencia-de-genero-una-realidad-chilena\/"},"modified":"2018-03-11T10:44:21","modified_gmt":"2018-03-11T10:44:21","slug":"la-salud-mental-de-mujeres-supervivientes-de-violencia-de-genero-una-realidad-chilena","status":"publish","type":"post","link":"https:\/\/www.deberes.net\/tesis\/complutense-de-madrid\/la-salud-mental-de-mujeres-supervivientes-de-violencia-de-genero-una-realidad-chilena\/","title":{"rendered":"La salud mental de mujeres supervivientes de violencia de g\u00e9nero: una realidad chilena"},"content":{"rendered":"<h2>Tesis doctoral de <strong> Paloma Andrea Labra Valerdi <\/strong><\/h2>\n<p>La presente investigaci\u00f3n tuvo por objetivo analizar las repercusiones en la salud mental de mujeres supervivientes de violencia de g\u00e9nero que asisten a los centros de la mujer del sernam en santiago de chile. El marco conceptual utilizado como base de esta investigaci\u00f3n est\u00e1 basado en el modelo para la evaluaci\u00f3n del impacto de las experiencias traum\u00e1ticas propuesto por carlson y dalenberg 2000, del national center for ptsd palo alto, va y del trauma research institute san diego, california y que fue aplicado por patr\u00f3 2006 en espa\u00f1a. Dentro de este modelo, que intenta integrar los distintos factores individuales, de la situaci\u00f3n de violencia y contextuales que pueden influir en el desarrollo de s\u00edntomas psicol\u00f3gicos posteriores a una experiencia traum\u00e1tica, se propone en este trabajo con una muestra de mujeres chilenas supervivientes de maltrato, la inclusi\u00f3n en el de la variable resiliencia dentro de los factores individuales del modelo referido. La introducci\u00f3n del concepto de resiliencia, es interesante abordarlo ya que as\u00ed otorga una visi\u00f3n positiva y centrada en las fortalezas de las mujeres dando una  lectura  m\u00e1s all\u00e1 de las repercusiones en la salud.Se aplic\u00f3 cuestionario\/entrevista elaboraci\u00f3n propia, escala de resiliencia sv res, saavedra y villalta, 2008, escala de gravedad de s\u00edntomas del trastorno de estr\u00e9s postraum\u00e1tico egstep, echebur\u00faa y cols., 1997, inventario de depresi\u00f3n bdi,  beck y cols., 1979, escala de inadaptaci\u00f3n ei, echebur\u00faa y cols., 2000) y el cuestionario de salud general ghq-12, goldberg y cols., 1998. La muestra estuvo conformada por 202 mujeres supervivientes de maltrato por parte de su pareja o ex pareja que asist\u00edan a distintos centros de la mujer del sernam de santiago de chile. El dise\u00f1o muestral fue de tipo descriptivo y comparativo. La informaci\u00f3n se analiz\u00f3 a trav\u00e9s del paquete estad\u00edstico spss versi\u00f3n 21 ibm, an\u00e1lisis descriptivo, pruebas de u de mann whitney, an\u00e1lisis de correlaci\u00f3n de spearman, tablas de contingencia y regresi\u00f3n log\u00edstica binaria. Los resultados obtenidos indican que las mujeres de la muestra tienen un porcentaje elevado de situaciones de violencia vividas,  violencia de tipo psicol\u00f3gico, f\u00edsico y sexual parte de la pareja o ex pareja, y m\u00e1s de la mitad de la muestra present\u00f3 historia de victimizaci\u00f3n en la infancia de maltrato por parte de familia de origen. En cuanto al tipo de apoyo, los niveles fueron bajos. En cuanto al nivel de resiliencia la muestra present\u00f3 un nivel promedio a alto. Las correlaciones entre los niveles de sintomatolog\u00eda de salud mental y las variables de historia de violencia y contextuales no todos fueron significativos. La duraci\u00f3n de la situaci\u00f3n de maltrato no se correlacion\u00f3 significativamente con ninguna sintomatolog\u00eda de salud mental. En cambio el nivel de estresores se correlacion\u00f3 significativamente y positivamente con todos los niveles de sintomatolog\u00eda de salud mental. La salud mental general se correlacion\u00f3 significativa y negativamente con el tiempo de cese de la situaci\u00f3n de maltrato y los niveles de apoyo social. Diferenciando a las mujeres seg\u00fan su historia de victimizaci\u00f3n previa por parte de su familia de origen, s\u00ed existieron diferencias significativas en las medidas de salud mental de las mujeres con los niveles de sintomatolog\u00eda de salud mental, a excepci\u00f3n del nivel de inadaptaci\u00f3n.La variable de resiliencia s\u00ed presentar\u00eda una capacidad predictiva con los niveles de salud mental, a excepci\u00f3n de los niveles de inadaptaci\u00f3n, una vez controlado el efecto de las variables referidas a las caracter\u00edsticas de la violencia sufrida, el nivel de estresores adicionales y el apoyo social. Por \u00faltimo, ser\u00eda interesante lograr un \u00fanico instrumento de screening integral con el fin de evaluar la salud mental de las mujeres supervivientes de maltrato y rescatar los aspectos fortalecedores de la mujer, otorg\u00e1ndoles mayor protagonismo a sus procesos reparatorios terap\u00e9uticos.<\/p>\n<p>&nbsp;<\/p>\n<h3>Datos acad\u00e9micos de la tesis doctoral \u00ab<strong>La salud mental de mujeres supervivientes de violencia de g\u00e9nero: una realidad chilena<\/strong>\u00ab<\/h3>\n<ul>\n<li><strong>T\u00edtulo de la tesis:<\/strong>\u00a0 La salud mental de mujeres supervivientes de violencia de g\u00e9nero: una realidad chilena <\/li>\n<li><strong>Autor:<\/strong>\u00a0 Paloma Andrea Labra Valerdi <\/li>\n<li><strong>Universidad:<\/strong>\u00a0 Complutense de Madrid<\/li>\n<li><strong>Fecha de lectura de la tesis:<\/strong>\u00a0 22\/05\/2014<\/li>\n<\/ul>\n<p>&nbsp;<\/p>\n<h3>Direcci\u00f3n y tribunal<\/h3>\n<ul>\n<li><strong>Director de la tesis<\/strong>\n<ul>\n<li>Rosa Patr\u00f3 Hern\u00e1ndez<\/li>\n<\/ul>\n<\/li>\n<li><strong>Tribunal<\/strong>\n<ul>\n<li>Presidente del tribunal: violeta Cardenal hern\u00e1ez <\/li>\n<li>laura Nu\u00f1o g\u00f3mez (vocal)<\/li>\n<li>lucia Halty barrutieta (vocal)<\/li>\n<li>Mar\u00eda  esperanza Manso Martinez (vocal)<\/li>\n<\/ul>\n<\/li>\n<\/ul>\n<p>&nbsp;<\/p>\n","protected":false},"excerpt":{"rendered":"<p>Tesis doctoral de Paloma Andrea Labra Valerdi La presente investigaci\u00f3n tuvo por objetivo analizar las repercusiones en la salud mental [&hellip;]<\/p>\n","protected":false},"author":1,"featured_media":0,"comment_status":"open","ping_status":"open","sticky":false,"template":"","format":"standard","meta":{"site-sidebar-layout":"default","site-content-layout":"","ast-site-content-layout":"","site-content-style":"default","site-sidebar-style":"default","ast-global-header-display":"","ast-banner-title-visibility":"","ast-main-header-display":"","ast-hfb-above-header-display":"","ast-hfb-below-header-display":"","ast-hfb-mobile-header-display":"","site-post-title":"","ast-breadcrumbs-content":"","ast-featured-img":"","footer-sml-layout":"","theme-transparent-header-meta":"","adv-header-id-meta":"","stick-header-meta":"","header-above-stick-meta":"","header-main-stick-meta":"","header-below-stick-meta":"","astra-migrate-meta-layouts":"default","ast-page-background-enabled":"default","ast-page-background-meta":{"desktop":{"background-color":"var(--ast-global-color-4)","background-image":"","background-repeat":"repeat","background-position":"center center","background-size":"auto","background-attachment":"scroll","background-type":"","background-media":"","overlay-type":"","overlay-color":"","overlay-gradient":""},"tablet":{"background-color":"","background-image":"","background-repeat":"repeat","background-position":"center center","background-size":"auto","background-attachment":"scroll","background-type":"","background-media":"","overlay-type":"","overlay-color":"","overlay-gradient":""},"mobile":{"background-color":"","background-image":"","background-repeat":"repeat","background-position":"center center","background-size":"auto","background-attachment":"scroll","background-type":"","background-media":"","overlay-type":"","overlay-color":"","overlay-gradient":""}},"ast-content-background-meta":{"desktop":{"background-color":"var(--ast-global-color-5)","background-image":"","background-repeat":"repeat","background-position":"center center","background-size":"auto","background-attachment":"scroll","background-type":"","background-media":"","overlay-type":"","overlay-color":"","overlay-gradient":""},"tablet":{"background-color":"var(--ast-global-color-5)","background-image":"","background-repeat":"repeat","background-position":"center center","background-size":"auto","background-attachment":"scroll","background-type":"","background-media":"","overlay-type":"","overlay-color":"","overlay-gradient":""},"mobile":{"background-color":"var(--ast-global-color-5)","background-image":"","background-repeat":"repeat","background-position":"center center","background-size":"auto","background-attachment":"scroll","background-type":"","background-media":"","overlay-type":"","overlay-color":"","overlay-gradient":""}},"footnotes":""},"categories":[986,1175],"tags":[188271,228721,228722,228720,123933,39221],"class_list":["post-115676","post","type-post","status-publish","format-standard","hentry","category-complutense-de-madrid","category-evaluacion-y-diagnostico-en-psicologia","tag-laura-nuno-gomez","tag-lucia-halty-barrutieta","tag-maria-esperanza-manso-Martinez","tag-paloma-andrea-labra-valerdi","tag-rosa-patro-hernandez","tag-violeta-cardenal-hernaez"],"_links":{"self":[{"href":"https:\/\/www.deberes.net\/tesis\/wp-json\/wp\/v2\/posts\/115676","targetHints":{"allow":["GET"]}}],"collection":[{"href":"https:\/\/www.deberes.net\/tesis\/wp-json\/wp\/v2\/posts"}],"about":[{"href":"https:\/\/www.deberes.net\/tesis\/wp-json\/wp\/v2\/types\/post"}],"author":[{"embeddable":true,"href":"https:\/\/www.deberes.net\/tesis\/wp-json\/wp\/v2\/users\/1"}],"replies":[{"embeddable":true,"href":"https:\/\/www.deberes.net\/tesis\/wp-json\/wp\/v2\/comments?post=115676"}],"version-history":[{"count":0,"href":"https:\/\/www.deberes.net\/tesis\/wp-json\/wp\/v2\/posts\/115676\/revisions"}],"wp:attachment":[{"href":"https:\/\/www.deberes.net\/tesis\/wp-json\/wp\/v2\/media?parent=115676"}],"wp:term":[{"taxonomy":"category","embeddable":true,"href":"https:\/\/www.deberes.net\/tesis\/wp-json\/wp\/v2\/categories?post=115676"},{"taxonomy":"post_tag","embeddable":true,"href":"https:\/\/www.deberes.net\/tesis\/wp-json\/wp\/v2\/tags?post=115676"}],"curies":[{"name":"wp","href":"https:\/\/api.w.org\/{rel}","templated":true}]}}