{"id":115711,"date":"2018-03-11T10:44:21","date_gmt":"2018-03-11T10:44:21","guid":{"rendered":"https:\/\/www.deberes.net\/tesis\/sin-categoria\/cpu-accounting-in-multi-threaded-processors\/"},"modified":"2018-03-11T10:44:21","modified_gmt":"2018-03-11T10:44:21","slug":"cpu-accounting-in-multi-threaded-processors","status":"publish","type":"post","link":"https:\/\/www.deberes.net\/tesis\/arquitectura-de-ordenadores\/cpu-accounting-in-multi-threaded-processors\/","title":{"rendered":"Cpu accounting in multi-threaded processors"},"content":{"rendered":"<h2>Tesis doctoral de <strong> Jos\u00e9 Carlos Ruiz Luque <\/strong><\/h2>\n<p>En los \u00faltimos a\u00f1os, los procesadores multihilo se han convertido m\u00e1s y m\u00e1s populares en la industria con el fin de aumentar el rendimiento del sistema y de cada aplicaci\u00f3n, superando las limitaciones impuestas por el limitado paralelismo a nivel de instrucciones y por las restricciones de potencia y t\u00e9rmica. Los procesadores multihilo son ampliamente utilizados en servidores, ordenadores de sobremesa, ordenadores port\u00e1tiles y dispositivos m\u00f3viles. sin embargo, los procesadores multihilo introducen complejidades en la medici\u00f3n de la capacidad  del procesador, ya que la capacidad del procesador medida a una aplicaci\u00f3n no s\u00f3lo depende del tiempo que la aplicaci\u00f3n est\u00e1 ejecut\u00e1ndose en un procesador, pero tambi\u00e9n de la cantidad de los recursos hardware que recibe durante ese intervalo. Y dado que en un procesador multihilo,  los recursos hardware son compartidos din\u00e1micamente entre las aplicaciones, la capacidad del procesador medida a una aplicaci\u00f3n depende de las aplicaciones que se ejecutan concurrentemente en el procesador. Esto es un inconveniente debido a que la medici\u00f3n de la capacidad del procesador de la misma aplicaci\u00f3n con el mismo conjunto de datos de entrada puede ser medida significativamente diferente dependiendo de la carga de trabajo en el que se ejecuta. El uso de sistemas con mecanismos precisos de medida de la capacidad del procesador es necesario para mejor el uso justo del sistema entre las aplicaciones en el sistema. Adem\u00e1s, permite a los usuarios ser cargado justamente en centro de datos compartidos, facilitando la consolidaci\u00f3n de servidores en sistemas futuros. esta tesis analiza los conceptos de capacidad del procesador y medida de la capacidad del procesador para procesadores multihilo. En este estudio, nosotros mostramos que los mecanismos actuales de medida de la capacidad del procesador no son tan precisos que deber\u00edan ser en procesadores multihilo. Por esta raz\u00f3n, nosotros presentamos dos novedosos mecanismos hardware de medida de la capacidad del procesador que mejora la precisi\u00f3n en la medici\u00f3n de la capacidad de procesador en procesadores multihilo con un bajo coste hardware. Nosotros nos centramos en diferentes tipos de arquitectura de procesadores multihilo tales como procesadores multin\u00facleo y procesadores multin\u00facleo que cada n\u00facleo soporta multihilo. Finalmente, nosotros analizamos  el impacto de los recursos hardware compartidos en los procesadores multihilo en el planificador del procesador en el sistema operativo y proponemos varios modelos de planificador que mejora el conocimiento de los recursos hardware compartidos.<\/p>\n<p>&nbsp;<\/p>\n<h3>Datos acad\u00e9micos de la tesis doctoral \u00ab<strong>Cpu accounting in multi-threaded processors<\/strong>\u00ab<\/h3>\n<ul>\n<li><strong>T\u00edtulo de la tesis:<\/strong>\u00a0 Cpu accounting in multi-threaded processors <\/li>\n<li><strong>Autor:<\/strong>\u00a0 Jos\u00e9 Carlos Ruiz Luque <\/li>\n<li><strong>Universidad:<\/strong>\u00a0 Polit\u00e9cnica de catalunya<\/li>\n<li><strong>Fecha de lectura de la tesis:<\/strong>\u00a0 29\/05\/2014<\/li>\n<\/ul>\n<p>&nbsp;<\/p>\n<h3>Direcci\u00f3n y tribunal<\/h3>\n<ul>\n<li><strong>Director de la tesis<\/strong>\n<ul>\n<li>Francisco Javier Cazorla Almeida<\/li>\n<\/ul>\n<\/li>\n<li><strong>Tribunal<\/strong>\n<ul>\n<li>Presidente del tribunal: julio ramon Beivide palacio <\/li>\n<li>Jaime Abella ferrer (vocal)<\/li>\n<li>  (vocal)<\/li>\n<li>  (vocal)<\/li>\n<\/ul>\n<\/li>\n<\/ul>\n<p>&nbsp;<\/p>\n","protected":false},"excerpt":{"rendered":"<p>Tesis doctoral de Jos\u00e9 Carlos Ruiz Luque En los \u00faltimos a\u00f1os, los procesadores multihilo se han convertido m\u00e1s y m\u00e1s [&hellip;]<\/p>\n","protected":false},"author":1,"featured_media":0,"comment_status":"open","ping_status":"open","sticky":false,"template":"","format":"standard","meta":{"site-sidebar-layout":"default","site-content-layout":"","ast-site-content-layout":"","site-content-style":"default","site-sidebar-style":"default","ast-global-header-display":"","ast-banner-title-visibility":"","ast-main-header-display":"","ast-hfb-above-header-display":"","ast-hfb-below-header-display":"","ast-hfb-mobile-header-display":"","site-post-title":"","ast-breadcrumbs-content":"","ast-featured-img":"","footer-sml-layout":"","theme-transparent-header-meta":"","adv-header-id-meta":"","stick-header-meta":"","header-above-stick-meta":"","header-main-stick-meta":"","header-below-stick-meta":"","astra-migrate-meta-layouts":"default","ast-page-background-enabled":"default","ast-page-background-meta":{"desktop":{"background-color":"var(--ast-global-color-4)","background-image":"","background-repeat":"repeat","background-position":"center center","background-size":"auto","background-attachment":"scroll","background-type":"","background-media":"","overlay-type":"","overlay-color":"","overlay-gradient":""},"tablet":{"background-color":"","background-image":"","background-repeat":"repeat","background-position":"center center","background-size":"auto","background-attachment":"scroll","background-type":"","background-media":"","overlay-type":"","overlay-color":"","overlay-gradient":""},"mobile":{"background-color":"","background-image":"","background-repeat":"repeat","background-position":"center center","background-size":"auto","background-attachment":"scroll","background-type":"","background-media":"","overlay-type":"","overlay-color":"","overlay-gradient":""}},"ast-content-background-meta":{"desktop":{"background-color":"var(--ast-global-color-5)","background-image":"","background-repeat":"repeat","background-position":"center center","background-size":"auto","background-attachment":"scroll","background-type":"","background-media":"","overlay-type":"","overlay-color":"","overlay-gradient":""},"tablet":{"background-color":"var(--ast-global-color-5)","background-image":"","background-repeat":"repeat","background-position":"center center","background-size":"auto","background-attachment":"scroll","background-type":"","background-media":"","overlay-type":"","overlay-color":"","overlay-gradient":""},"mobile":{"background-color":"var(--ast-global-color-5)","background-image":"","background-repeat":"repeat","background-position":"center center","background-size":"auto","background-attachment":"scroll","background-type":"","background-media":"","overlay-type":"","overlay-color":"","overlay-gradient":""}},"footnotes":""},"categories":[4810,13880,15596],"tags":[121164,163866,228775,2677],"class_list":["post-115711","post","type-post","status-publish","format-standard","hentry","category-arquitectura-de-ordenadores","category-informatica","category-politecnica-de-catalunya","tag-francisco-javier-cazorla-almeida","tag-jaime-abella-ferrer","tag-jose-carlos-ruiz-luque","tag-julio-ramon-beivide-palacio"],"_links":{"self":[{"href":"https:\/\/www.deberes.net\/tesis\/wp-json\/wp\/v2\/posts\/115711","targetHints":{"allow":["GET"]}}],"collection":[{"href":"https:\/\/www.deberes.net\/tesis\/wp-json\/wp\/v2\/posts"}],"about":[{"href":"https:\/\/www.deberes.net\/tesis\/wp-json\/wp\/v2\/types\/post"}],"author":[{"embeddable":true,"href":"https:\/\/www.deberes.net\/tesis\/wp-json\/wp\/v2\/users\/1"}],"replies":[{"embeddable":true,"href":"https:\/\/www.deberes.net\/tesis\/wp-json\/wp\/v2\/comments?post=115711"}],"version-history":[{"count":0,"href":"https:\/\/www.deberes.net\/tesis\/wp-json\/wp\/v2\/posts\/115711\/revisions"}],"wp:attachment":[{"href":"https:\/\/www.deberes.net\/tesis\/wp-json\/wp\/v2\/media?parent=115711"}],"wp:term":[{"taxonomy":"category","embeddable":true,"href":"https:\/\/www.deberes.net\/tesis\/wp-json\/wp\/v2\/categories?post=115711"},{"taxonomy":"post_tag","embeddable":true,"href":"https:\/\/www.deberes.net\/tesis\/wp-json\/wp\/v2\/tags?post=115711"}],"curies":[{"name":"wp","href":"https:\/\/api.w.org\/{rel}","templated":true}]}}