{"id":115731,"date":"2014-01-06T00:00:00","date_gmt":"2014-01-06T00:00:00","guid":{"rendered":"https:\/\/www.deberes.net\/tesis\/sin-categoria\/los-discursos-sobre-el-biopoder-itinerario-cra%c2%adtico-conceptual-discusiones-y-propuestas\/"},"modified":"2014-01-06T00:00:00","modified_gmt":"2014-01-06T00:00:00","slug":"los-discursos-sobre-el-biopoder-itinerario-cra%c2%adtico-conceptual-discusiones-y-propuestas","status":"publish","type":"post","link":"https:\/\/www.deberes.net\/tesis\/complutense-de-madrid\/los-discursos-sobre-el-biopoder-itinerario-cra%c2%adtico-conceptual-discusiones-y-propuestas\/","title":{"rendered":"Los discursos sobre el biopoder. itinerario cr\u00edtico conceptual, discusiones y propuestas"},"content":{"rendered":"<h2>Tesis doctoral de <strong> Ad\u00e1n Nayit Salinas Araya <\/strong><\/h2>\n<p>La investigaci\u00f3n se propone la descripci\u00f3n cr\u00edtica de los discursos sobre el biopoder.  Se busca despejar, los efectos de estos discursos en un an\u00e1lisis del presente. As\u00ed, el objeto de la investigaci\u00f3n queda constituido por una serie de discursos inaugurados con los trabajos de michel foucault a mediados de la d\u00e9cada de 1970, y continuados a trav\u00e9s de tres grandes proyectos te\u00f3ricos a partir de 1995. Estos tres proyectos son los que corresponden a las propuestas de giorgio agamben, michael hardt junto a antonio negri, y finalmente roberto  esposito.En t\u00e9rminos metodol\u00f3gicos, la investigaci\u00f3n tiene un car\u00e1cter hermen\u00e9utico-cr\u00edtico. La estrategia investigativa principal ha consistido en elaborar un itinerario cronol\u00f3gico de lecturas, que permite describir y valorar la forma en que estos discursos se han desarrollado. Esta lectura se valora en relaci\u00f3n con la propuesta foucaulteana, es decir, en la medida que estos discursos son herramientas cr\u00edticas del presente. De modo que, el n\u00facleo interpretativo-cr\u00edtico no es el correcto significado de una u otra propuesta, sino los efectos de sentido que se producen en estos discursos.En cuanto a los resultados de la investigaci\u00f3n, se puede establecer que las recepciones de los discursos sobre el biopoder aqu\u00ed estudiadas aparecen como recepciones y desarrollos tempranos, dependientes de propuestas de foucault que est\u00e1n en desarrollo.En segundo lugar, la cronolog\u00eda de las fuentes y el an\u00e1lisis de tales recepciones muestran que la incorporaci\u00f3n de los \u00faltimos trabajos de foucault es m\u00e1s bien puntual que sistem\u00e1tica. En este sentido, tales recepciones pueden ser consideradas una formulaci\u00f3n temprana del problema del biopoder, que resulta leg\u00edtima, pero que admite una serie de discusiones respecto a la metodolog\u00eda de sus planteamientos, las implicaciones te\u00f3ricas y los efectos pol\u00edticos expresados. La investigaci\u00f3n discutir\u00e1 expl\u00edcitamente, algunas de estas propuestas y sugerir\u00e1 rumbos de exploraci\u00f3n para estas tem\u00e1ticas.<\/p>\n<p>&nbsp;<\/p>\n<h3>Datos acad\u00e9micos de la tesis doctoral \u00ab<strong>Los discursos sobre el biopoder. itinerario cr\u00edtico conceptual, discusiones y propuestas<\/strong>\u00ab<\/h3>\n<ul>\n<li><strong>T\u00edtulo de la tesis:<\/strong>\u00a0 Los discursos sobre el biopoder. itinerario cr\u00edtico conceptual, discusiones y propuestas <\/li>\n<li><strong>Autor:<\/strong>\u00a0 Ad\u00e1n Nayit Salinas Araya <\/li>\n<li><strong>Universidad:<\/strong>\u00a0 Complutense de Madrid<\/li>\n<li><strong>Fecha de lectura de la tesis:<\/strong>\u00a0 01\/06\/2014<\/li>\n<\/ul>\n<p>&nbsp;<\/p>\n<h3>Direcci\u00f3n y tribunal<\/h3>\n<ul>\n<li><strong>Director de la tesis<\/strong>\n<ul>\n<li>Rodrigo Anibal Castro Orellana<\/li>\n<\/ul>\n<\/li>\n<li><strong>Tribunal<\/strong>\n<ul>\n<li>Presidente del tribunal: Jos\u00e9 Luis Villaca\u00f1as berlanga <\/li>\n<li>Luis Arenas llopis (vocal)<\/li>\n<li>joaquin Fortanet fernandez (vocal)<\/li>\n<li>german Cano cuenca (vocal)<\/li>\n<\/ul>\n<\/li>\n<\/ul>\n<p>&nbsp;<\/p>\n","protected":false},"excerpt":{"rendered":"<p>Tesis doctoral de Ad\u00e1n Nayit Salinas Araya La investigaci\u00f3n se propone la descripci\u00f3n cr\u00edtica de los discursos sobre el biopoder. [&hellip;]<\/p>\n","protected":false},"author":1,"featured_media":0,"comment_status":"open","ping_status":"open","sticky":false,"template":"","format":"standard","meta":{"site-sidebar-layout":"default","site-content-layout":"","ast-site-content-layout":"","site-content-style":"default","site-sidebar-style":"default","ast-global-header-display":"","ast-banner-title-visibility":"","ast-main-header-display":"","ast-hfb-above-header-display":"","ast-hfb-below-header-display":"","ast-hfb-mobile-header-display":"","site-post-title":"","ast-breadcrumbs-content":"","ast-featured-img":"","footer-sml-layout":"","theme-transparent-header-meta":"","adv-header-id-meta":"","stick-header-meta":"","header-above-stick-meta":"","header-main-stick-meta":"","header-below-stick-meta":"","astra-migrate-meta-layouts":"default","ast-page-background-enabled":"default","ast-page-background-meta":{"desktop":{"background-color":"var(--ast-global-color-4)","background-image":"","background-repeat":"repeat","background-position":"center center","background-size":"auto","background-attachment":"scroll","background-type":"","background-media":"","overlay-type":"","overlay-color":"","overlay-gradient":""},"tablet":{"background-color":"","background-image":"","background-repeat":"repeat","background-position":"center center","background-size":"auto","background-attachment":"scroll","background-type":"","background-media":"","overlay-type":"","overlay-color":"","overlay-gradient":""},"mobile":{"background-color":"","background-image":"","background-repeat":"repeat","background-position":"center center","background-size":"auto","background-attachment":"scroll","background-type":"","background-media":"","overlay-type":"","overlay-color":"","overlay-gradient":""}},"ast-content-background-meta":{"desktop":{"background-color":"var(--ast-global-color-5)","background-image":"","background-repeat":"repeat","background-position":"center center","background-size":"auto","background-attachment":"scroll","background-type":"","background-media":"","overlay-type":"","overlay-color":"","overlay-gradient":""},"tablet":{"background-color":"var(--ast-global-color-5)","background-image":"","background-repeat":"repeat","background-position":"center center","background-size":"auto","background-attachment":"scroll","background-type":"","background-media":"","overlay-type":"","overlay-color":"","overlay-gradient":""},"mobile":{"background-color":"var(--ast-global-color-5)","background-image":"","background-repeat":"repeat","background-position":"center center","background-size":"auto","background-attachment":"scroll","background-type":"","background-media":"","overlay-type":"","overlay-color":"","overlay-gradient":""}},"footnotes":""},"categories":[986,6008],"tags":[228806,158264,142953,12149,192092,228807],"class_list":["post-115731","post","type-post","status-publish","format-standard","hentry","category-complutense-de-madrid","category-filosofia-politica","tag-adan-nayit-salinas-araya","tag-german-cano-cuenca","tag-joaquin-fortanet-fernandez","tag-jose-luis-villacanas-berlanga","tag-luis-arenas-llopis","tag-rodrigo-anibal-castro-orellana"],"_links":{"self":[{"href":"https:\/\/www.deberes.net\/tesis\/wp-json\/wp\/v2\/posts\/115731","targetHints":{"allow":["GET"]}}],"collection":[{"href":"https:\/\/www.deberes.net\/tesis\/wp-json\/wp\/v2\/posts"}],"about":[{"href":"https:\/\/www.deberes.net\/tesis\/wp-json\/wp\/v2\/types\/post"}],"author":[{"embeddable":true,"href":"https:\/\/www.deberes.net\/tesis\/wp-json\/wp\/v2\/users\/1"}],"replies":[{"embeddable":true,"href":"https:\/\/www.deberes.net\/tesis\/wp-json\/wp\/v2\/comments?post=115731"}],"version-history":[{"count":0,"href":"https:\/\/www.deberes.net\/tesis\/wp-json\/wp\/v2\/posts\/115731\/revisions"}],"wp:attachment":[{"href":"https:\/\/www.deberes.net\/tesis\/wp-json\/wp\/v2\/media?parent=115731"}],"wp:term":[{"taxonomy":"category","embeddable":true,"href":"https:\/\/www.deberes.net\/tesis\/wp-json\/wp\/v2\/categories?post=115731"},{"taxonomy":"post_tag","embeddable":true,"href":"https:\/\/www.deberes.net\/tesis\/wp-json\/wp\/v2\/tags?post=115731"}],"curies":[{"name":"wp","href":"https:\/\/api.w.org\/{rel}","templated":true}]}}