{"id":115758,"date":"2014-05-06T00:00:00","date_gmt":"2014-05-06T00:00:00","guid":{"rendered":"https:\/\/www.deberes.net\/tesis\/sin-categoria\/percepcion-de-caras-libres-de-expresion-en-la-esquizofrenia-un-estudio-magnetoencefalografico\/"},"modified":"2014-05-06T00:00:00","modified_gmt":"2014-05-06T00:00:00","slug":"percepcion-de-caras-libres-de-expresion-en-la-esquizofrenia-un-estudio-magnetoencefalografico","status":"publish","type":"post","link":"https:\/\/www.deberes.net\/tesis\/complutense-de-madrid\/percepcion-de-caras-libres-de-expresion-en-la-esquizofrenia-un-estudio-magnetoencefalografico\/","title":{"rendered":"Percepcion de caras libres de expresi\u00f3n en la esquizofrenia: un estudio magnetoencefalogr\u00e1fico"},"content":{"rendered":"<h2>Tesis doctoral de <strong> Mar\u00eda  Dolores Moron Nozaleda <\/strong><\/h2>\n<p>Analizamos c\u00f3mo los pacientes que sufren de esquizofrenia perciben los rostros de personas desconocidas que no muestran emociones, con el fin de investigar la atribuci\u00f3n de significados a una experiencia sensorial compleja pero sin excesiva significancia. el reconocimiento facial es una experiencia sensorial b\u00e1sica para permitir la interacci\u00f3n social, que es una de las principales deficiencias de los pacientes con esquizofrenia. partimos de las siguientes hip\u00f3tesis; en los pacientes con esquizofrenia paranoide, durante la actividad delirante, existe una actividad cerebral mayor que en los sujetos de control; durante la actividad delirante, el paciente necesita m\u00e1s tiempo para procesar la informaci\u00f3n; el proceso de an\u00e1lisis primario de la informaci\u00f3n es igual en los pacientes con actividad delirante que en los sujetos control; el proceso de evaluaci\u00f3n cognitiva unificada es m\u00e1s lento y de caracter\u00edsticas diferentes en pacientes que en los controles. analizamos la l\u00ednea basal y los registros meg postestimulation cognitiva. Los est\u00edmulos consistieron en mostrar fotograf\u00edas de rostros de personas desconocidas con expresi\u00f3n facial neutra. seleccionamos una serie de 25 pacientes con esquizofrenia y una actividad delirante intensa con el fin de estudiar el componente de procesamiento de la informaci\u00f3n durante el delirio, y no durante el periodo intercrisis. El estudio del s\u00edntoma proporciona una mayor validez que el estudio de la enfermedad en s\u00ed.  obtuvimos los siguientes resultados.  los pacientes tienen una actividad significativamente mayor en los dos hemisferios (0-700 ms) siendo en el hd mayor que en el hi. Presentaron una mayor actividad en la circunvoluci\u00f3n fusiforme media (ab 37) en el hi (200-300 ms), en las \u00e1reas temporales superiores (ab 22, 41 y 42) en ambos hemisferios (100-700 ms) y en el polo temporal (ab 38) en el hd (300-400 ms) y una menor actividad de este \u00faltimo en el hi. acorde a las hip\u00f3tesis de las que part\u00edamos concluimos, 1. Los pacientes delirantes, al ser confrontados con un est\u00edmulo facial, necesitan activar el cerebro m\u00e1s que los controles. 2. La actividad similar en ambos grupos en las \u00e1reas occipitales significa que el paciente no presenta un d\u00e9ficit en los estadios iniciales de la transformaci\u00f3n visual del est\u00edmulo, mientras que en los estadios finales existe una diferencia significativa; necesita para activar m\u00e1s estas \u00e1reas, para poder realizar tareas complejas. 3. La disminuci\u00f3n de la actividad en el l\u00f3bulo temporal derecho sugiere un d\u00e9ficit en la habilidad para atribuir estados mentales. 4. El aumento de la activaci\u00f3n en el \u00e1rea de lenguaje en enfermos sugiere que la informaci\u00f3n visual podr\u00eda ser procesada como si fuera auditiva. Tambi\u00e9n sugiere que necesitar\u00eda atribuir un significado verbal a un est\u00edmulo emocionalmente neutro. 5. La activaci\u00f3n del polo temporal derecho sugiere una sensaci\u00f3n de familiaridad ante rostros de personas desconocidas que no se observa en los controles.  6. Las \u00e1reas m\u00e1s activadas son las que participan en el proceso de pensamiento, en la atribuci\u00f3n de significado a las percepciones y en actividades como la teor\u00eda de la mente, esenciales para la interacci\u00f3n social. Las \u00e1reas temporales anteriores menos activadas indican una reducci\u00f3n de la memoria sem\u00e1ntica para las caras, que podemos considerar un factor importante en el aislamiento social de la esquizofrenia. Estas alteraciones son indicativas de una disfunci\u00f3n de las redes neuronales del hemisferio izquierdo. 7. El uso de t\u00e9cnicas de neuroimagen funcional aporta una inestimable ayuda en el estudio de la fenomenolog\u00eda de enfermedades cuyas alteraciones estructurales son limitadas o inespec\u00edficas, enfermedades de la mente que, si bien se ha sabido desde hace siglos que ten\u00edan alguna relaci\u00f3n con el cerebro como \u00f3rgano, hasta ahora hab\u00eda sido dif\u00edcilmente explorable.<\/p>\n<p>&nbsp;<\/p>\n<h3>Datos acad\u00e9micos de la tesis doctoral \u00ab<strong>Percepcion de caras libres de expresi\u00f3n en la esquizofrenia: un estudio magnetoencefalogr\u00e1fico<\/strong>\u00ab<\/h3>\n<ul>\n<li><strong>T\u00edtulo de la tesis:<\/strong>\u00a0 Percepcion de caras libres de expresi\u00f3n en la esquizofrenia: un estudio magnetoencefalogr\u00e1fico <\/li>\n<li><strong>Autor:<\/strong>\u00a0 Mar\u00eda  Dolores Moron Nozaleda <\/li>\n<li><strong>Universidad:<\/strong>\u00a0 Complutense de Madrid<\/li>\n<li><strong>Fecha de lectura de la tesis:<\/strong>\u00a0 05\/06\/2014<\/li>\n<\/ul>\n<p>&nbsp;<\/p>\n<h3>Direcci\u00f3n y tribunal<\/h3>\n<ul>\n<li><strong>Director de la tesis<\/strong>\n<ul>\n<li>ibor Ali\u00f1o Lopez<\/li>\n<\/ul>\n<\/li>\n<li><strong>Tribunal<\/strong>\n<ul>\n<li>Presidente del tribunal: tom\u00e1s Ortiz alonso <\/li>\n<li>Mar\u00eda  sara Gonzalez vives (vocal)<\/li>\n<li>Javier Correas laufer (vocal)<\/li>\n<li>esteban Garcia-albea ristol (vocal)<\/li>\n<\/ul>\n<\/li>\n<\/ul>\n<p>&nbsp;<\/p>\n","protected":false},"excerpt":{"rendered":"<p>Tesis doctoral de Mar\u00eda Dolores Moron Nozaleda Analizamos c\u00f3mo los pacientes que sufren de esquizofrenia perciben los rostros de personas [&hellip;]<\/p>\n","protected":false},"author":1,"featured_media":0,"comment_status":"open","ping_status":"open","sticky":false,"template":"","format":"standard","meta":{"site-sidebar-layout":"default","site-content-layout":"","ast-site-content-layout":"","site-content-style":"default","site-sidebar-style":"default","ast-global-header-display":"","ast-banner-title-visibility":"","ast-main-header-display":"","ast-hfb-above-header-display":"","ast-hfb-below-header-display":"","ast-hfb-mobile-header-display":"","site-post-title":"","ast-breadcrumbs-content":"","ast-featured-img":"","footer-sml-layout":"","theme-transparent-header-meta":"","adv-header-id-meta":"","stick-header-meta":"","header-above-stick-meta":"","header-main-stick-meta":"","header-below-stick-meta":"","astra-migrate-meta-layouts":"default","ast-page-background-enabled":"default","ast-page-background-meta":{"desktop":{"background-color":"var(--ast-global-color-4)","background-image":"","background-repeat":"repeat","background-position":"center center","background-size":"auto","background-attachment":"scroll","background-type":"","background-media":"","overlay-type":"","overlay-color":"","overlay-gradient":""},"tablet":{"background-color":"","background-image":"","background-repeat":"repeat","background-position":"center center","background-size":"auto","background-attachment":"scroll","background-type":"","background-media":"","overlay-type":"","overlay-color":"","overlay-gradient":""},"mobile":{"background-color":"","background-image":"","background-repeat":"repeat","background-position":"center center","background-size":"auto","background-attachment":"scroll","background-type":"","background-media":"","overlay-type":"","overlay-color":"","overlay-gradient":""}},"ast-content-background-meta":{"desktop":{"background-color":"var(--ast-global-color-5)","background-image":"","background-repeat":"repeat","background-position":"center center","background-size":"auto","background-attachment":"scroll","background-type":"","background-media":"","overlay-type":"","overlay-color":"","overlay-gradient":""},"tablet":{"background-color":"var(--ast-global-color-5)","background-image":"","background-repeat":"repeat","background-position":"center center","background-size":"auto","background-attachment":"scroll","background-type":"","background-media":"","overlay-type":"","overlay-color":"","overlay-gradient":""},"mobile":{"background-color":"var(--ast-global-color-5)","background-image":"","background-repeat":"repeat","background-position":"center center","background-size":"auto","background-attachment":"scroll","background-type":"","background-media":"","overlay-type":"","overlay-color":"","overlay-gradient":""}},"footnotes":""},"categories":[986,1408],"tags":[23899,6499,159513,228840,228841,5776],"class_list":["post-115758","post","type-post","status-publish","format-standard","hentry","category-complutense-de-madrid","category-psiquiatria","tag-esteban-garcia-albea-ristol","tag-ibor-alino-lopez","tag-javier-correas-laufer","tag-maria-dolores-moron-nozaleda","tag-maria-sara-gonzalez-vives","tag-tomas-ortiz-alonso"],"_links":{"self":[{"href":"https:\/\/www.deberes.net\/tesis\/wp-json\/wp\/v2\/posts\/115758","targetHints":{"allow":["GET"]}}],"collection":[{"href":"https:\/\/www.deberes.net\/tesis\/wp-json\/wp\/v2\/posts"}],"about":[{"href":"https:\/\/www.deberes.net\/tesis\/wp-json\/wp\/v2\/types\/post"}],"author":[{"embeddable":true,"href":"https:\/\/www.deberes.net\/tesis\/wp-json\/wp\/v2\/users\/1"}],"replies":[{"embeddable":true,"href":"https:\/\/www.deberes.net\/tesis\/wp-json\/wp\/v2\/comments?post=115758"}],"version-history":[{"count":0,"href":"https:\/\/www.deberes.net\/tesis\/wp-json\/wp\/v2\/posts\/115758\/revisions"}],"wp:attachment":[{"href":"https:\/\/www.deberes.net\/tesis\/wp-json\/wp\/v2\/media?parent=115758"}],"wp:term":[{"taxonomy":"category","embeddable":true,"href":"https:\/\/www.deberes.net\/tesis\/wp-json\/wp\/v2\/categories?post=115758"},{"taxonomy":"post_tag","embeddable":true,"href":"https:\/\/www.deberes.net\/tesis\/wp-json\/wp\/v2\/tags?post=115758"}],"curies":[{"name":"wp","href":"https:\/\/api.w.org\/{rel}","templated":true}]}}