{"id":115774,"date":"2014-08-06T00:00:00","date_gmt":"2014-08-06T00:00:00","guid":{"rendered":"https:\/\/www.deberes.net\/tesis\/sin-categoria\/analisis-de-la-profesion-periodistica-compromiso-etico-y-profesional-con-la-informacion-y-su-publico-un-estudio-del-area-local-en-medios-de-comunicacion-de-la-comunidad-de-madrid-2006-2013\/"},"modified":"2014-08-06T00:00:00","modified_gmt":"2014-08-06T00:00:00","slug":"analisis-de-la-profesion-periodistica-compromiso-etico-y-profesional-con-la-informacion-y-su-publico-un-estudio-del-area-local-en-medios-de-comunicacion-de-la-comunidad-de-madrid-2006-2013","status":"publish","type":"post","link":"https:\/\/www.deberes.net\/tesis\/complutense-de-madrid\/analisis-de-la-profesion-periodistica-compromiso-etico-y-profesional-con-la-informacion-y-su-publico-un-estudio-del-area-local-en-medios-de-comunicacion-de-la-comunidad-de-madrid-2006-2013\/","title":{"rendered":"Analisis de la profesi\u00f3n periodistica: compromiso \u00e9tico y profesional con la informaci\u00f3n y su p\u00fablico. un estudio del \u00e1rea local en medios  de comunicaci\u00f3n de la comunidad de Madrid (2006-2013)."},"content":{"rendered":"<h2>Tesis doctoral de <strong> Olga Esteban Rodriguez <\/strong><\/h2>\n<p>Esta tesis doctoral surge ante la percepci\u00f3n generalizada de que en el periodismo actual se han perdido los principios \u00e9ticos que sustentan esta profesi\u00f3n. Para abordar con rigor cient\u00edfico esta cuesti\u00f3n y trata de esclarecer lo que en un principio identificamos como una mera percepci\u00f3n, establecemos una metodolog\u00eda de estudio rigurosa que nos permita revisar todo el proceso de elaboraci\u00f3n de las noticias, desde su origen hasta que el mensaje period\u00edstico queda terminado para llegar a su audiencia. En este proceso retomamos los estudios previos realizados para la obtenci\u00f3n del dea en 2007, que nos facilitaron analizar la percepci\u00f3n que los periodistas tienen de su trabajo y compararlo con el mismo a trav\u00e9s de una encuesta y un estudio de contenidos. Con esta nueva investigaci\u00f3n llevamos a cabo entrevistas en profundidad que nos posibilitaran ahondar en estas cuestiones y dar respuesta a varias preguntas que suscit\u00f3 el anterior trabajo.  Repasamos todos pasos necesarios para obtener una noticia, desde el momento en el que se toma la decisi\u00f3n de que un hecho debe ser trasmitido a la poblaci\u00f3n hasta el instante en el que el periodista se sienta a escribir. Hemos preguntado a los profesionales por todas esas decisiones que se toman al d\u00eda en estas labores y ante la presencia de continuas referencias a los gabinetes de prensa decidimos incluirles dentro de nuestras entrevistas en profundidad. Escuchados unos y otros con detenimiento y analizado el resultado de su trabajo a trav\u00e9s de un estudio de contenidos llegamos a concluir que los periodistas que han formado parte de nuestra investigaci\u00f3n no mantienen un compromiso ni \u00e9tico ni profesional con la informaci\u00f3n que elaboran. Tampoco lo mantienen con su p\u00fablico y en todo caso la \u00fanica relaci\u00f3n de fidelidad que alimentan es la que les une con la empresa para la que trabajan. En estas circunstancias, el derecho a la informaci\u00f3n de los ciudadanos queda en riesgo, ya que los profesionales de los medios se han convertido en meros altavoces de grupos externos a la redacci\u00f3n que dise\u00f1an los mensajes que posteriormente difundir\u00e1n los redactores. Pocos grupos de poder econ\u00f3mico e ideol\u00f3gico que a trav\u00e9s de la publicidad logran comprar las l\u00edneas editoriales de las empresas editoriales. El derecho a la informaci\u00f3n queda diluido en las tareas del d\u00eda a d\u00eda. Cada decisi\u00f3n que se toma no tiene en cuenta a los ciudadanos, s\u00f3lo y \u00fanicamente cuando se trata de lograr un texto de f\u00e1cil comprensi\u00f3n o cuando se busca atraer la atenci\u00f3n de la audiencia.<\/p>\n<p>&nbsp;<\/p>\n<h3>Datos acad\u00e9micos de la tesis doctoral \u00ab<strong>Analisis de la profesi\u00f3n periodistica: compromiso \u00e9tico y profesional con la informaci\u00f3n y su p\u00fablico. un estudio del \u00e1rea local en medios  de comunicaci\u00f3n de la comunidad de Madrid (2006-2013).<\/strong>\u00ab<\/h3>\n<ul>\n<li><strong>T\u00edtulo de la tesis:<\/strong>\u00a0 Analisis de la profesi\u00f3n periodistica: compromiso \u00e9tico y profesional con la informaci\u00f3n y su p\u00fablico. un estudio del \u00e1rea local en medios  de comunicaci\u00f3n de la comunidad de Madrid (2006-2013). <\/li>\n<li><strong>Autor:<\/strong>\u00a0 Olga Esteban Rodriguez <\/li>\n<li><strong>Universidad:<\/strong>\u00a0 Complutense de Madrid<\/li>\n<li><strong>Fecha de lectura de la tesis:<\/strong>\u00a0 08\/06\/2014<\/li>\n<\/ul>\n<p>&nbsp;<\/p>\n<h3>Direcci\u00f3n y tribunal<\/h3>\n<ul>\n<li><strong>Director de la tesis<\/strong>\n<ul>\n<li>M. Elena Real Rodr\u00edguez<\/li>\n<\/ul>\n<\/li>\n<li><strong>Tribunal<\/strong>\n<ul>\n<li>Presidente del tribunal: pinar Agudiez  calvo <\/li>\n<li>Mar\u00eda \u00e1ngeles San mart\u00edn pascal (vocal)<\/li>\n<li>Javier Chivite fern\u00e1ndez (vocal)<\/li>\n<li>leopoldo Seijas candelas (vocal)<\/li>\n<\/ul>\n<\/li>\n<\/ul>\n<p>&nbsp;<\/p>\n","protected":false},"excerpt":{"rendered":"<p>Tesis doctoral de Olga Esteban Rodriguez Esta tesis doctoral surge ante la percepci\u00f3n generalizada de que en el periodismo actual [&hellip;]<\/p>\n","protected":false},"author":1,"featured_media":0,"comment_status":"open","ping_status":"open","sticky":false,"template":"","format":"standard","meta":{"site-sidebar-layout":"default","site-content-layout":"","ast-site-content-layout":"","site-content-style":"default","site-sidebar-style":"default","ast-global-header-display":"","ast-banner-title-visibility":"","ast-main-header-display":"","ast-hfb-above-header-display":"","ast-hfb-below-header-display":"","ast-hfb-mobile-header-display":"","site-post-title":"","ast-breadcrumbs-content":"","ast-featured-img":"","footer-sml-layout":"","theme-transparent-header-meta":"","adv-header-id-meta":"","stick-header-meta":"","header-above-stick-meta":"","header-main-stick-meta":"","header-below-stick-meta":"","astra-migrate-meta-layouts":"default","ast-page-background-enabled":"default","ast-page-background-meta":{"desktop":{"background-color":"var(--ast-global-color-4)","background-image":"","background-repeat":"repeat","background-position":"center center","background-size":"auto","background-attachment":"scroll","background-type":"","background-media":"","overlay-type":"","overlay-color":"","overlay-gradient":""},"tablet":{"background-color":"","background-image":"","background-repeat":"repeat","background-position":"center center","background-size":"auto","background-attachment":"scroll","background-type":"","background-media":"","overlay-type":"","overlay-color":"","overlay-gradient":""},"mobile":{"background-color":"","background-image":"","background-repeat":"repeat","background-position":"center center","background-size":"auto","background-attachment":"scroll","background-type":"","background-media":"","overlay-type":"","overlay-color":"","overlay-gradient":""}},"ast-content-background-meta":{"desktop":{"background-color":"var(--ast-global-color-5)","background-image":"","background-repeat":"repeat","background-position":"center center","background-size":"auto","background-attachment":"scroll","background-type":"","background-media":"","overlay-type":"","overlay-color":"","overlay-gradient":""},"tablet":{"background-color":"var(--ast-global-color-5)","background-image":"","background-repeat":"repeat","background-position":"center center","background-size":"auto","background-attachment":"scroll","background-type":"","background-media":"","overlay-type":"","overlay-color":"","overlay-gradient":""},"mobile":{"background-color":"var(--ast-global-color-5)","background-image":"","background-repeat":"repeat","background-position":"center center","background-size":"auto","background-attachment":"scroll","background-type":"","background-media":"","overlay-type":"","overlay-color":"","overlay-gradient":""}},"footnotes":""},"categories":[986,4735],"tags":[158937,38467,82446,225740,228866,128924],"class_list":["post-115774","post","type-post","status-publish","format-standard","hentry","category-complutense-de-madrid","category-comunicaciones-sociales","tag-javier-chivite-fernandez","tag-leopoldo-seijas-candelas","tag-m-elena-real-rodriguez","tag-maria-angeles-san-martin-pascal","tag-olga-esteban-rodriguez","tag-pinar-agudiez-calvo"],"_links":{"self":[{"href":"https:\/\/www.deberes.net\/tesis\/wp-json\/wp\/v2\/posts\/115774","targetHints":{"allow":["GET"]}}],"collection":[{"href":"https:\/\/www.deberes.net\/tesis\/wp-json\/wp\/v2\/posts"}],"about":[{"href":"https:\/\/www.deberes.net\/tesis\/wp-json\/wp\/v2\/types\/post"}],"author":[{"embeddable":true,"href":"https:\/\/www.deberes.net\/tesis\/wp-json\/wp\/v2\/users\/1"}],"replies":[{"embeddable":true,"href":"https:\/\/www.deberes.net\/tesis\/wp-json\/wp\/v2\/comments?post=115774"}],"version-history":[{"count":0,"href":"https:\/\/www.deberes.net\/tesis\/wp-json\/wp\/v2\/posts\/115774\/revisions"}],"wp:attachment":[{"href":"https:\/\/www.deberes.net\/tesis\/wp-json\/wp\/v2\/media?parent=115774"}],"wp:term":[{"taxonomy":"category","embeddable":true,"href":"https:\/\/www.deberes.net\/tesis\/wp-json\/wp\/v2\/categories?post=115774"},{"taxonomy":"post_tag","embeddable":true,"href":"https:\/\/www.deberes.net\/tesis\/wp-json\/wp\/v2\/tags?post=115774"}],"curies":[{"name":"wp","href":"https:\/\/api.w.org\/{rel}","templated":true}]}}