{"id":115793,"date":"2014-12-06T00:00:00","date_gmt":"2014-12-06T00:00:00","guid":{"rendered":"https:\/\/www.deberes.net\/tesis\/sin-categoria\/practicas-arta%c2%adsticas-ecologicas-relativas-al-agua-en-un-contexto-de-cambio-climatico-estrategias-y-procesos-de-aprendizaje\/"},"modified":"2014-12-06T00:00:00","modified_gmt":"2014-12-06T00:00:00","slug":"practicas-arta%c2%adsticas-ecologicas-relativas-al-agua-en-un-contexto-de-cambio-climatico-estrategias-y-procesos-de-aprendizaje","status":"publish","type":"post","link":"https:\/\/www.deberes.net\/tesis\/murcia\/practicas-arta%c2%adsticas-ecologicas-relativas-al-agua-en-un-contexto-de-cambio-climatico-estrategias-y-procesos-de-aprendizaje\/","title":{"rendered":"Pr\u00e1cticas art\u00edsticas ecol\u00f3gicas relativas al agua en un contexto de cambio clim\u00e1tico. estrategias y procesos de aprendizaje"},"content":{"rendered":"<h2>Tesis doctoral de <strong> Antonio  Jos\u00e9 Garcia Cano <\/strong><\/h2>\n<p>&nbsp;<\/p>\n<h3>Datos acad\u00e9micos de la tesis doctoral \u00ab<strong>Pr\u00e1cticas art\u00edsticas ecol\u00f3gicas relativas al agua en un contexto de cambio clim\u00e1tico. estrategias y procesos de aprendizaje<\/strong>\u00ab<\/h3>\n<ul>\n<li><strong>T\u00edtulo de la tesis:<\/strong>\u00a0 Pr\u00e1cticas art\u00edsticas ecol\u00f3gicas relativas al agua en un contexto de cambio clim\u00e1tico. estrategias y procesos de aprendizaje <\/li>\n<li><strong>Autor:<\/strong>\u00a0 Antonio  Jos\u00e9 Garcia Cano <\/li>\n<li><strong>Universidad:<\/strong>\u00a0 Murcia<\/li>\n<li><strong>Fecha de lectura de la tesis:<\/strong>\u00a0 12\/06\/2014<\/li>\n<\/ul>\n<p>&nbsp;<\/p>\n<h3>Direcci\u00f3n y tribunal<\/h3>\n<ul>\n<li><strong>Director de la tesis<\/strong>\n<ul>\n<li>salvador Rubio marco<\/li>\n<\/ul>\n<\/li>\n<li><strong>Tribunal<\/strong>\n<ul>\n<li>Presidente del tribunal:   <\/li>\n<li>  (vocal)<\/li>\n<li>  (vocal)<\/li>\n<li>  (vocal)<\/li>\n<\/ul>\n<\/li>\n<\/ul>\n<p>&nbsp;<\/p>\n","protected":false},"excerpt":{"rendered":"<p>Tesis doctoral de Antonio Jos\u00e9 Garcia Cano &nbsp; Datos acad\u00e9micos de la tesis doctoral \u00abPr\u00e1cticas art\u00edsticas ecol\u00f3gicas relativas al agua [&hellip;]<\/p>\n","protected":false},"author":1,"featured_media":0,"comment_status":"open","ping_status":"open","sticky":false,"template":"","format":"standard","meta":{"site-sidebar-layout":"default","site-content-layout":"","ast-site-content-layout":"","site-content-style":"default","site-sidebar-style":"default","ast-global-header-display":"","ast-banner-title-visibility":"","ast-main-header-display":"","ast-hfb-above-header-display":"","ast-hfb-below-header-display":"","ast-hfb-mobile-header-display":"","site-post-title":"","ast-breadcrumbs-content":"","ast-featured-img":"","footer-sml-layout":"","theme-transparent-header-meta":"","adv-header-id-meta":"","stick-header-meta":"","header-above-stick-meta":"","header-main-stick-meta":"","header-below-stick-meta":"","astra-migrate-meta-layouts":"default","ast-page-background-enabled":"default","ast-page-background-meta":{"desktop":{"background-color":"var(--ast-global-color-4)","background-image":"","background-repeat":"repeat","background-position":"center center","background-size":"auto","background-attachment":"scroll","background-type":"","background-media":"","overlay-type":"","overlay-color":"","overlay-gradient":""},"tablet":{"background-color":"","background-image":"","background-repeat":"repeat","background-position":"center center","background-size":"auto","background-attachment":"scroll","background-type":"","background-media":"","overlay-type":"","overlay-color":"","overlay-gradient":""},"mobile":{"background-color":"","background-image":"","background-repeat":"repeat","background-position":"center center","background-size":"auto","background-attachment":"scroll","background-type":"","background-media":"","overlay-type":"","overlay-color":"","overlay-gradient":""}},"ast-content-background-meta":{"desktop":{"background-color":"var(--ast-global-color-5)","background-image":"","background-repeat":"repeat","background-position":"center center","background-size":"auto","background-attachment":"scroll","background-type":"","background-media":"","overlay-type":"","overlay-color":"","overlay-gradient":""},"tablet":{"background-color":"var(--ast-global-color-5)","background-image":"","background-repeat":"repeat","background-position":"center center","background-size":"auto","background-attachment":"scroll","background-type":"","background-media":"","overlay-type":"","overlay-color":"","overlay-gradient":""},"mobile":{"background-color":"var(--ast-global-color-5)","background-image":"","background-repeat":"repeat","background-position":"center center","background-size":"auto","background-attachment":"scroll","background-type":"","background-media":"","overlay-type":"","overlay-color":"","overlay-gradient":""}},"footnotes":""},"categories":[8235],"tags":[228893,83634],"class_list":["post-115793","post","type-post","status-publish","format-standard","hentry","category-murcia","tag-antonio-jose-garcia-cano","tag-salvador-rubio-marco"],"_links":{"self":[{"href":"https:\/\/www.deberes.net\/tesis\/wp-json\/wp\/v2\/posts\/115793","targetHints":{"allow":["GET"]}}],"collection":[{"href":"https:\/\/www.deberes.net\/tesis\/wp-json\/wp\/v2\/posts"}],"about":[{"href":"https:\/\/www.deberes.net\/tesis\/wp-json\/wp\/v2\/types\/post"}],"author":[{"embeddable":true,"href":"https:\/\/www.deberes.net\/tesis\/wp-json\/wp\/v2\/users\/1"}],"replies":[{"embeddable":true,"href":"https:\/\/www.deberes.net\/tesis\/wp-json\/wp\/v2\/comments?post=115793"}],"version-history":[{"count":0,"href":"https:\/\/www.deberes.net\/tesis\/wp-json\/wp\/v2\/posts\/115793\/revisions"}],"wp:attachment":[{"href":"https:\/\/www.deberes.net\/tesis\/wp-json\/wp\/v2\/media?parent=115793"}],"wp:term":[{"taxonomy":"category","embeddable":true,"href":"https:\/\/www.deberes.net\/tesis\/wp-json\/wp\/v2\/categories?post=115793"},{"taxonomy":"post_tag","embeddable":true,"href":"https:\/\/www.deberes.net\/tesis\/wp-json\/wp\/v2\/tags?post=115793"}],"curies":[{"name":"wp","href":"https:\/\/api.w.org\/{rel}","templated":true}]}}