{"id":115802,"date":"2014-12-06T00:00:00","date_gmt":"2014-12-06T00:00:00","guid":{"rendered":"https:\/\/www.deberes.net\/tesis\/sin-categoria\/la-cinematografa%c2%ada-como-instrumento-de-construccion-nacional-largometrajes-de-ficcion-1936-1975\/"},"modified":"2014-12-06T00:00:00","modified_gmt":"2014-12-06T00:00:00","slug":"la-cinematografa%c2%ada-como-instrumento-de-construccion-nacional-largometrajes-de-ficcion-1936-1975","status":"publish","type":"post","link":"https:\/\/www.deberes.net\/tesis\/complutense-de-madrid\/la-cinematografa%c2%ada-como-instrumento-de-construccion-nacional-largometrajes-de-ficcion-1936-1975\/","title":{"rendered":"La cinematograf\u00edacomo instrumento de construcci\u00f3n nacional: largometrajes de ficci\u00f3n 1936-1975"},"content":{"rendered":"<h2>Tesis doctoral de <strong> Gabriela Viadero Carral <\/strong><\/h2>\n<p>El objetivo de esta tesis es el estudio del discurso nacionalista espa\u00f1ol en los largometrajes de ficci\u00f3n producidos durante el franquismo. Para ello, hemos visionado m\u00e1s de cuatrocientos cincuenta t\u00edtulos, estructurando el resultado de nuestra investigaci\u00f3n en ocho cap\u00edtulos. En el primero hacemos alusi\u00f3n al poder del medio f\u00edlmico a la hora de comunicar y persuadir y en c\u00f3mo, a consecuencia del mismo, los dirigentes pol\u00edticos buscan controlarlo. En este caso estudiamos c\u00f3mo el r\u00e9gimen franquista intent\u00f3 dirigir la cinematograf\u00eda. En el segundo cap\u00edtulo, espa\u00f1a irrumpe en la historia, realizamos un peque\u00f1o resumen sobre la funci\u00f3n de la historia en las construcciones nacionales y el gran inter\u00e9s de la filmograf\u00eda hist\u00f3rica en relaci\u00f3n al discurso nacionalista. Continuamos con el an\u00e1lisis de las pel\u00edculas cuya cronolog\u00eda interna corresponde a la reconquista y a lo que hemos llamado esplendor de la naci\u00f3n espa\u00f1ola (siglo xvi). El tercer cap\u00edtulo,  espa\u00f1a agredida, gira en torno a la guerra de la independencia y  la guerra civil. En cuanto a conflictos b\u00e9licos se refiere, \u00e9stos son los dos a los que la filmograf\u00eda consagra mayor n\u00famero de pel\u00edculas, alt\u00edsimo en el caso del segundo. Espa\u00f1a imperial, t\u00edtulo del cuarto cap\u00edtulo, versa sobre las colonias espa\u00f1olas. La primera parte, dedicada a am\u00e9rica, trata sobre el descubrimiento, la colonizaci\u00f3n y p\u00e9rdida de las colonias, y la segunda, consagrada al continente africano, se centra en las posesiones espa\u00f1olas en el norte de \u00e1frica y guinea, en el siglo xx.   El quinto cap\u00edtulo, espa\u00f1a cat\u00f3lica, se dedica a la filmograf\u00eda sobre esta instituci\u00f3n religiosa. Si bien es cierto que la iglesia tiene su propia historia, est\u00e1 muy ligada, sobre todo en el caso del discurso nacionalista conservador, a la naci\u00f3n espa\u00f1ola. Encontraremos varios apartados: pel\u00edculas sobre el pasado cat\u00f3lico de espa\u00f1a y sus figuras destacadas -santos, por lo general-, films sobre la espa\u00f1a misionera y largometrajes sobre monjas y curas y su papel en la sociedad de la \u00e9poca. Por \u00faltimo, estudiaremos c\u00f3mo afecta la llegada de la modernidad a esta instituci\u00f3n y su reflejo en la filmograf\u00eda.  El cap\u00edtulo sexto estudia la espa\u00f1a rom\u00e1ntico folcl\u00f3rica. En el siglo xix, algunos viajeros extranjeros crearon una imagen de la naci\u00f3n espa\u00f1ola que la defin\u00eda como pa\u00eds ex\u00f3tico, de aventuras, riesgo y grandes pasiones, para lo que emplearon estereotipos propios del \u00e1rea de andaluc\u00eda- bandidos, toreros, gitanas. Veremos c\u00f3mo la filmograf\u00eda va a utilizar una y otra vez esta imagen y qu\u00e9 relaci\u00f3n hay con la identidad nacional y el discurso nacionalista. Analizaremos tambi\u00e9n las coproducciones hispano mexicanas, as\u00ed como la llegada de la modernidad a espa\u00f1a y su efecto en este tipo de pel\u00edculas. La filmograf\u00eda demuestra que otras identidades regionales intentaron hacerse un hueco, aunque el n\u00famero de films es muy inferior a los que se desarrollan en andaluc\u00eda. Hemos dedicado un ep\u00edgrafe a las que presentan mayor presencia, como la aragonesa y madrile\u00f1a, centrada, esta \u00faltima, en el majismo y casticismo. Se ha dedicado tambi\u00e9n parte de este cap\u00edtulo a una de las figuras rom\u00e1nticas por excelencia- el torero. El matador, enfrent\u00e1ndose a la bestia, demuestra el valor supremo, el desprecio por la muerte, lo que lo convierte en h\u00e9roe. Y, por \u00faltimo, unas breves impresiones sobre el bandolero, otra figura utilizada con fines nacionalistas por la filmograf\u00eda. El cap\u00edtulo s\u00e9ptimo, espa\u00f1a ye-ye, se centra en los largometrajes que reflejan los cambios que se est\u00e1n produciendo en la sociedad espa\u00f1ola a ra\u00edz del desarrollo econ\u00f3mico y el fin del aislamiento internacional. Si la identidad espa\u00f1ola se hab\u00eda construido en torno a la tradici\u00f3n y sus valores, veremos c\u00f3mo le afect\u00f3 la llegada de la modernidad y su reflejo en las producciones cinematogr\u00e1ficas.  Por \u00faltimo, dedicamos un cap\u00edtulo a las conclusiones.<\/p>\n<p>&nbsp;<\/p>\n<h3>Datos acad\u00e9micos de la tesis doctoral \u00ab<strong>La cinematograf\u00edacomo instrumento de construcci\u00f3n nacional: largometrajes de ficci\u00f3n 1936-1975<\/strong>\u00ab<\/h3>\n<ul>\n<li><strong>T\u00edtulo de la tesis:<\/strong>\u00a0 La cinematograf\u00edacomo instrumento de construcci\u00f3n nacional: largometrajes de ficci\u00f3n 1936-1975 <\/li>\n<li><strong>Autor:<\/strong>\u00a0 Gabriela Viadero Carral <\/li>\n<li><strong>Universidad:<\/strong>\u00a0 Complutense de Madrid<\/li>\n<li><strong>Fecha de lectura de la tesis:<\/strong>\u00a0 12\/06\/2014<\/li>\n<\/ul>\n<p>&nbsp;<\/p>\n<h3>Direcci\u00f3n y tribunal<\/h3>\n<ul>\n<li><strong>Director de la tesis<\/strong>\n<ul>\n<li>Jose \u00e1lvarez Junco<\/li>\n<\/ul>\n<\/li>\n<li><strong>Tribunal<\/strong>\n<ul>\n<li>Presidente del tribunal: Juan  pablo Fusi aizpurua <\/li>\n<li>Juan  sisinio P\u00e9rez garz\u00f3n (vocal)<\/li>\n<li>xose manoel Nu\u00f1ez seixas (vocal)<\/li>\n<li>paloma Aguilar  fernandez (vocal)<\/li>\n<\/ul>\n<\/li>\n<\/ul>\n<p>&nbsp;<\/p>\n","protected":false},"excerpt":{"rendered":"<p>Tesis doctoral de Gabriela Viadero Carral El objetivo de esta tesis es el estudio del discurso nacionalista espa\u00f1ol en los [&hellip;]<\/p>\n","protected":false},"author":1,"featured_media":0,"comment_status":"open","ping_status":"open","sticky":false,"template":"","format":"standard","meta":{"site-sidebar-layout":"default","site-content-layout":"","ast-site-content-layout":"","site-content-style":"default","site-sidebar-style":"default","ast-global-header-display":"","ast-banner-title-visibility":"","ast-main-header-display":"","ast-hfb-above-header-display":"","ast-hfb-below-header-display":"","ast-hfb-mobile-header-display":"","site-post-title":"","ast-breadcrumbs-content":"","ast-featured-img":"","footer-sml-layout":"","theme-transparent-header-meta":"","adv-header-id-meta":"","stick-header-meta":"","header-above-stick-meta":"","header-main-stick-meta":"","header-below-stick-meta":"","astra-migrate-meta-layouts":"default","ast-page-background-enabled":"default","ast-page-background-meta":{"desktop":{"background-color":"var(--ast-global-color-4)","background-image":"","background-repeat":"repeat","background-position":"center center","background-size":"auto","background-attachment":"scroll","background-type":"","background-media":"","overlay-type":"","overlay-color":"","overlay-gradient":""},"tablet":{"background-color":"","background-image":"","background-repeat":"repeat","background-position":"center center","background-size":"auto","background-attachment":"scroll","background-type":"","background-media":"","overlay-type":"","overlay-color":"","overlay-gradient":""},"mobile":{"background-color":"","background-image":"","background-repeat":"repeat","background-position":"center center","background-size":"auto","background-attachment":"scroll","background-type":"","background-media":"","overlay-type":"","overlay-color":"","overlay-gradient":""}},"ast-content-background-meta":{"desktop":{"background-color":"var(--ast-global-color-5)","background-image":"","background-repeat":"repeat","background-position":"center center","background-size":"auto","background-attachment":"scroll","background-type":"","background-media":"","overlay-type":"","overlay-color":"","overlay-gradient":""},"tablet":{"background-color":"var(--ast-global-color-5)","background-image":"","background-repeat":"repeat","background-position":"center center","background-size":"auto","background-attachment":"scroll","background-type":"","background-media":"","overlay-type":"","overlay-color":"","overlay-gradient":""},"mobile":{"background-color":"var(--ast-global-color-5)","background-image":"","background-repeat":"repeat","background-position":"center center","background-size":"auto","background-attachment":"scroll","background-type":"","background-media":"","overlay-type":"","overlay-color":"","overlay-gradient":""}},"footnotes":""},"categories":[986,4840],"tags":[228908,31409,6662,137760,31408,138651],"class_list":["post-115802","post","type-post","status-publish","format-standard","hentry","category-complutense-de-madrid","category-opinion-publica","tag-gabriela-viadero-carral","tag-jose-alvarez-junco","tag-juan-pablo-fusi-aizpurua","tag-juan-sisinio-perez-garzon","tag-paloma-aguilar-fernandez","tag-xose-manoel-nunez-seixas"],"_links":{"self":[{"href":"https:\/\/www.deberes.net\/tesis\/wp-json\/wp\/v2\/posts\/115802","targetHints":{"allow":["GET"]}}],"collection":[{"href":"https:\/\/www.deberes.net\/tesis\/wp-json\/wp\/v2\/posts"}],"about":[{"href":"https:\/\/www.deberes.net\/tesis\/wp-json\/wp\/v2\/types\/post"}],"author":[{"embeddable":true,"href":"https:\/\/www.deberes.net\/tesis\/wp-json\/wp\/v2\/users\/1"}],"replies":[{"embeddable":true,"href":"https:\/\/www.deberes.net\/tesis\/wp-json\/wp\/v2\/comments?post=115802"}],"version-history":[{"count":0,"href":"https:\/\/www.deberes.net\/tesis\/wp-json\/wp\/v2\/posts\/115802\/revisions"}],"wp:attachment":[{"href":"https:\/\/www.deberes.net\/tesis\/wp-json\/wp\/v2\/media?parent=115802"}],"wp:term":[{"taxonomy":"category","embeddable":true,"href":"https:\/\/www.deberes.net\/tesis\/wp-json\/wp\/v2\/categories?post=115802"},{"taxonomy":"post_tag","embeddable":true,"href":"https:\/\/www.deberes.net\/tesis\/wp-json\/wp\/v2\/tags?post=115802"}],"curies":[{"name":"wp","href":"https:\/\/api.w.org\/{rel}","templated":true}]}}