{"id":115934,"date":"2018-03-11T10:44:41","date_gmt":"2018-03-11T10:44:41","guid":{"rendered":"https:\/\/www.deberes.net\/tesis\/sin-categoria\/de-la-oscuridad-a-la-oscuridad-estudio-sobre-el-crecimiento-exponencial-de-la-tecnologa%c2%ada-y-su-influencia-en-la-concepcion-del-hogar\/"},"modified":"2018-03-11T10:44:41","modified_gmt":"2018-03-11T10:44:41","slug":"de-la-oscuridad-a-la-oscuridad-estudio-sobre-el-crecimiento-exponencial-de-la-tecnologa%c2%ada-y-su-influencia-en-la-concepcion-del-hogar","status":"publish","type":"post","link":"https:\/\/www.deberes.net\/tesis\/innovacion-tecnologica\/de-la-oscuridad-a-la-oscuridad-estudio-sobre-el-crecimiento-exponencial-de-la-tecnologa%c2%ada-y-su-influencia-en-la-concepcion-del-hogar\/","title":{"rendered":"De la oscuridad a la oscuridad. estudio sobre el crecimiento exponencial de la tecnolog\u00eda y su influencia en la concepci\u00f3n del hogar"},"content":{"rendered":"<h2>Tesis doctoral de <strong> \u00e1ngel Rico Painceiras <\/strong><\/h2>\n<p>Se ha abordado esta tesis entendiendo que en la sociedad actual hay fen\u00f3menos en curso ,relacionados con la tecnolog\u00eda, que est\u00e1n transformando su relaci\u00f3n con la arquitectura y, en consecuencia, los modos de uso, ocupaci\u00f3n y proyecto del espacio construido.  partiendo del concepto personal de hogar, se investiga desde diferentes puntos de vista, la penetraci\u00f3n e influencia de la alta tecnolog\u00eda (con especial referencia a las t.I.C.) En el espacio de la vivienda. La finalidad es aportar un modelo de penetraci\u00f3n que permita determinar tendencias futuras.  tras acotar el \u00e1mbito de estudio a nivel geogr\u00e1fico, social y temporal, adem\u00e1s de establecer el punto de partida del fen\u00f3meno a estudiar, se definen conceptualmente los vectores imprescindibles para el desarrollo del trabajo; como son el tiempo, la tecnolog\u00eda, la velocidad y la adaptaci\u00f3n. Con la definici\u00f3n de dichos vectores se pasa a establecer el sistema de acceso de las tecnolog\u00edas al espacio de la vivienda, mediante el an\u00e1lisis individual de una serie de ellas que ya han modificado el hogar actual. Para ello, se desarrolla un m\u00e9todo anal\u00edtico que se aplicar\u00e1 a las siguientes tecnolog\u00edas: la iluminaci\u00f3n, el ascensor, el tel\u00e9fono, la radio, la nevera. La televisi\u00f3n, la telefon\u00eda m\u00f3vil, el computador y la red. Bas\u00e1ndose en una subdivisi\u00f3n temporal de la incidencia de estas tecnolog\u00edas, pasando por las fases de: irrupci\u00f3n, adaptaci\u00f3n y aceptaci\u00f3n; se reflexiona en cada una de ellas su incidencia en la arquitectura de la vivienda, con la intenci\u00f3n de que sumando los an\u00e1lisis individuales, den pautas para el modelo. Como se demuestra, es cambiante pero mantiene constantes que permiten. Si son entendidas en la fase temporal correcta, predecir las tendencias. se realiza un estudio sobre la evoluci\u00f3n de las distribuciones y los usuarios de dichos programas; analizando especialmente las tendencias de los nativos de la red que ser\u00e1n los usuarios, en un futuro inmediato de las nuevas viviendas.  tras el an\u00e1lisis y en el cap\u00edtulo de conclusiones, se desarrollan las variables disruptivas que en el momento de escribir la tesis, plantean m\u00e1s potencial de consolidaci\u00f3n. Estas son: la realidad aumentada, la nanotecnolog\u00eda y la nube. Por tanto, son estas variables a las que debemos hacer un especial seguimiento, atendiendo en todo momento al surgimiento de otras nuevas. Siempre, con la intenci\u00f3n de mantenernos como profesionales, en una posici\u00f3n de conocimiento de las tendencias que nos permita tener una presencia de peso en el proceso arquitect\u00f3nico futuro.  para finalizar, en el estudio se plantean las tendencias de futuro basadas en las variables actuales, como son la desmaterializaci\u00f3n, la convergencia tecnol\u00f3gica, la disoluci\u00f3n y el concepto de arquitecto, como se deja claro en la tesis sin ninguna pretensi\u00f3n predictiva sino de tendencia.<\/p>\n<p>&nbsp;<\/p>\n<h3>Datos acad\u00e9micos de la tesis doctoral \u00ab<strong>De la oscuridad a la oscuridad. estudio sobre el crecimiento exponencial de la tecnolog\u00eda y su influencia en la concepci\u00f3n del hogar<\/strong>\u00ab<\/h3>\n<ul>\n<li><strong>T\u00edtulo de la tesis:<\/strong>\u00a0 De la oscuridad a la oscuridad. estudio sobre el crecimiento exponencial de la tecnolog\u00eda y su influencia en la concepci\u00f3n del hogar <\/li>\n<li><strong>Autor:<\/strong>\u00a0 \u00e1ngel Rico Painceiras <\/li>\n<li><strong>Universidad:<\/strong>\u00a0 Polit\u00e9cnica de catalunya<\/li>\n<li><strong>Fecha de lectura de la tesis:<\/strong>\u00a0 27\/06\/2014<\/li>\n<\/ul>\n<p>&nbsp;<\/p>\n<h3>Direcci\u00f3n y tribunal<\/h3>\n<ul>\n<li><strong>Director de la tesis<\/strong>\n<ul>\n<li>Eduard Bru Bistuer<\/li>\n<\/ul>\n<\/li>\n<li><strong>Tribunal<\/strong>\n<ul>\n<li>Presidente del tribunal: alfons Soldevila   barbosa <\/li>\n<li>pedro Garcia hern\u00e1ndez (vocal)<\/li>\n<li>Jaime Valor montero (vocal)<\/li>\n<li>roger Miralles jori (vocal)<\/li>\n<\/ul>\n<\/li>\n<\/ul>\n<p>&nbsp;<\/p>\n","protected":false},"excerpt":{"rendered":"<p>Tesis doctoral de \u00e1ngel Rico Painceiras Se ha abordado esta tesis entendiendo que en la sociedad actual hay fen\u00f3menos en [&hellip;]<\/p>\n","protected":false},"author":1,"featured_media":0,"comment_status":"open","ping_status":"open","sticky":false,"template":"","format":"standard","meta":{"site-sidebar-layout":"default","site-content-layout":"","ast-site-content-layout":"","site-content-style":"default","site-sidebar-style":"default","ast-global-header-display":"","ast-banner-title-visibility":"","ast-main-header-display":"","ast-hfb-above-header-display":"","ast-hfb-below-header-display":"","ast-hfb-mobile-header-display":"","site-post-title":"","ast-breadcrumbs-content":"","ast-featured-img":"","footer-sml-layout":"","theme-transparent-header-meta":"","adv-header-id-meta":"","stick-header-meta":"","header-above-stick-meta":"","header-main-stick-meta":"","header-below-stick-meta":"","astra-migrate-meta-layouts":"default","ast-page-background-enabled":"default","ast-page-background-meta":{"desktop":{"background-color":"var(--ast-global-color-4)","background-image":"","background-repeat":"repeat","background-position":"center center","background-size":"auto","background-attachment":"scroll","background-type":"","background-media":"","overlay-type":"","overlay-color":"","overlay-gradient":""},"tablet":{"background-color":"","background-image":"","background-repeat":"repeat","background-position":"center center","background-size":"auto","background-attachment":"scroll","background-type":"","background-media":"","overlay-type":"","overlay-color":"","overlay-gradient":""},"mobile":{"background-color":"","background-image":"","background-repeat":"repeat","background-position":"center center","background-size":"auto","background-attachment":"scroll","background-type":"","background-media":"","overlay-type":"","overlay-color":"","overlay-gradient":""}},"ast-content-background-meta":{"desktop":{"background-color":"var(--ast-global-color-5)","background-image":"","background-repeat":"repeat","background-position":"center center","background-size":"auto","background-attachment":"scroll","background-type":"","background-media":"","overlay-type":"","overlay-color":"","overlay-gradient":""},"tablet":{"background-color":"var(--ast-global-color-5)","background-image":"","background-repeat":"repeat","background-position":"center center","background-size":"auto","background-attachment":"scroll","background-type":"","background-media":"","overlay-type":"","overlay-color":"","overlay-gradient":""},"mobile":{"background-color":"var(--ast-global-color-5)","background-image":"","background-repeat":"repeat","background-position":"center center","background-size":"auto","background-attachment":"scroll","background-type":"","background-media":"","overlay-type":"","overlay-color":"","overlay-gradient":""}},"footnotes":""},"categories":[4509,991,15596,2489,14126],"tags":[15804,229104,15919,225301,229105,229106],"class_list":["post-115934","post","type-post","status-publish","format-standard","hentry","category-arquitectura","category-innovacion-tecnologica","category-politecnica-de-catalunya","category-tecnologia-de-las-telecomunicaciones","category-tecnologia-y-cambio-social","tag-alfons-soldevila-barbosa","tag-angel-rico-painceiras","tag-eduard-bru-bistuer","tag-jaime-valor-montero","tag-pedro-garcia-hernandez","tag-roger-miralles-jori"],"_links":{"self":[{"href":"https:\/\/www.deberes.net\/tesis\/wp-json\/wp\/v2\/posts\/115934","targetHints":{"allow":["GET"]}}],"collection":[{"href":"https:\/\/www.deberes.net\/tesis\/wp-json\/wp\/v2\/posts"}],"about":[{"href":"https:\/\/www.deberes.net\/tesis\/wp-json\/wp\/v2\/types\/post"}],"author":[{"embeddable":true,"href":"https:\/\/www.deberes.net\/tesis\/wp-json\/wp\/v2\/users\/1"}],"replies":[{"embeddable":true,"href":"https:\/\/www.deberes.net\/tesis\/wp-json\/wp\/v2\/comments?post=115934"}],"version-history":[{"count":0,"href":"https:\/\/www.deberes.net\/tesis\/wp-json\/wp\/v2\/posts\/115934\/revisions"}],"wp:attachment":[{"href":"https:\/\/www.deberes.net\/tesis\/wp-json\/wp\/v2\/media?parent=115934"}],"wp:term":[{"taxonomy":"category","embeddable":true,"href":"https:\/\/www.deberes.net\/tesis\/wp-json\/wp\/v2\/categories?post=115934"},{"taxonomy":"post_tag","embeddable":true,"href":"https:\/\/www.deberes.net\/tesis\/wp-json\/wp\/v2\/tags?post=115934"}],"curies":[{"name":"wp","href":"https:\/\/api.w.org\/{rel}","templated":true}]}}