{"id":11595,"date":"2018-03-09T08:57:02","date_gmt":"2018-03-09T08:57:02","guid":{"rendered":"https:\/\/www.deberes.net\/tesis\/sin-categoria\/evolucion-y-regimen-legal-del-catastro-en-espana-la-valoracion-catastral-y-el-justiprecio-del-suelo\/"},"modified":"2018-03-09T08:57:02","modified_gmt":"2018-03-09T08:57:02","slug":"evolucion-y-regimen-legal-del-catastro-en-espana-la-valoracion-catastral-y-el-justiprecio-del-suelo","status":"publish","type":"post","link":"https:\/\/www.deberes.net\/tesis\/ciencias-juridicas-y-derecho\/evolucion-y-regimen-legal-del-catastro-en-espana-la-valoracion-catastral-y-el-justiprecio-del-suelo\/","title":{"rendered":"Evoluci\u00f3n y r\u00e9gimen legal del catastro en espa\u00f1a. la valoraci\u00f3n catastral y el justiprecio del suelo."},"content":{"rendered":"<h2>Tesis doctoral de <strong>  Fern\u00e1ndez Garc\u00eda Jos\u00e9 Francisco <\/strong><\/h2>\n<p>Esta tesis doctoral aborda, desde una consideraci\u00f3n global y con un enfoque jur\u00eddico-administrativo, el estudio de la materia catastral y su interrelaci\u00f3n con otras jur\u00eddicas de car\u00e1cter extratributario.  en su desarrollo se ha seguido una doble direcci\u00f3n metodol\u00f3gica: la hist\u00f3rica y la jur\u00eddica; distribuy\u00e9ndose los contenidos del trabajo en dos partes: en la primera de ellas se estudia la evoluci\u00f3n institucional y org\u00e1nica del catastro, tratando de comprobar hasta que punto esta materia ha vendio a configurarse como un \u00e1mbito aut\u00f3nomo, desgajado de su principal aplicaci\u00f3n fiscal,para proceder despu\u00e9s, al an\u00e1lisis de los t\u00edtulos competenciales que justifican ese tratamiento y a encuadrar la actividad adminsitrativa que se desarrolla en torno al mismo. Dicho estudio conduce a contemplar el catastro, en su realidad objetiva acutal, como un complejo sistema de informaci\u00f3n sobre el territorio. Susceptible de aprovechamiento externo y de funcionamiento coordinado con el registro de la propiedad.  en la segunda parte del trabajo, se analizan, por separado, los sistemas de evaluaci\u00f3n de las riquezas urbana y r\u00fastica, describi\u00e9ndose en cada caso los proceos seguidos en su articulaci\u00f3n t\u00e9cnica y su formulaci\u00f3n jur\u00eddica.Dicho examen,presta espeical atenci\u00f3n al estudio de aquellos elementos que hacen posible la aproximacion de estas estimacion es a los valores del mercado y, en general, a la incidencia del hecho urban\u00edstico en la instrumentaci\u00f3n de las normas t\u00e9cnicas y la metodolog\u00eda de valoraci\u00f3n catastral. Sobre esta base, se aborda, finalmente, el estudio de la conexi\u00f3n \u00aburbanismo-fiscalidad\u00bb, en punto a la valoraci\u00f3n del suelo, procediendo primero analizar los elementos fudnamentadores de la relaci\u00f3n institucional entre el catastro y la expropiaci\u00f3n forzosa, para tratar despu\u00e9s las t\u00e9cnicas operativas de integraci\u00f3n funcional, desarrolladas por la legislaci\u00f3n general expropiatoria y urban\u00edstica.<\/p>\n<p>&nbsp;<\/p>\n<h3>Datos acad\u00e9micos de la tesis doctoral \u00ab<strong>Evoluci\u00f3n y r\u00e9gimen legal del catastro en espa\u00f1a. la valoraci\u00f3n catastral y el justiprecio del suelo.<\/strong>\u00ab<\/h3>\n<ul>\n<li><strong>T\u00edtulo de la tesis:<\/strong>\u00a0 Evoluci\u00f3n y r\u00e9gimen legal del catastro en espa\u00f1a. la valoraci\u00f3n catastral y el justiprecio del suelo. <\/li>\n<li><strong>Autor:<\/strong>\u00a0  Fern\u00e1ndez Garc\u00eda Jos\u00e9 Francisco <\/li>\n<li><strong>Universidad:<\/strong>\u00a0 Oviedo<\/li>\n<li><strong>Fecha de lectura de la tesis:<\/strong>\u00a0 25\/06\/2001<\/li>\n<\/ul>\n<p>&nbsp;<\/p>\n<h3>Direcci\u00f3n y tribunal<\/h3>\n<ul>\n<li><strong>Director de la tesis<\/strong>\n<ul>\n<li> Bocanegra Sierra Ra\u00fal Eugenio<\/li>\n<\/ul>\n<\/li>\n<li><strong>Tribunal<\/strong>\n<ul>\n<li>Presidente del tribunal:  Parejo alfonso luciano j. <\/li>\n<li>leopoldo Tolivar alas (vocal)<\/li>\n<li>Antonio Jim\u00e9nez blanco (vocal)<\/li>\n<li>ramon Duran rivacoba (vocal)<\/li>\n<\/ul>\n<\/li>\n<\/ul>\n<p>&nbsp;<\/p>\n","protected":false},"excerpt":{"rendered":"<p>Tesis doctoral de Fern\u00e1ndez Garc\u00eda Jos\u00e9 Francisco Esta tesis doctoral aborda, desde una consideraci\u00f3n global y con un enfoque jur\u00eddico-administrativo, [&hellip;]<\/p>\n","protected":false},"author":1,"featured_media":0,"comment_status":"open","ping_status":"open","sticky":false,"template":"","format":"standard","meta":{"site-sidebar-layout":"default","site-content-layout":"","ast-site-content-layout":"","site-content-style":"default","site-sidebar-style":"default","ast-global-header-display":"","ast-banner-title-visibility":"","ast-main-header-display":"","ast-hfb-above-header-display":"","ast-hfb-below-header-display":"","ast-hfb-mobile-header-display":"","site-post-title":"","ast-breadcrumbs-content":"","ast-featured-img":"","footer-sml-layout":"","theme-transparent-header-meta":"","adv-header-id-meta":"","stick-header-meta":"","header-above-stick-meta":"","header-main-stick-meta":"","header-below-stick-meta":"","astra-migrate-meta-layouts":"default","ast-page-background-enabled":"default","ast-page-background-meta":{"desktop":{"background-color":"var(--ast-global-color-4)","background-image":"","background-repeat":"repeat","background-position":"center center","background-size":"auto","background-attachment":"scroll","background-type":"","background-media":"","overlay-type":"","overlay-color":"","overlay-gradient":""},"tablet":{"background-color":"","background-image":"","background-repeat":"repeat","background-position":"center center","background-size":"auto","background-attachment":"scroll","background-type":"","background-media":"","overlay-type":"","overlay-color":"","overlay-gradient":""},"mobile":{"background-color":"","background-image":"","background-repeat":"repeat","background-position":"center center","background-size":"auto","background-attachment":"scroll","background-type":"","background-media":"","overlay-type":"","overlay-color":"","overlay-gradient":""}},"ast-content-background-meta":{"desktop":{"background-color":"var(--ast-global-color-5)","background-image":"","background-repeat":"repeat","background-position":"center center","background-size":"auto","background-attachment":"scroll","background-type":"","background-media":"","overlay-type":"","overlay-color":"","overlay-gradient":""},"tablet":{"background-color":"var(--ast-global-color-5)","background-image":"","background-repeat":"repeat","background-position":"center center","background-size":"auto","background-attachment":"scroll","background-type":"","background-media":"","overlay-type":"","overlay-color":"","overlay-gradient":""},"mobile":{"background-color":"var(--ast-global-color-5)","background-image":"","background-repeat":"repeat","background-position":"center center","background-size":"auto","background-attachment":"scroll","background-type":"","background-media":"","overlay-type":"","overlay-color":"","overlay-gradient":""}},"footnotes":""},"categories":[612,1442,979,8846],"tags":[38087,37573,38086,37576,18454,17301],"class_list":["post-11595","post","type-post","status-publish","format-standard","hentry","category-ciencias-juridicas-y-derecho","category-derecho-administrativo","category-derecho-y-legislacion-nacionales","category-oviedo","tag-antonio-jimenez-blanco","tag-bocanegra-sierra-raul-eugenio","tag-fernandez-garcia-jose-francisco","tag-leopoldo-tolivar-alas","tag-parejo-alfonso-luciano-j","tag-ramon-duran-rivacoba"],"_links":{"self":[{"href":"https:\/\/www.deberes.net\/tesis\/wp-json\/wp\/v2\/posts\/11595","targetHints":{"allow":["GET"]}}],"collection":[{"href":"https:\/\/www.deberes.net\/tesis\/wp-json\/wp\/v2\/posts"}],"about":[{"href":"https:\/\/www.deberes.net\/tesis\/wp-json\/wp\/v2\/types\/post"}],"author":[{"embeddable":true,"href":"https:\/\/www.deberes.net\/tesis\/wp-json\/wp\/v2\/users\/1"}],"replies":[{"embeddable":true,"href":"https:\/\/www.deberes.net\/tesis\/wp-json\/wp\/v2\/comments?post=11595"}],"version-history":[{"count":0,"href":"https:\/\/www.deberes.net\/tesis\/wp-json\/wp\/v2\/posts\/11595\/revisions"}],"wp:attachment":[{"href":"https:\/\/www.deberes.net\/tesis\/wp-json\/wp\/v2\/media?parent=11595"}],"wp:term":[{"taxonomy":"category","embeddable":true,"href":"https:\/\/www.deberes.net\/tesis\/wp-json\/wp\/v2\/categories?post=11595"},{"taxonomy":"post_tag","embeddable":true,"href":"https:\/\/www.deberes.net\/tesis\/wp-json\/wp\/v2\/tags?post=11595"}],"curies":[{"name":"wp","href":"https:\/\/api.w.org\/{rel}","templated":true}]}}