{"id":116011,"date":"2014-04-07T00:00:00","date_gmt":"2014-04-07T00:00:00","guid":{"rendered":"https:\/\/www.deberes.net\/tesis\/sin-categoria\/la-estetica-inda%c2%adgena-en-la-pintura-de-tigua\/"},"modified":"2014-04-07T00:00:00","modified_gmt":"2014-04-07T00:00:00","slug":"la-estetica-inda%c2%adgena-en-la-pintura-de-tigua","status":"publish","type":"post","link":"https:\/\/www.deberes.net\/tesis\/estetica\/la-estetica-inda%c2%adgena-en-la-pintura-de-tigua\/","title":{"rendered":"La est\u00e9tica ind\u00edgena en la pintura de tigua"},"content":{"rendered":"<h2>Tesis doctoral de <strong> Pablo Eugenio Cabrera Zambrano <\/strong><\/h2>\n<p>Los modos est\u00e9ticos convenidos han dispuesto condiciones controversiales en la representaci\u00f3n de la sensibilidad, en unos casos con actives preeminentes, en otros se presentan insuficientes; estas impericias condicionadas ata las cualidades intr\u00ednsecas del sentimiento est\u00e9tico a la sujeci\u00f3n de la \u00c2\u00bfraz\u00f3n\u00c2\u00bf y conduce a formas de dispersi\u00f3n de lo sensible y la experiencia art\u00edstica. En el ecuador estas abstracciones han causado desconciertos en los \u00faltimos tres siglos, entre tantos, privilegios respecto al \u00c2\u00bfarte culto\u00c2\u00bf y marginalidad del arte ind\u00edgena. Permitirse reflexionar y experimentar el sentimiento est\u00e9tico desde otras miradas, demanda, evitar la p\u00e9rdida de valores sensibles y culturales de los pueblos ind\u00edgenas y mostrar que los saberes ind\u00edgenas de los andes pueden aportar una visi\u00f3n alterna sobre la est\u00e9tica.<\/p>\n<p>&nbsp;<\/p>\n<h3>Datos acad\u00e9micos de la tesis doctoral \u00ab<strong>La est\u00e9tica ind\u00edgena en la pintura de tigua<\/strong>\u00ab<\/h3>\n<ul>\n<li><strong>T\u00edtulo de la tesis:<\/strong>\u00a0 La est\u00e9tica ind\u00edgena en la pintura de tigua <\/li>\n<li><strong>Autor:<\/strong>\u00a0 Pablo Eugenio Cabrera Zambrano <\/li>\n<li><strong>Universidad:<\/strong>\u00a0 Pa\u00eds vasco\/euskal herriko unibertsitatea<\/li>\n<li><strong>Fecha de lectura de la tesis:<\/strong>\u00a0 04\/07\/2014<\/li>\n<\/ul>\n<p>&nbsp;<\/p>\n<h3>Direcci\u00f3n y tribunal<\/h3>\n<ul>\n<li><strong>Director de la tesis<\/strong>\n<ul>\n<li>Miguel Mar\u00eda Iriondo Aranguren<\/li>\n<\/ul>\n<\/li>\n<li><strong>Tribunal<\/strong>\n<ul>\n<li>Presidente del tribunal: francisca Perez carre\u00f1o <\/li>\n<li>josu Rekalde izaguirre (vocal)<\/li>\n<li>jordi Iba\u00f1ez fanes (vocal)<\/li>\n<li>imanol Aguirre arriaga (vocal)<\/li>\n<\/ul>\n<\/li>\n<\/ul>\n<p>&nbsp;<\/p>\n","protected":false},"excerpt":{"rendered":"<p>Tesis doctoral de Pablo Eugenio Cabrera Zambrano Los modos est\u00e9ticos convenidos han dispuesto condiciones controversiales en la representaci\u00f3n de la [&hellip;]<\/p>\n","protected":false},"author":1,"featured_media":0,"comment_status":"open","ping_status":"open","sticky":false,"template":"","format":"standard","meta":{"site-sidebar-layout":"default","site-content-layout":"","ast-site-content-layout":"","site-content-style":"default","site-sidebar-style":"default","ast-global-header-display":"","ast-banner-title-visibility":"","ast-main-header-display":"","ast-hfb-above-header-display":"","ast-hfb-below-header-display":"","ast-hfb-mobile-header-display":"","site-post-title":"","ast-breadcrumbs-content":"","ast-featured-img":"","footer-sml-layout":"","theme-transparent-header-meta":"","adv-header-id-meta":"","stick-header-meta":"","header-above-stick-meta":"","header-main-stick-meta":"","header-below-stick-meta":"","astra-migrate-meta-layouts":"default","ast-page-background-enabled":"default","ast-page-background-meta":{"desktop":{"background-color":"var(--ast-global-color-4)","background-image":"","background-repeat":"repeat","background-position":"center center","background-size":"auto","background-attachment":"scroll","background-type":"","background-media":"","overlay-type":"","overlay-color":"","overlay-gradient":""},"tablet":{"background-color":"","background-image":"","background-repeat":"repeat","background-position":"center center","background-size":"auto","background-attachment":"scroll","background-type":"","background-media":"","overlay-type":"","overlay-color":"","overlay-gradient":""},"mobile":{"background-color":"","background-image":"","background-repeat":"repeat","background-position":"center center","background-size":"auto","background-attachment":"scroll","background-type":"","background-media":"","overlay-type":"","overlay-color":"","overlay-gradient":""}},"ast-content-background-meta":{"desktop":{"background-color":"var(--ast-global-color-5)","background-image":"","background-repeat":"repeat","background-position":"center center","background-size":"auto","background-attachment":"scroll","background-type":"","background-media":"","overlay-type":"","overlay-color":"","overlay-gradient":""},"tablet":{"background-color":"var(--ast-global-color-5)","background-image":"","background-repeat":"repeat","background-position":"center center","background-size":"auto","background-attachment":"scroll","background-type":"","background-media":"","overlay-type":"","overlay-color":"","overlay-gradient":""},"mobile":{"background-color":"var(--ast-global-color-5)","background-image":"","background-repeat":"repeat","background-position":"center center","background-size":"auto","background-attachment":"scroll","background-type":"","background-media":"","overlay-type":"","overlay-color":"","overlay-gradient":""}},"footnotes":""},"categories":[10452,12909],"tags":[69518,45097,62016,28148,12922,229222],"class_list":["post-116011","post","type-post","status-publish","format-standard","hentry","category-estetica","category-pais-vasco-euskal-herriko-unibertsitatea","tag-francisca-perez-carreno","tag-imanol-aguirre-arriaga","tag-jordi-ibanez-fanes","tag-josu-rekalde-izaguirre","tag-miguel-maria-iriondo-aranguren","tag-pablo-eugenio-cabrera-zambrano"],"_links":{"self":[{"href":"https:\/\/www.deberes.net\/tesis\/wp-json\/wp\/v2\/posts\/116011","targetHints":{"allow":["GET"]}}],"collection":[{"href":"https:\/\/www.deberes.net\/tesis\/wp-json\/wp\/v2\/posts"}],"about":[{"href":"https:\/\/www.deberes.net\/tesis\/wp-json\/wp\/v2\/types\/post"}],"author":[{"embeddable":true,"href":"https:\/\/www.deberes.net\/tesis\/wp-json\/wp\/v2\/users\/1"}],"replies":[{"embeddable":true,"href":"https:\/\/www.deberes.net\/tesis\/wp-json\/wp\/v2\/comments?post=116011"}],"version-history":[{"count":0,"href":"https:\/\/www.deberes.net\/tesis\/wp-json\/wp\/v2\/posts\/116011\/revisions"}],"wp:attachment":[{"href":"https:\/\/www.deberes.net\/tesis\/wp-json\/wp\/v2\/media?parent=116011"}],"wp:term":[{"taxonomy":"category","embeddable":true,"href":"https:\/\/www.deberes.net\/tesis\/wp-json\/wp\/v2\/categories?post=116011"},{"taxonomy":"post_tag","embeddable":true,"href":"https:\/\/www.deberes.net\/tesis\/wp-json\/wp\/v2\/tags?post=116011"}],"curies":[{"name":"wp","href":"https:\/\/api.w.org\/{rel}","templated":true}]}}