{"id":116093,"date":"2018-03-11T10:44:58","date_gmt":"2018-03-11T10:44:58","guid":{"rendered":"https:\/\/www.deberes.net\/tesis\/sin-categoria\/la-rendicion-de-cuentas-en-la-gestion-del-sector-publico-centralizado-de-costa-rica\/"},"modified":"2018-03-11T10:44:58","modified_gmt":"2018-03-11T10:44:58","slug":"la-rendicion-de-cuentas-en-la-gestion-del-sector-publico-centralizado-de-costa-rica","status":"publish","type":"post","link":"https:\/\/www.deberes.net\/tesis\/administracion-publica\/la-rendicion-de-cuentas-en-la-gestion-del-sector-publico-centralizado-de-costa-rica\/","title":{"rendered":"La rendici\u00f3n de cuentas en la gesti\u00f3n del sector p\u00fablico centralizado de costa rica"},"content":{"rendered":"<h2>Tesis doctoral de <strong> Leonardo Jos\u00e9 Salas Quir\u00f3s <\/strong><\/h2>\n<p>La investigaci\u00f3n realizada surge ante la necesidad que tiene costa rica de una adecuada rendici\u00f3n de cuentas en la gesti\u00f3n p\u00fablica. Los distintos gobiernos han hecho esfuerzos en esta materia sin que se haya logrado avances significativos.Si no se conoce un problema y sus causas ser\u00e1 dif\u00edcil resolverlo efectivamente. Esto sucede en costa rica pues no se cuenta con un m\u00e9todo cuantitativo de medir el estado de la rendici\u00f3n de cuentas a nivel p\u00fablico, por ello la investigaci\u00f3n trat\u00f3 de resolver la respuesta a la interrogante: \u00c2\u00bfqu\u00e9 elementos debe considerarse para elaborar un \u00edndice de rendici\u00f3n de cuentas del sector p\u00fablico centralizado costarricense que permita llevar el pulso sobre este tema?, Analizado el periodo 2009-2012.La investigaci\u00f3n hace una propuesta de \u00edndice de rendici\u00f3n de cuentas  en la gesti\u00f3n del sector p\u00fablico centralizado de costa rica, con el fin de contribuir al incremento de la transparencia y eficacia en sus funciones, diagnosticando el verdadero nivel en que se encuentra la rendici\u00f3n de cuentas y evidenciando los reales avances o retrocesos que haya.Primero se describe la situaci\u00f3n actual de la rendici\u00f3n de cuentas, luego se explican los principales fundamentos te\u00f3ricos en materia de gesti\u00f3n p\u00fablica que son base para la construcci\u00f3n de los par\u00e1metros aplicados. Esta aplicaci\u00f3n se hizo en dos ministerios, el de ambiente y energ\u00eda (minae) y el de agricultura y ganader\u00eda (mag), por su similitud en cuanto a presupuesto y cantidad de personal, logrando as\u00ed comparar a ambas instituciones y de esta forma probar que el \u00edndice puede ser replicado al resto de la gesti\u00f3n p\u00fablica costarricense.Como \u00faltimo paso, se recomend\u00f3 diversas acciones sobre la rendici\u00f3n de cuentas en la gesti\u00f3n p\u00fablica costarricense, esperando se logre una mejor calidad democr\u00e1tica al ponerse en pr\u00e1ctica a nivel institucional.La construcci\u00f3n del \u00edndice valor\u00f3 la situaci\u00f3n nacional, aportes de diversos autores y teor\u00edas, se establecieron par\u00e1metros deseables del \u00edndice y luego se aplic\u00f3 a los ministerios se\u00f1alados anteriormente. Esto permiti\u00f3 generar dos grandes divisiones, la de control interno y externo.En la interna se establecieron cuatro dimensiones, la cl\u00e1sica, la de gesti\u00f3n, la organizativa y la judicial. En la externa fueron dos, la parlamentaria y la de auditor\u00edas externas. Cada dimensi\u00f3n se evalu\u00f3 en una escala de 0, 50 y 100, donde 0 es cuando no se cumpl\u00eda con el indicador, 50 si se presentaban algunos rasgos y 100 si se acataba lo se\u00f1alado por el \u00edndice.Luego de la aplicaci\u00f3n del \u00edndice a los dos ministerios se\u00f1alados, se constat\u00f3 que en general se tiene una baja calidad en la rendici\u00f3n de cuentas. Hay algunas luces y muchas sombras reflejadas en el promedio cercano a 50 que presentan ambas instituciones en la dimensi\u00f3n interna y externa.Por otro lado, ninguna dimensi\u00f3n, excepto la cl\u00e1sica, obtuvo m\u00e1s de 70 puntos, es decir, se refleja que la rendici\u00f3n de cuentas en costa rica es muy deficiente si se somete a altos est\u00e1ndares de calidad.En general, el promedio de 50 indica, por un lado, una inadecuada rendici\u00f3n de cuentas en el pa\u00eds, y por otro, que se cuenta al menos con alguna materia prima, que se debe pulir, para desarrollar un proceso de cumplimiento de los indicadores propuestos. Dicho de otra forma, en las dimensiones estudiadas, la informaci\u00f3n evaluada por el \u00edndice no est\u00e1 del todo, hay que empezar a elaborarla y procesarla, o en otros casos, es informaci\u00f3n que se encuentra pero est\u00e1 desordenada y sin identificar.Finalmente, lo m\u00e1s importante de la investigaci\u00f3n es que pretende ser un instrumento de mejoramiento en la rendici\u00f3n de cuentas por lo que se reitera la importancia de que se siga aplicando y generalizando a todo el sector p\u00fablico costarricense, de manera anual y gradual, como medida de verificar el cumplimiento y avance de los indicadores propuestos.Palabras clave: rendici\u00f3n de cuentas, gesti\u00f3n p\u00fablica, ministerios, \u00edndice, sector p\u00fablico costarricense.<\/p>\n<p>&nbsp;<\/p>\n<h3>Datos acad\u00e9micos de la tesis doctoral \u00ab<strong>La rendici\u00f3n de cuentas en la gesti\u00f3n del sector p\u00fablico centralizado de costa rica<\/strong>\u00ab<\/h3>\n<ul>\n<li><strong>T\u00edtulo de la tesis:<\/strong>\u00a0 La rendici\u00f3n de cuentas en la gesti\u00f3n del sector p\u00fablico centralizado de costa rica <\/li>\n<li><strong>Autor:<\/strong>\u00a0 Leonardo Jos\u00e9 Salas Quir\u00f3s <\/li>\n<li><strong>Universidad:<\/strong>\u00a0 Complutense de Madrid<\/li>\n<li><strong>Fecha de lectura de la tesis:<\/strong>\u00a0 13\/07\/2014<\/li>\n<\/ul>\n<p>&nbsp;<\/p>\n<h3>Direcci\u00f3n y tribunal<\/h3>\n<ul>\n<li><strong>Director de la tesis<\/strong>\n<ul>\n<li>Antonia Mart\u00ednez Rodr\u00edguez<\/li>\n<\/ul>\n<\/li>\n<li><strong>Tribunal<\/strong>\n<ul>\n<li>Presidente del tribunal: esther Del campo garcia <\/li>\n<li>esteban Arribas reyes (vocal)<\/li>\n<li>Antonio Garrido rubia (vocal)<\/li>\n<li>Manuel Sanchez reinon (vocal)<\/li>\n<\/ul>\n<\/li>\n<\/ul>\n<p>&nbsp;<\/p>\n","protected":false},"excerpt":{"rendered":"<p>Tesis doctoral de Leonardo Jos\u00e9 Salas Quir\u00f3s La investigaci\u00f3n realizada surge ante la necesidad que tiene costa rica de una [&hellip;]<\/p>\n","protected":false},"author":1,"featured_media":0,"comment_status":"open","ping_status":"open","sticky":false,"template":"","format":"standard","meta":{"site-sidebar-layout":"default","site-content-layout":"","ast-site-content-layout":"","site-content-style":"default","site-sidebar-style":"default","ast-global-header-display":"","ast-banner-title-visibility":"","ast-main-header-display":"","ast-hfb-above-header-display":"","ast-hfb-below-header-display":"","ast-hfb-mobile-header-display":"","site-post-title":"","ast-breadcrumbs-content":"","ast-featured-img":"","footer-sml-layout":"","theme-transparent-header-meta":"","adv-header-id-meta":"","stick-header-meta":"","header-above-stick-meta":"","header-main-stick-meta":"","header-below-stick-meta":"","astra-migrate-meta-layouts":"default","ast-page-background-enabled":"default","ast-page-background-meta":{"desktop":{"background-color":"var(--ast-global-color-4)","background-image":"","background-repeat":"repeat","background-position":"center center","background-size":"auto","background-attachment":"scroll","background-type":"","background-media":"","overlay-type":"","overlay-color":"","overlay-gradient":""},"tablet":{"background-color":"","background-image":"","background-repeat":"repeat","background-position":"center center","background-size":"auto","background-attachment":"scroll","background-type":"","background-media":"","overlay-type":"","overlay-color":"","overlay-gradient":""},"mobile":{"background-color":"","background-image":"","background-repeat":"repeat","background-position":"center center","background-size":"auto","background-attachment":"scroll","background-type":"","background-media":"","overlay-type":"","overlay-color":"","overlay-gradient":""}},"ast-content-background-meta":{"desktop":{"background-color":"var(--ast-global-color-5)","background-image":"","background-repeat":"repeat","background-position":"center center","background-size":"auto","background-attachment":"scroll","background-type":"","background-media":"","overlay-type":"","overlay-color":"","overlay-gradient":""},"tablet":{"background-color":"var(--ast-global-color-5)","background-image":"","background-repeat":"repeat","background-position":"center center","background-size":"auto","background-attachment":"scroll","background-type":"","background-media":"","overlay-type":"","overlay-color":"","overlay-gradient":""},"mobile":{"background-color":"var(--ast-global-color-5)","background-image":"","background-repeat":"repeat","background-position":"center center","background-size":"auto","background-attachment":"scroll","background-type":"","background-media":"","overlay-type":"","overlay-color":"","overlay-gradient":""}},"footnotes":""},"categories":[856,986],"tags":[7376,80259,207781,37355,229342,208133],"class_list":["post-116093","post","type-post","status-publish","format-standard","hentry","category-administracion-publica","category-complutense-de-madrid","tag-antonia-Martinez-rodriguez","tag-antonio-garrido-rubia","tag-esteban-arribas-reyes","tag-esther-del-campo-garcia","tag-leonardo-jose-salas-quiros","tag-manuel-sanchez-reinon"],"_links":{"self":[{"href":"https:\/\/www.deberes.net\/tesis\/wp-json\/wp\/v2\/posts\/116093","targetHints":{"allow":["GET"]}}],"collection":[{"href":"https:\/\/www.deberes.net\/tesis\/wp-json\/wp\/v2\/posts"}],"about":[{"href":"https:\/\/www.deberes.net\/tesis\/wp-json\/wp\/v2\/types\/post"}],"author":[{"embeddable":true,"href":"https:\/\/www.deberes.net\/tesis\/wp-json\/wp\/v2\/users\/1"}],"replies":[{"embeddable":true,"href":"https:\/\/www.deberes.net\/tesis\/wp-json\/wp\/v2\/comments?post=116093"}],"version-history":[{"count":0,"href":"https:\/\/www.deberes.net\/tesis\/wp-json\/wp\/v2\/posts\/116093\/revisions"}],"wp:attachment":[{"href":"https:\/\/www.deberes.net\/tesis\/wp-json\/wp\/v2\/media?parent=116093"}],"wp:term":[{"taxonomy":"category","embeddable":true,"href":"https:\/\/www.deberes.net\/tesis\/wp-json\/wp\/v2\/categories?post=116093"},{"taxonomy":"post_tag","embeddable":true,"href":"https:\/\/www.deberes.net\/tesis\/wp-json\/wp\/v2\/tags?post=116093"}],"curies":[{"name":"wp","href":"https:\/\/api.w.org\/{rel}","templated":true}]}}