{"id":116103,"date":"2018-03-11T10:44:58","date_gmt":"2018-03-11T10:44:58","guid":{"rendered":"https:\/\/www.deberes.net\/tesis\/sin-categoria\/influencia-del-fenomeno-ma%c2%adstico-en-la-pintura-espanola-contemporanea\/"},"modified":"2018-03-11T10:44:58","modified_gmt":"2018-03-11T10:44:58","slug":"influencia-del-fenomeno-ma%c2%adstico-en-la-pintura-espanola-contemporanea","status":"publish","type":"post","link":"https:\/\/www.deberes.net\/tesis\/complutense-de-madrid\/influencia-del-fenomeno-ma%c2%adstico-en-la-pintura-espanola-contemporanea\/","title":{"rendered":"Influencia del fen\u00f3meno m\u00edstico en la pintura espa\u00f1ola contempor\u00e1nea."},"content":{"rendered":"<h2>Tesis doctoral de <strong> Juan  Antonio Tinte Moreno <\/strong><\/h2>\n<p>El motivo que me ha llevado a esta investigaci\u00f3n, surge de la necesidad por encontrar  un plano de relaci\u00f3n entre la actividad del pintor, el pensamiento consciente y la catalizaci\u00f3n de su trabajo como una plataforma de entendimiento acerca tanto de la propia labor, como del lugar al que llega m\u00e1s all\u00e1 del conocimiento divulgado.  Al respecto de esto, he situado el fen\u00f3meno m\u00edstico fuera de cualquier pretensi\u00f3n tanto religiosa como extraordinaria; m\u00e1s como una reflexi\u00f3n permanente y continua del individuo y la realidad del presente que va derrumbando incertidumbres seg\u00fan se reconoce m\u00e1s humano. El tema de investigaci\u00f3n influencia del fen\u00f3meno m\u00edstico en la pintura espa\u00f1ola contempor\u00e1nea contiene la idea que desde sus or\u00edgenes la m\u00edstica no ha perdido aquella concepci\u00f3n primigenia. No se trata de retroceder, sino de avanzar hacia postulados en los que constatar tal pensamiento, contando con la evidencia de la evoluci\u00f3n, la ciencia y la diversidad del conocimiento. En este sentido la interiorizaci\u00f3n y el flujo de impulsos que se suscitan en el creador y creadora, sospecho que van m\u00e1s all\u00e1 de lo puramente descifrable. El hecho mismo de la manifestaci\u00f3n art\u00edstica supone la aceptaci\u00f3n acerca de la necesidad de un c\u00f3digo al margen de las soluciones inmediatas con lo que defender y salvar lo puramente vital que, en su inicio, nada tiene de recurso material.  De tal manera, quiero indagar en la complejidad creativa del individuo, desde el v\u00e9rtice localizado en el logro de las formas \u00c2\u00bfacaso incomprensibles-, as\u00ed como de las composiciones y discursos que alcanzan a situarse m\u00e1s all\u00e1 de la percepci\u00f3n y la explicaci\u00f3n misma de lo representado. Creadores que dejen entrever una influencia que perciben para ser modificada en forma de imagen, considerando la trascendencia humana en los l\u00edmites de lo insondable, para instalarse en el ideario colectivo.  La pintura espa\u00f1ola contempor\u00e1nea, as\u00ed, se encuentra jalonada por autores que beben de las fuentes m\u00edsticas mirando al hombre y los lugares del pensamiento donde las referencias atienden a un proceso  natural que, estimulado por la libertad individual, vertebra todos y cada uno de los acontecimientos emocionales del individuo en el desarrollo del lenguaje pict\u00f3rico como veh\u00edculo mediante el cual piensa y elucubra acerca de su trascendencia. El criterio, entonces, para significar la obra de los artistas con los que se ha trabajado estuvo movido por esos puntos de conexi\u00f3n entre los cuales encontramos los trabajos de otros. Del mismo modo, la diversidad que suponen sus obras en los modos de hacernos llegar el proceso de ruptura, con estructura de lenguaje trascendente. Esto es, sus obras no empiezan y acaban en s\u00ed mismas \u00c2\u00bf derivan e infunden otras-. Ni son ellas mismas el objeto de debate, sino que se articulan a modo de conclusi\u00f3n e inicio de las propuestas que nos remiten a cosas distintas de lo que son. Trascienden al pensamiento previo y posterior, al reconocimiento propio y el modo en que ellas nos remiten al pensamiento desde la obra.<\/p>\n<p>&nbsp;<\/p>\n<h3>Datos acad\u00e9micos de la tesis doctoral \u00ab<strong>Influencia del fen\u00f3meno m\u00edstico en la pintura espa\u00f1ola contempor\u00e1nea.<\/strong>\u00ab<\/h3>\n<ul>\n<li><strong>T\u00edtulo de la tesis:<\/strong>\u00a0 Influencia del fen\u00f3meno m\u00edstico en la pintura espa\u00f1ola contempor\u00e1nea. <\/li>\n<li><strong>Autor:<\/strong>\u00a0 Juan  Antonio Tinte Moreno <\/li>\n<li><strong>Universidad:<\/strong>\u00a0 Complutense de Madrid<\/li>\n<li><strong>Fecha de lectura de la tesis:<\/strong>\u00a0 14\/07\/2014<\/li>\n<\/ul>\n<p>&nbsp;<\/p>\n<h3>Direcci\u00f3n y tribunal<\/h3>\n<ul>\n<li><strong>Director de la tesis<\/strong>\n<ul>\n<li>Paloma Pelaez Bravo<\/li>\n<\/ul>\n<\/li>\n<li><strong>Tribunal<\/strong>\n<ul>\n<li>Presidente del tribunal: Jos\u00e9 manuel Gayoso v\u00e1zquez <\/li>\n<li>eduardo Zamarro flores (vocal)<\/li>\n<li>norberto Gonzalez jimenez (vocal)<\/li>\n<li>carmen Parralo aguayo (vocal)<\/li>\n<\/ul>\n<\/li>\n<\/ul>\n<p>&nbsp;<\/p>\n","protected":false},"excerpt":{"rendered":"<p>Tesis doctoral de Juan Antonio Tinte Moreno El motivo que me ha llevado a esta investigaci\u00f3n, surge de la necesidad [&hellip;]<\/p>\n","protected":false},"author":1,"featured_media":0,"comment_status":"open","ping_status":"open","sticky":false,"template":"","format":"standard","meta":{"site-sidebar-layout":"default","site-content-layout":"","ast-site-content-layout":"","site-content-style":"default","site-sidebar-style":"default","ast-global-header-display":"","ast-banner-title-visibility":"","ast-main-header-display":"","ast-hfb-above-header-display":"","ast-hfb-below-header-display":"","ast-hfb-mobile-header-display":"","site-post-title":"","ast-breadcrumbs-content":"","ast-featured-img":"","footer-sml-layout":"","theme-transparent-header-meta":"","adv-header-id-meta":"","stick-header-meta":"","header-above-stick-meta":"","header-main-stick-meta":"","header-below-stick-meta":"","astra-migrate-meta-layouts":"default","ast-page-background-enabled":"default","ast-page-background-meta":{"desktop":{"background-color":"var(--ast-global-color-4)","background-image":"","background-repeat":"repeat","background-position":"center center","background-size":"auto","background-attachment":"scroll","background-type":"","background-media":"","overlay-type":"","overlay-color":"","overlay-gradient":""},"tablet":{"background-color":"","background-image":"","background-repeat":"repeat","background-position":"center center","background-size":"auto","background-attachment":"scroll","background-type":"","background-media":"","overlay-type":"","overlay-color":"","overlay-gradient":""},"mobile":{"background-color":"","background-image":"","background-repeat":"repeat","background-position":"center center","background-size":"auto","background-attachment":"scroll","background-type":"","background-media":"","overlay-type":"","overlay-color":"","overlay-gradient":""}},"ast-content-background-meta":{"desktop":{"background-color":"var(--ast-global-color-5)","background-image":"","background-repeat":"repeat","background-position":"center center","background-size":"auto","background-attachment":"scroll","background-type":"","background-media":"","overlay-type":"","overlay-color":"","overlay-gradient":""},"tablet":{"background-color":"var(--ast-global-color-5)","background-image":"","background-repeat":"repeat","background-position":"center center","background-size":"auto","background-attachment":"scroll","background-type":"","background-media":"","overlay-type":"","overlay-color":"","overlay-gradient":""},"mobile":{"background-color":"var(--ast-global-color-5)","background-image":"","background-repeat":"repeat","background-position":"center center","background-size":"auto","background-attachment":"scroll","background-type":"","background-media":"","overlay-type":"","overlay-color":"","overlay-gradient":""}},"footnotes":""},"categories":[986,3806],"tags":[165500,124831,56691,229359,133651,81346],"class_list":["post-116103","post","type-post","status-publish","format-standard","hentry","category-complutense-de-madrid","category-pintura","tag-carmen-parralo-aguayo","tag-eduardo-zamarro-flores","tag-jose-manuel-gayoso-vazquez","tag-juan-antonio-tinte-moreno","tag-norberto-gonzalez-jimenez","tag-paloma-pelaez-bravo"],"_links":{"self":[{"href":"https:\/\/www.deberes.net\/tesis\/wp-json\/wp\/v2\/posts\/116103","targetHints":{"allow":["GET"]}}],"collection":[{"href":"https:\/\/www.deberes.net\/tesis\/wp-json\/wp\/v2\/posts"}],"about":[{"href":"https:\/\/www.deberes.net\/tesis\/wp-json\/wp\/v2\/types\/post"}],"author":[{"embeddable":true,"href":"https:\/\/www.deberes.net\/tesis\/wp-json\/wp\/v2\/users\/1"}],"replies":[{"embeddable":true,"href":"https:\/\/www.deberes.net\/tesis\/wp-json\/wp\/v2\/comments?post=116103"}],"version-history":[{"count":0,"href":"https:\/\/www.deberes.net\/tesis\/wp-json\/wp\/v2\/posts\/116103\/revisions"}],"wp:attachment":[{"href":"https:\/\/www.deberes.net\/tesis\/wp-json\/wp\/v2\/media?parent=116103"}],"wp:term":[{"taxonomy":"category","embeddable":true,"href":"https:\/\/www.deberes.net\/tesis\/wp-json\/wp\/v2\/categories?post=116103"},{"taxonomy":"post_tag","embeddable":true,"href":"https:\/\/www.deberes.net\/tesis\/wp-json\/wp\/v2\/tags?post=116103"}],"curies":[{"name":"wp","href":"https:\/\/api.w.org\/{rel}","templated":true}]}}