{"id":11611,"date":"2018-03-09T08:57:03","date_gmt":"2018-03-09T08:57:03","guid":{"rendered":"https:\/\/www.deberes.net\/tesis\/sin-categoria\/el-monasterio-de-santa-maria-de-herce-y-su-senora%c2%ado-abacial-durante-la-edad-media-1246-1500\/"},"modified":"2018-03-09T08:57:03","modified_gmt":"2018-03-09T08:57:03","slug":"el-monasterio-de-santa-maria-de-herce-y-su-senora%c2%ado-abacial-durante-la-edad-media-1246-1500","status":"publish","type":"post","link":"https:\/\/www.deberes.net\/tesis\/historia\/el-monasterio-de-santa-maria-de-herce-y-su-senora%c2%ado-abacial-durante-la-edad-media-1246-1500\/","title":{"rendered":"El monasterio de santa mar\u00eda de herce y su se\u00f1or\u00edo abacial durante la edad media (1246-1500)."},"content":{"rendered":"<h2>Tesis doctoral de <strong> Pedro P\u00e9rez Carazo <\/strong><\/h2>\n<p>En el monasterio de santa mar\u00eda de herce y su se\u00f1or\u00edo abacial durante la edad media (1246-1500). Vol. I 1, estudio hist\u00f3rico y vol. I 2, ap\u00e9ndices, he tratado de ofrecer una explicaci\u00f3n racional sobre sucreaci\u00f3n y adscripci\u00f3n al cister, 1246, y sobre el funcionamiento y evoluci\u00f3n del convento y de su abadengo durante la edad media; para tratar de explicar el papel de esta comunidad religiosa cisterciense no s\u00f3lo como comunidad espiritual sino tambi\u00e9n como entidad gestora de su dominio abacial, do el uso que hacen del mismo, y sus relaciones con el entorno social, religioso y pol\u00edtico. en este caso, sobre todo, las que mantuvo con los fundadores y sus descendientes, pues act\u00faan como sus patrones; y con ellinaje de los ram\u00edrez de arellano, que sustituye al anterior en la titularidad del se\u00f1or\u00edo de los cameros, y que tratar\u00e1n de tener al monasterio en su encomienda para controlar tanto el gobierno religioso de la comunidad cistercise como el gobierno civil del abadengo. Asimismo, y siempre que ha sido posible, un estudio sobre las actividades ec\u00f3nomicas y la organziaci\u00f3n social y pol\u00edtica de sus vasallos. para ello, en primer lugar, ha sido necesario llevar a cabo la transcripci\u00f3n y ordenaci\u00f3n de su fondo documental del medievo, que incluyo en el monasterio de santa mar\u00eda de herce y su se\u00f1or\u00edo abacial durante la edad media (1246-1500). vol. Ii colecci\u00f3n diplom\u00e1tica, que lo acompa\u00f1a.<\/p>\n<p>&nbsp;<\/p>\n<h3>Datos acad\u00e9micos de la tesis doctoral \u00ab<strong>El monasterio de santa mar\u00eda de herce y su se\u00f1or\u00edo abacial durante la edad media (1246-1500).<\/strong>\u00ab<\/h3>\n<ul>\n<li><strong>T\u00edtulo de la tesis:<\/strong>\u00a0 El monasterio de santa mar\u00eda de herce y su se\u00f1or\u00edo abacial durante la edad media (1246-1500). <\/li>\n<li><strong>Autor:<\/strong>\u00a0 Pedro P\u00e9rez Carazo <\/li>\n<li><strong>Universidad:<\/strong>\u00a0 Nacional de educaci\u00f3n a distancia<\/li>\n<li><strong>Fecha de lectura de la tesis:<\/strong>\u00a0 25\/06\/2001<\/li>\n<\/ul>\n<p>&nbsp;<\/p>\n<h3>Direcci\u00f3n y tribunal<\/h3>\n<ul>\n<li><strong>Director de la tesis<\/strong>\n<ul>\n<li> Ladero Quesada Manuel Fernando<\/li>\n<\/ul>\n<\/li>\n<li><strong>Tribunal<\/strong>\n<ul>\n<li>Presidente del tribunal:  \u00e1lvarez palenzuela vicente \u00e1ngel <\/li>\n<li>Javier P\u00e9rez-embid wamba (vocal)<\/li>\n<li>blas Casado quintanilla (vocal)<\/li>\n<li> Garac\u00eda turza Francisco Javier (vocal)<\/li>\n<\/ul>\n<\/li>\n<\/ul>\n<p>&nbsp;<\/p>\n","protected":false},"excerpt":{"rendered":"<p>Tesis doctoral de Pedro P\u00e9rez Carazo En el monasterio de santa mar\u00eda de herce y su se\u00f1or\u00edo abacial durante la [&hellip;]<\/p>\n","protected":false},"author":1,"featured_media":0,"comment_status":"open","ping_status":"open","sticky":false,"template":"","format":"standard","meta":{"site-sidebar-layout":"default","site-content-layout":"","ast-site-content-layout":"","site-content-style":"default","site-sidebar-style":"default","ast-global-header-display":"","ast-banner-title-visibility":"","ast-main-header-display":"","ast-hfb-above-header-display":"","ast-hfb-below-header-display":"","ast-hfb-mobile-header-display":"","site-post-title":"","ast-breadcrumbs-content":"","ast-featured-img":"","footer-sml-layout":"","theme-transparent-header-meta":"","adv-header-id-meta":"","stick-header-meta":"","header-above-stick-meta":"","header-main-stick-meta":"","header-below-stick-meta":"","astra-migrate-meta-layouts":"default","ast-page-background-enabled":"default","ast-page-background-meta":{"desktop":{"background-color":"var(--ast-global-color-4)","background-image":"","background-repeat":"repeat","background-position":"center center","background-size":"auto","background-attachment":"scroll","background-type":"","background-media":"","overlay-type":"","overlay-color":"","overlay-gradient":""},"tablet":{"background-color":"","background-image":"","background-repeat":"repeat","background-position":"center center","background-size":"auto","background-attachment":"scroll","background-type":"","background-media":"","overlay-type":"","overlay-color":"","overlay-gradient":""},"mobile":{"background-color":"","background-image":"","background-repeat":"repeat","background-position":"center center","background-size":"auto","background-attachment":"scroll","background-type":"","background-media":"","overlay-type":"","overlay-color":"","overlay-gradient":""}},"ast-content-background-meta":{"desktop":{"background-color":"var(--ast-global-color-5)","background-image":"","background-repeat":"repeat","background-position":"center center","background-size":"auto","background-attachment":"scroll","background-type":"","background-media":"","overlay-type":"","overlay-color":"","overlay-gradient":""},"tablet":{"background-color":"var(--ast-global-color-5)","background-image":"","background-repeat":"repeat","background-position":"center center","background-size":"auto","background-attachment":"scroll","background-type":"","background-media":"","overlay-type":"","overlay-color":"","overlay-gradient":""},"mobile":{"background-color":"var(--ast-global-color-5)","background-image":"","background-repeat":"repeat","background-position":"center center","background-size":"auto","background-attachment":"scroll","background-type":"","background-media":"","overlay-type":"","overlay-color":"","overlay-gradient":""}},"footnotes":""},"categories":[104,119,220,17070],"tags":[29578,5919,38144,38143,38142,38141],"class_list":["post-11611","post","type-post","status-publish","format-standard","hentry","category-historia","category-historia-medieval","category-historia-por-epocas","category-nacional-de-educacion-a-distancia","tag-alvarez-palenzuela-vicente-angel","tag-blas-casado-quintanilla","tag-garacia-turza-francisco-javier","tag-javier-perez-embid-wamba","tag-ladero-quesada-manuel-fernando","tag-pedro-perez-carazo"],"_links":{"self":[{"href":"https:\/\/www.deberes.net\/tesis\/wp-json\/wp\/v2\/posts\/11611","targetHints":{"allow":["GET"]}}],"collection":[{"href":"https:\/\/www.deberes.net\/tesis\/wp-json\/wp\/v2\/posts"}],"about":[{"href":"https:\/\/www.deberes.net\/tesis\/wp-json\/wp\/v2\/types\/post"}],"author":[{"embeddable":true,"href":"https:\/\/www.deberes.net\/tesis\/wp-json\/wp\/v2\/users\/1"}],"replies":[{"embeddable":true,"href":"https:\/\/www.deberes.net\/tesis\/wp-json\/wp\/v2\/comments?post=11611"}],"version-history":[{"count":0,"href":"https:\/\/www.deberes.net\/tesis\/wp-json\/wp\/v2\/posts\/11611\/revisions"}],"wp:attachment":[{"href":"https:\/\/www.deberes.net\/tesis\/wp-json\/wp\/v2\/media?parent=11611"}],"wp:term":[{"taxonomy":"category","embeddable":true,"href":"https:\/\/www.deberes.net\/tesis\/wp-json\/wp\/v2\/categories?post=11611"},{"taxonomy":"post_tag","embeddable":true,"href":"https:\/\/www.deberes.net\/tesis\/wp-json\/wp\/v2\/tags?post=11611"}],"curies":[{"name":"wp","href":"https:\/\/api.w.org\/{rel}","templated":true}]}}