{"id":116242,"date":"2014-02-09T00:00:00","date_gmt":"2014-02-09T00:00:00","guid":{"rendered":"https:\/\/www.deberes.net\/tesis\/sin-categoria\/characterising-fire-regimes-in-spain-from-fire-records\/"},"modified":"2014-02-09T00:00:00","modified_gmt":"2014-02-09T00:00:00","slug":"characterising-fire-regimes-in-spain-from-fire-records","status":"publish","type":"post","link":"https:\/\/www.deberes.net\/tesis\/geografia\/characterising-fire-regimes-in-spain-from-fire-records\/","title":{"rendered":"Characterising fire regimes in spain from fire records"},"content":{"rendered":"<h2>Tesis doctoral de <strong> Mar\u00eda Vanesa Moreno Dom\u00ednguez <\/strong><\/h2>\n<p>El t\u00e9rmino `r\u00e9gimen de incendios\u00c2\u00bf se refiere a las caracter\u00edsticas de los incendios, como la frecuencia, estacionalidad, severidad, intensidad, tama\u00f1o, tipo, etc., En una determinada \u00e1rea durante un determinado periodo de tiempo. Su estudio es importante para la gesti\u00f3n y ecolog\u00eda del fuego. Adem\u00e1s, es importante entender las relaciones entre las caracter\u00edsticas de los incendios y las caracter\u00edsticas ambientales para poder predecir el r\u00e9gimen de incendios futuro, especialmente relevante en el actual contexto de cambio global. En espa\u00f1a, se ha estudiado el r\u00e9gimen de incendios hist\u00f3rico en algunas \u00e1reas a partir de diversas fuentes de datos e incluso a escala nacional a partir de registros; sin embargo a pesar que en espa\u00f1a se registran los incendios desde 1968, actualmente, no existe una clasificaci\u00f3n del r\u00e9gimen de incendios. En esta tesis hemos utilizado los registros de incendios para avanzar en el entendimiento del r\u00e9gimen de incendios en espa\u00f1a. Primero, para caracterizar el r\u00e9gimen de incendios, medimos tres caracter\u00edsticas de los incendios e identificamos cuatro grupos utilizando m\u00e9todos de cl\u00faster. Tambi\u00e9n analizamos la frecuencia del tama\u00f1o de los incendios e investigamos si la frecuencia del tama\u00f1o se los incendios se ajusta a una distribuci\u00f3n potencial. Tambi\u00e9n hemos explorado la relaci\u00f3n entre las caracter\u00edsticas del r\u00e9gimen de incendios y las caracter\u00edsticas ambientales, usando el m\u00e9todo de rlq para el an\u00e1lisis de gradientes y el m\u00e9todo fourth-corner para el contraste de hip\u00f3tesis. Finalmente, para determinar si el r\u00e9gimen de incendios hab\u00eda cambiado durante el periodo de estudio, aplicamos un enfoque estad\u00edstico basado en el an\u00e1lisis temporal para detectar cambios en el n\u00famero de incendios y en el \u00e1rea quemada y luego, para determinar los posibles factores de los cambios, comparamos los cambios detectados con la evoluci\u00f3n de factores ambientales y medidas en la gesti\u00f3n de incendios. El r\u00e9gimen de incendios en espa\u00f1a es diverso y complejo, como las caracter\u00edsticas ambientales. El 38 % del territorio presenta una alta actividad de incendios forestales y una alta variabilidad interanual especialmente en a\u00f1os de condiciones clim\u00e1ticas extremas. La actividad de incendios en t\u00e9rminos de n\u00famero de incendios es menos estacional que el \u00e1rea quemada. La distribuci\u00f3n de la frecuencia del tama\u00f1o de los incendios es asim\u00e9trica con excelentes ajustes a una distribuci\u00f3n potencial. El ratio del n\u00famero de incendios mediano y peque\u00f1os aumenta en un gradiente de sureste and noroeste, sugiriendo que los incendios tienden a ser m\u00e1s peque\u00f1os en la regi\u00f3n de clima oce\u00e1nico y m\u00e1s grandes en la regi\u00f3n de clima mediterr\u00e1neo. La amplitud t\u00e9rmica estacional, la humedad y la densidad de poblaci\u00f3n son los principales limitantes de la densidad y estacionalidad de la actividad de incendios en espa\u00f1a. El r\u00e9gimen de incendios est\u00e1 cambiando conducido por cambios en la frecuencia de condiciones extremas de calor, cambios de uso y recientemente por la gesti\u00f3n de incendios. Combinar la gesti\u00f3n del combustible y paisaje ser\u00e1 imprescindible para la gesti\u00f3n del r\u00e9gimen de incendios. Otras caracter\u00edsticas de los incendios, como la severidad o la intensidad y estudios a diversas escalas completar\u00edan la caracterizaci\u00f3n del r\u00e9gimen de incendios. La determinaci\u00f3n del r\u00e9gimen de incendios que mantiene la integridad ecol\u00f3gica de los ecosistemas ser\u00e1 fundamental para su conservaci\u00f3n<\/p>\n<p>&nbsp;<\/p>\n<h3>Datos acad\u00e9micos de la tesis doctoral \u00ab<strong>Characterising fire regimes in spain from fire records<\/strong>\u00ab<\/h3>\n<ul>\n<li><strong>T\u00edtulo de la tesis:<\/strong>\u00a0 Characterising fire regimes in spain from fire records <\/li>\n<li><strong>Autor:<\/strong>\u00a0 Mar\u00eda Vanesa Moreno Dom\u00ednguez <\/li>\n<li><strong>Universidad:<\/strong>\u00a0 Alcal\u00e1<\/li>\n<li><strong>Fecha de lectura de la tesis:<\/strong>\u00a0 02\/09\/2014<\/li>\n<\/ul>\n<p>&nbsp;<\/p>\n<h3>Direcci\u00f3n y tribunal<\/h3>\n<ul>\n<li><strong>Director de la tesis<\/strong>\n<ul>\n<li>Emilio Chuvieco Salinero<\/li>\n<\/ul>\n<\/li>\n<li><strong>Tribunal<\/strong>\n<ul>\n<li>Presidente del tribunal: Francisco javier Mart\u00ednez vega <\/li>\n<li>Mar\u00eda  cristina Vega Garc\u00eda (vocal)<\/li>\n<li>david Cocero matesanz (vocal)<\/li>\n<li>Jes\u00fas San Miguel ayanz (vocal)<\/li>\n<\/ul>\n<\/li>\n<\/ul>\n<p>&nbsp;<\/p>\n","protected":false},"excerpt":{"rendered":"<p>Tesis doctoral de Mar\u00eda Vanesa Moreno Dom\u00ednguez El t\u00e9rmino `r\u00e9gimen de incendios\u00c2\u00bf se refiere a las caracter\u00edsticas de los incendios, [&hellip;]<\/p>\n","protected":false},"author":1,"featured_media":0,"comment_status":"open","ping_status":"open","sticky":false,"template":"","format":"standard","meta":{"site-sidebar-layout":"default","site-content-layout":"","ast-site-content-layout":"","site-content-style":"default","site-sidebar-style":"default","ast-global-header-display":"","ast-banner-title-visibility":"","ast-main-header-display":"","ast-hfb-above-header-display":"","ast-hfb-below-header-display":"","ast-hfb-mobile-header-display":"","site-post-title":"","ast-breadcrumbs-content":"","ast-featured-img":"","footer-sml-layout":"","theme-transparent-header-meta":"","adv-header-id-meta":"","stick-header-meta":"","header-above-stick-meta":"","header-main-stick-meta":"","header-below-stick-meta":"","astra-migrate-meta-layouts":"default","ast-page-background-enabled":"default","ast-page-background-meta":{"desktop":{"background-color":"var(--ast-global-color-4)","background-image":"","background-repeat":"repeat","background-position":"center center","background-size":"auto","background-attachment":"scroll","background-type":"","background-media":"","overlay-type":"","overlay-color":"","overlay-gradient":""},"tablet":{"background-color":"","background-image":"","background-repeat":"repeat","background-position":"center center","background-size":"auto","background-attachment":"scroll","background-type":"","background-media":"","overlay-type":"","overlay-color":"","overlay-gradient":""},"mobile":{"background-color":"","background-image":"","background-repeat":"repeat","background-position":"center center","background-size":"auto","background-attachment":"scroll","background-type":"","background-media":"","overlay-type":"","overlay-color":"","overlay-gradient":""}},"ast-content-background-meta":{"desktop":{"background-color":"var(--ast-global-color-5)","background-image":"","background-repeat":"repeat","background-position":"center center","background-size":"auto","background-attachment":"scroll","background-type":"","background-media":"","overlay-type":"","overlay-color":"","overlay-gradient":""},"tablet":{"background-color":"var(--ast-global-color-5)","background-image":"","background-repeat":"repeat","background-position":"center center","background-size":"auto","background-attachment":"scroll","background-type":"","background-media":"","overlay-type":"","overlay-color":"","overlay-gradient":""},"mobile":{"background-color":"var(--ast-global-color-5)","background-image":"","background-repeat":"repeat","background-position":"center center","background-size":"auto","background-attachment":"scroll","background-type":"","background-media":"","overlay-type":"","overlay-color":"","overlay-gradient":""}},"footnotes":""},"categories":[17426,1399],"tags":[57175,17510,194145,118688,73234,229573],"class_list":["post-116242","post","type-post","status-publish","format-standard","hentry","category-alcala","category-geografia","tag-david-cocero-matesanz","tag-emilio-chuvieco-salinero","tag-francisco-javier-Martinez-vega","tag-jesus-san-miguel-ayanz","tag-maria-cristina-vega-garcia","tag-maria-vanesa-moreno-dominguez"],"_links":{"self":[{"href":"https:\/\/www.deberes.net\/tesis\/wp-json\/wp\/v2\/posts\/116242","targetHints":{"allow":["GET"]}}],"collection":[{"href":"https:\/\/www.deberes.net\/tesis\/wp-json\/wp\/v2\/posts"}],"about":[{"href":"https:\/\/www.deberes.net\/tesis\/wp-json\/wp\/v2\/types\/post"}],"author":[{"embeddable":true,"href":"https:\/\/www.deberes.net\/tesis\/wp-json\/wp\/v2\/users\/1"}],"replies":[{"embeddable":true,"href":"https:\/\/www.deberes.net\/tesis\/wp-json\/wp\/v2\/comments?post=116242"}],"version-history":[{"count":0,"href":"https:\/\/www.deberes.net\/tesis\/wp-json\/wp\/v2\/posts\/116242\/revisions"}],"wp:attachment":[{"href":"https:\/\/www.deberes.net\/tesis\/wp-json\/wp\/v2\/media?parent=116242"}],"wp:term":[{"taxonomy":"category","embeddable":true,"href":"https:\/\/www.deberes.net\/tesis\/wp-json\/wp\/v2\/categories?post=116242"},{"taxonomy":"post_tag","embeddable":true,"href":"https:\/\/www.deberes.net\/tesis\/wp-json\/wp\/v2\/tags?post=116242"}],"curies":[{"name":"wp","href":"https:\/\/api.w.org\/{rel}","templated":true}]}}