{"id":116259,"date":"2014-09-09T00:00:00","date_gmt":"2014-09-09T00:00:00","guid":{"rendered":"https:\/\/www.deberes.net\/tesis\/sin-categoria\/el-patio-del-eixample-un-espacio-publico-de-proximidad\/"},"modified":"2014-09-09T00:00:00","modified_gmt":"2014-09-09T00:00:00","slug":"el-patio-del-eixample-un-espacio-publico-de-proximidad","status":"publish","type":"post","link":"https:\/\/www.deberes.net\/tesis\/urbanismo\/el-patio-del-eixample-un-espacio-publico-de-proximidad\/","title":{"rendered":"El patio del eixample, un espacio p\u00fablico de proximidad"},"content":{"rendered":"<h2>Tesis doctoral de <strong> Teresa Pazos Ortega <\/strong><\/h2>\n<p>El patio interior de manzana de uso p\u00fablico es un nuevo tipo de espacio libre. Tiene unas caracter\u00edsticas propias: titularidad p\u00fablica; morfolog\u00eda (delimitados por edificaci\u00f3n, tama\u00f1o peque\u00f1o, accesos puntuales desde la calle); funci\u00f3n (escala local, uso dom\u00e9stico); horario limitado. Surgen para liberar espacio p\u00fablico en la ciudad consolidada. Se relacionan con el resto de la ciudad, los equipamientos pr\u00f3ximos, las v\u00edas de comunicaci\u00f3n y los comercios, creando redes cotidianas. Son el resultado de una estrategia municipal, fruto de a\u00f1os de estudio y actuaci\u00f3n sobre la ciudad.  han hecho falta a\u00f1os para recuperar la idea de lldefons cerd\u00ed\u00a0 de manzanas con interiores ajardinados. Se han podido conseguir gracias a la iniciativa municipal, que ha sabido valerse de los instrumentos adecuados y ha sabido mantener la estrategia durante m\u00e1s de 25 a\u00f1os. Desde 1987 hasta el 2012 se han conseguido recuperar numerosos espacios libres interiores de manzana, privados y p\u00fablicos; 48 p\u00fablicos, 33 de ellos patios. Otros agentes han contribuido, como la universidad, formadora de profesionales y de conocimiento, o la empresa mixta proeixample, encargada de la gesti\u00f3n desde el 2000. Las actuaciones realizadas en otras ciudades tambi\u00e9n han proporcionado ideas y base te\u00f3rica, como puede en este caso hacerlo barcelona.  puede aportar la metodolog\u00eda de actuaci\u00f3n, basada en el estudio de la trama existente, la valoraci\u00f3n de las necesidades, el planteamiento de actuaciones concretas y de instrumentos espec\u00edficos que permitan la generalizaci\u00f3n de las intervenciones. En 1983 y 1993 se redactaron estudios concretos sobre la trama del eixample ofreciendo objetivos y prioridades de actuaci\u00f3n. En 1986 se aprueba una ordenanza espec\u00edfica de rehabilitaci\u00f3n y mejora del eixample, modificada en 1995 y 2002 que obliga a dejar libre de edificaci\u00f3n la parte interior de la finca a rehabilitar a una vez y media la profundidad edificable. Se consolida as\u00ed la trama hist\u00f3rica de cerd\u00ed\u00a0, con el esponjamiento de las manzanas.  los patios liberados constituyen m\u00e1s que un sistema una nueva estructura superpuesta al tejido construido. Como espacios de proximidad a la vivienda y los equipamientos son necesarios. En ello reside su valor. Los patios est\u00e1n distribuidos casi homog\u00e9neamente por toda la trama, a casi 300 m de cada ciudadano, como preve\u00eda la estrategia. Se ha obtenido m\u00e1s superficie verde dentro de la ciudad compacta, y m\u00e1s cerca. la estrategia ha evolucionado. En los \u00faltimos a\u00f1os se han complementado las actuaciones con la creaci\u00f3n de equipamientos en las mismas manzanas. Aparece as\u00ed el binomio zona verde-equipamiento donde el beneficio final es doble. Los patios se utilizan, son funcionales y son apreciados por la gente. A\u00fan as\u00ed quedan retos pendientes. Uno es la mejora del patio como proyecto urbano, teniendo en cuenta no solo el dise\u00f1o en planta y la distribuci\u00f3n de usos sino la relaci\u00f3n con su contorno, con las plantas bajas edificadas, con la calle. Necesitan a su vez una identidad y un valor a\u00f1adido m\u00e1s all\u00e1 de su funcionalidad.  la estrategia deber\u00eda continuarse, actualiz\u00e1ndola para adaptarla a las nuevas necesidades, mejorando aspectos. Ser\u00eda oportuno mantener un an\u00e1lisis cr\u00edtico para verificar la ordenanza, los objetivos y la gesti\u00f3n. Muchas mejoras podr\u00edan hacerse: incorporar la participaci\u00f3n ciudadana tanto en la creaci\u00f3n como en la gesti\u00f3n; mejorar la visualizaci\u00f3n desde la calle, la conexi\u00f3n entre ellos y el aprovechamiento del espacio; promover la actividad econ\u00f3mica en el interior de los patios, manteniendo el fr\u00e1gil equilibrio entre actividad e intimidad. Complementariamente ser\u00eda necesario procurar una mayor visibilidad de la estrategia, y coordinarla con otras pol\u00edticas urbanas. Es fundamental la participaci\u00f3n activa del ajuntament que debe favorecer la actuaci\u00f3n privada pero cuidando la calidad de los espacios y velando por el mantenimiento de su car\u00e1cter p\u00fablico.<\/p>\n<p>&nbsp;<\/p>\n<h3>Datos acad\u00e9micos de la tesis doctoral \u00ab<strong>El patio del eixample, un espacio p\u00fablico de proximidad<\/strong>\u00ab<\/h3>\n<ul>\n<li><strong>T\u00edtulo de la tesis:<\/strong>\u00a0 El patio del eixample, un espacio p\u00fablico de proximidad <\/li>\n<li><strong>Autor:<\/strong>\u00a0 Teresa Pazos Ortega <\/li>\n<li><strong>Universidad:<\/strong>\u00a0 Polit\u00e9cnica de catalunya<\/li>\n<li><strong>Fecha de lectura de la tesis:<\/strong>\u00a0 09\/09\/2014<\/li>\n<\/ul>\n<p>&nbsp;<\/p>\n<h3>Direcci\u00f3n y tribunal<\/h3>\n<ul>\n<li><strong>Director de la tesis<\/strong>\n<ul>\n<li>Miguel Corominas Ayala<\/li>\n<\/ul>\n<\/li>\n<li><strong>Tribunal<\/strong>\n<ul>\n<li>Presidente del tribunal: joaquim Sabat\u00e9 bel <\/li>\n<li>jaume Barnada l\u00f3pez (vocal)<\/li>\n<li>agustin Hernandez aja (vocal)<\/li>\n<li>merc\u00e9 Tatjer mir (vocal)<\/li>\n<\/ul>\n<\/li>\n<\/ul>\n<p>&nbsp;<\/p>\n","protected":false},"excerpt":{"rendered":"<p>Tesis doctoral de Teresa Pazos Ortega El patio interior de manzana de uso p\u00fablico es un nuevo tipo de espacio [&hellip;]<\/p>\n","protected":false},"author":1,"featured_media":0,"comment_status":"open","ping_status":"open","sticky":false,"template":"","format":"standard","meta":{"site-sidebar-layout":"default","site-content-layout":"","ast-site-content-layout":"","site-content-style":"default","site-sidebar-style":"default","ast-global-header-display":"","ast-banner-title-visibility":"","ast-main-header-display":"","ast-hfb-above-header-display":"","ast-hfb-below-header-display":"","ast-hfb-mobile-header-display":"","site-post-title":"","ast-breadcrumbs-content":"","ast-featured-img":"","footer-sml-layout":"","theme-transparent-header-meta":"","adv-header-id-meta":"","stick-header-meta":"","header-above-stick-meta":"","header-main-stick-meta":"","header-below-stick-meta":"","astra-migrate-meta-layouts":"default","ast-page-background-enabled":"default","ast-page-background-meta":{"desktop":{"background-color":"var(--ast-global-color-4)","background-image":"","background-repeat":"repeat","background-position":"center center","background-size":"auto","background-attachment":"scroll","background-type":"","background-media":"","overlay-type":"","overlay-color":"","overlay-gradient":""},"tablet":{"background-color":"","background-image":"","background-repeat":"repeat","background-position":"center center","background-size":"auto","background-attachment":"scroll","background-type":"","background-media":"","overlay-type":"","overlay-color":"","overlay-gradient":""},"mobile":{"background-color":"","background-image":"","background-repeat":"repeat","background-position":"center center","background-size":"auto","background-attachment":"scroll","background-type":"","background-media":"","overlay-type":"","overlay-color":"","overlay-gradient":""}},"ast-content-background-meta":{"desktop":{"background-color":"var(--ast-global-color-5)","background-image":"","background-repeat":"repeat","background-position":"center center","background-size":"auto","background-attachment":"scroll","background-type":"","background-media":"","overlay-type":"","overlay-color":"","overlay-gradient":""},"tablet":{"background-color":"var(--ast-global-color-5)","background-image":"","background-repeat":"repeat","background-position":"center center","background-size":"auto","background-attachment":"scroll","background-type":"","background-media":"","overlay-type":"","overlay-color":"","overlay-gradient":""},"mobile":{"background-color":"var(--ast-global-color-5)","background-image":"","background-repeat":"repeat","background-position":"center center","background-size":"auto","background-attachment":"scroll","background-type":"","background-media":"","overlay-type":"","overlay-color":"","overlay-gradient":""}},"footnotes":""},"categories":[16072,16563,15596,5371],"tags":[49227,62221,15604,33566,15605,229599],"class_list":["post-116259","post","type-post","status-publish","format-standard","hentry","category-jardines-y-parques","category-planificacion-urbanistica","category-politecnica-de-catalunya","category-urbanismo","tag-agustin-hernandez-aja","tag-jaume-barnada-lopez","tag-joaquim-sabate-bel","tag-merce-tatjer-mir","tag-miguel-corominas-ayala","tag-teresa-pazos-ortega"],"_links":{"self":[{"href":"https:\/\/www.deberes.net\/tesis\/wp-json\/wp\/v2\/posts\/116259","targetHints":{"allow":["GET"]}}],"collection":[{"href":"https:\/\/www.deberes.net\/tesis\/wp-json\/wp\/v2\/posts"}],"about":[{"href":"https:\/\/www.deberes.net\/tesis\/wp-json\/wp\/v2\/types\/post"}],"author":[{"embeddable":true,"href":"https:\/\/www.deberes.net\/tesis\/wp-json\/wp\/v2\/users\/1"}],"replies":[{"embeddable":true,"href":"https:\/\/www.deberes.net\/tesis\/wp-json\/wp\/v2\/comments?post=116259"}],"version-history":[{"count":0,"href":"https:\/\/www.deberes.net\/tesis\/wp-json\/wp\/v2\/posts\/116259\/revisions"}],"wp:attachment":[{"href":"https:\/\/www.deberes.net\/tesis\/wp-json\/wp\/v2\/media?parent=116259"}],"wp:term":[{"taxonomy":"category","embeddable":true,"href":"https:\/\/www.deberes.net\/tesis\/wp-json\/wp\/v2\/categories?post=116259"},{"taxonomy":"post_tag","embeddable":true,"href":"https:\/\/www.deberes.net\/tesis\/wp-json\/wp\/v2\/tags?post=116259"}],"curies":[{"name":"wp","href":"https:\/\/api.w.org\/{rel}","templated":true}]}}