{"id":116325,"date":"2018-03-11T10:45:24","date_gmt":"2018-03-11T10:45:24","guid":{"rendered":""},"modified":"2018-03-11T10:45:24","modified_gmt":"2018-03-11T10:45:24","slug":"la-reutilizacion-de-la-cultura-en-las-pola%c2%adticas-publicas-diferentes-valoraciones-significaciones-y-usos-sociales-de-los-denominados-bienes-del-patrimonio-cultural-el-caso-de-la-comarca-de-la","status":"publish","type":"post","link":"https:\/\/www.deberes.net\/tesis\/antropologia-cultural\/la-reutilizacion-de-la-cultura-en-las-pola%c2%adticas-publicas-diferentes-valoraciones-significaciones-y-usos-sociales-de-los-denominados-bienes-del-patrimonio-cultural-el-caso-de-la-comarca-de-la\/","title":{"rendered":"La reutilizaci\u00f3n de la cultura en las pol\u00edticas p\u00fablicas. diferentes valoraciones, significaciones y usos sociales de los denominados bienes del patrimonio cultural: el caso de la comarca de la vera (c\u00e1ceres)."},"content":{"rendered":"<h2>Tesis doctoral de <strong> Clara Patricia Buitrago Valencia <\/strong><\/h2>\n<p>En las \u00faltimas d\u00e9cadas, la incorporaci\u00f3n de nuevos objetos, arquitecturas, pr\u00e1cticas y lugares en la lista del patrimonio cultural ha aumentado. Nuevas definiciones del patrimonio y diversos grupos considerados excluidos del patrimonio est\u00e1n llamados a participar en la promoci\u00f3n del mismo. Sin embargo, uno de los principales problemas que enfrentan estas nuevas definiciones es la falta de participaci\u00f3n de las comunidades locales. Este fue el problema encontrado en la comarca de la vera en extremadura.Durante mi investigaci\u00f3n, se daban dos situaciones en la vera. Por un lado, diferentes instituciones pol\u00edticas, conforme a la pol\u00edtica de desarrollo rural de la uni\u00f3n europea, pretend\u00edan fomentar la restauraci\u00f3n de la arquitectura vern\u00e1cula. Por otro, la poblaci\u00f3n local participaba muy poco en esta mejora. Aunque hab\u00eda ayudas econ\u00f3micas y t\u00e9cnicas para la restauraci\u00f3n de la arquitectura vern\u00e1cula, muchas de estas casas permanec\u00edan en ruinas.El objetivo de esta tesis doctoral es dar una explicaci\u00f3n a este problema siguiendo las conceptualizaciones actuales sobre el patrimonio cultural como un proceso de construcci\u00f3n social de significados y las contribuciones te\u00f3ricas de p. Bourdieu. Mi investigaci\u00f3n se centra en el estudio de la arquitectura vern\u00e1cula de la vera.Desde 1959, diferentes pueblos de la vera fueron declarados como conjunto hist\u00f3rico-art\u00edstico. Sin embargo, s\u00f3lo desde el a\u00f1o 2000 una pol\u00edtica para la conservaci\u00f3n y restauraci\u00f3n de esta arquitectura fue implementada. As\u00ed, el patrimonio cultural de la vera permaneci\u00f3 sin protecci\u00f3n espec\u00edfica durante casi 50 a\u00f1os. Esta pol\u00edtica promov\u00eda el mantenimiento de un sistema arquitect\u00f3nico particular definido por el uso de la madera como un elemento clave y establec\u00eda la creaci\u00f3n de una oficina de restauraci\u00f3n, en la que arquitectos e historiadores de arte trabajaban junto con la poblaci\u00f3n. Como las intervenciones pod\u00edan implicar costos elevados para los habitantes de la regi\u00f3n, tambi\u00e9n se cre\u00f3 un sistema de ayudas p\u00fablicas para cubrir estos gastos.Los t\u00e9cnicos de la oficina de restauraci\u00f3n, as\u00ed como las autoridades pol\u00edticas de estos pueblos parec\u00edan no poder entender por qu\u00e9 la mayor parte de estas casas segu\u00edan en ruinas, ya que exist\u00edan los recursos econ\u00f3micos y t\u00e9cnicos para promover la restauraci\u00f3n. Esta falta de entendimiento se convirti\u00f3 en mi pregunta de investigaci\u00f3n. Para mi estudio, llev\u00e9 a cabo un estudio etnogr\u00e1fico basado en entrevistas en profundidad con los habitantes de estos pueblos.Durante las entrevistas pude ver la existencia de dos discursos sobre las casas de entramado de madera. Por un lado, los habitantes comunes que han vivido la mayor parte de su vida en estas casas consideraban que estos edificios representaban la pobreza. Eran casas viejas, de ning\u00fan material durable, que no cumpl\u00eda con ciertos requisitos de comodidad. Seg\u00fan ellos, estas casas deb\u00edan reemplazarse con sistemas de construcci\u00f3n modernos y ser m\u00e1s c\u00f3modos. Por otra parte, t\u00e9cnicos de la oficina de restauraci\u00f3n, as\u00ed como personas que trabajaban en la promoci\u00f3n del turismo consideraban que las casas, debido a su antig\u00ed\u00bcedad y la est\u00e9tica de su sistema constructivo, constitu\u00edan un patrimonio cultural, que deb\u00eda preservarse a toda costa.Estas dos formas de evaluar las casas de entramado estaba generando muchos conflictos, ya que las ayudas p\u00fablicas no permit\u00edan el uso de materiales -modernos-, sino el uso de la madera. Como resultado, apelando al patrimonio cultural, t\u00e9cnicos, pol\u00edticos y empresarios de turismo acusaban a los habitantes de la vera de destruir deliberadamente una -herencia- \u00fanica y las autoridades locales penalizaban todos aquellos que no siguen las recomendaciones sobre la preservaci\u00f3n de la arquitectura vern\u00e1cula. Este discurso denominado el discurso hegem\u00f3nico del patrimonio cultural, que se centra en los objetos y deja de lado el proceso de construcci\u00f3n social de significado.<\/p>\n<p>&nbsp;<\/p>\n<h3>Datos acad\u00e9micos de la tesis doctoral \u00ab<strong>La reutilizaci\u00f3n de la cultura en las pol\u00edticas p\u00fablicas. diferentes valoraciones, significaciones y usos sociales de los denominados bienes del patrimonio cultural: el caso de la comarca de la vera (c\u00e1ceres).<\/strong>\u00ab<\/h3>\n<ul>\n<li><strong>T\u00edtulo de la tesis:<\/strong>\u00a0 La reutilizaci\u00f3n de la cultura en las pol\u00edticas p\u00fablicas. diferentes valoraciones, significaciones y usos sociales de los denominados bienes del patrimonio cultural: el caso de la comarca de la vera (c\u00e1ceres). <\/li>\n<li><strong>Autor:<\/strong>\u00a0 Clara Patricia Buitrago Valencia <\/li>\n<li><strong>Universidad:<\/strong>\u00a0 Complutense de Madrid<\/li>\n<li><strong>Fecha de lectura de la tesis:<\/strong>\u00a0 18\/09\/2014<\/li>\n<\/ul>\n<p>&nbsp;<\/p>\n<h3>Direcci\u00f3n y tribunal<\/h3>\n<ul>\n<li><strong>Director de la tesis<\/strong>\n<ul>\n<li>Mar\u00eda Catedra Tomas<\/li>\n<\/ul>\n<\/li>\n<li><strong>Tribunal<\/strong>\n<ul>\n<li>Presidente del tribunal: ascension Bara\u00f1ano cid <\/li>\n<li>pedro Tome martin (vocal)<\/li>\n<li>angel Diaz de rada brun (vocal)<\/li>\n<li>beatriz Perez galan (vocal)<\/li>\n<\/ul>\n<\/li>\n<\/ul>\n<p>&nbsp;<\/p>\n","protected":false},"excerpt":{"rendered":"<p>Tesis doctoral de Clara Patricia Buitrago Valencia En las \u00faltimas d\u00e9cadas, la incorporaci\u00f3n de nuevos objetos, arquitecturas, pr\u00e1cticas y lugares [&hellip;]<\/p>\n","protected":false},"author":1,"featured_media":0,"comment_status":"open","ping_status":"open","sticky":false,"template":"","format":"standard","meta":{"site-sidebar-layout":"default","site-content-layout":"","ast-site-content-layout":"","site-content-style":"default","site-sidebar-style":"default","ast-global-header-display":"","ast-banner-title-visibility":"","ast-main-header-display":"","ast-hfb-above-header-display":"","ast-hfb-below-header-display":"","ast-hfb-mobile-header-display":"","site-post-title":"","ast-breadcrumbs-content":"","ast-featured-img":"","footer-sml-layout":"","theme-transparent-header-meta":"","adv-header-id-meta":"","stick-header-meta":"","header-above-stick-meta":"","header-main-stick-meta":"","header-below-stick-meta":"","astra-migrate-meta-layouts":"default","ast-page-background-enabled":"default","ast-page-background-meta":{"desktop":{"background-color":"var(--ast-global-color-4)","background-image":"","background-repeat":"repeat","background-position":"center center","background-size":"auto","background-attachment":"scroll","background-type":"","background-media":"","overlay-type":"","overlay-color":"","overlay-gradient":""},"tablet":{"background-color":"","background-image":"","background-repeat":"repeat","background-position":"center center","background-size":"auto","background-attachment":"scroll","background-type":"","background-media":"","overlay-type":"","overlay-color":"","overlay-gradient":""},"mobile":{"background-color":"","background-image":"","background-repeat":"repeat","background-position":"center center","background-size":"auto","background-attachment":"scroll","background-type":"","background-media":"","overlay-type":"","overlay-color":"","overlay-gradient":""}},"ast-content-background-meta":{"desktop":{"background-color":"var(--ast-global-color-5)","background-image":"","background-repeat":"repeat","background-position":"center center","background-size":"auto","background-attachment":"scroll","background-type":"","background-media":"","overlay-type":"","overlay-color":"","overlay-gradient":""},"tablet":{"background-color":"var(--ast-global-color-5)","background-image":"","background-repeat":"repeat","background-position":"center center","background-size":"auto","background-attachment":"scroll","background-type":"","background-media":"","overlay-type":"","overlay-color":"","overlay-gradient":""},"mobile":{"background-color":"var(--ast-global-color-5)","background-image":"","background-repeat":"repeat","background-position":"center center","background-size":"auto","background-attachment":"scroll","background-type":"","background-media":"","overlay-type":"","overlay-color":"","overlay-gradient":""}},"footnotes":""},"categories":[983,986],"tags":[32834,92401,49399,229691,6028,79554],"class_list":["post-116325","post","type-post","status-publish","format-standard","hentry","category-antropologia-cultural","category-complutense-de-madrid","tag-angel-diaz-de-rada-brun","tag-ascension-baranano-cid","tag-beatriz-perez-galan","tag-clara-patricia-buitrago-valencia","tag-maria-catedra-tomas","tag-pedro-tome-martin"],"_links":{"self":[{"href":"https:\/\/www.deberes.net\/tesis\/wp-json\/wp\/v2\/posts\/116325","targetHints":{"allow":["GET"]}}],"collection":[{"href":"https:\/\/www.deberes.net\/tesis\/wp-json\/wp\/v2\/posts"}],"about":[{"href":"https:\/\/www.deberes.net\/tesis\/wp-json\/wp\/v2\/types\/post"}],"author":[{"embeddable":true,"href":"https:\/\/www.deberes.net\/tesis\/wp-json\/wp\/v2\/users\/1"}],"replies":[{"embeddable":true,"href":"https:\/\/www.deberes.net\/tesis\/wp-json\/wp\/v2\/comments?post=116325"}],"version-history":[{"count":0,"href":"https:\/\/www.deberes.net\/tesis\/wp-json\/wp\/v2\/posts\/116325\/revisions"}],"wp:attachment":[{"href":"https:\/\/www.deberes.net\/tesis\/wp-json\/wp\/v2\/media?parent=116325"}],"wp:term":[{"taxonomy":"category","embeddable":true,"href":"https:\/\/www.deberes.net\/tesis\/wp-json\/wp\/v2\/categories?post=116325"},{"taxonomy":"post_tag","embeddable":true,"href":"https:\/\/www.deberes.net\/tesis\/wp-json\/wp\/v2\/tags?post=116325"}],"curies":[{"name":"wp","href":"https:\/\/api.w.org\/{rel}","templated":true}]}}