{"id":116346,"date":"2018-03-11T10:45:24","date_gmt":"2018-03-11T10:45:24","guid":{"rendered":"https:\/\/www.deberes.net\/tesis\/sin-categoria\/los-ideales-cienta%c2%adficos-y-pola%c2%adticos-de-los-marinos-ilustrados-espanoles-del-siglo-xviii\/"},"modified":"2018-03-11T10:45:24","modified_gmt":"2018-03-11T10:45:24","slug":"los-ideales-cienta%c2%adficos-y-pola%c2%adticos-de-los-marinos-ilustrados-espanoles-del-siglo-xviii","status":"publish","type":"post","link":"https:\/\/www.deberes.net\/tesis\/complutense-de-madrid\/los-ideales-cienta%c2%adficos-y-pola%c2%adticos-de-los-marinos-ilustrados-espanoles-del-siglo-xviii\/","title":{"rendered":"Los ideales cient\u00edficos y pol\u00edticos de los marinos ilustrados espa\u00f1oles del siglo xviii"},"content":{"rendered":"<h2>Tesis doctoral de <strong> Francisco Javier Fernandez Curtiella <\/strong><\/h2>\n<p>El prop\u00f3sito de esta tesis doctoral es presentar con un enfoque filos\u00f3fico la labor intelectual de los m\u00e1s ilustres marinos espa\u00f1oles del siglo xviii, destacando aquellas ideas, tanto cient\u00edficas como pol\u00edticas, que contribuyeron a modelar una nueva concepci\u00f3n del mundo. La investigaci\u00f3n se divide formalmente en tres partes, la primera de las cuales consiste en la exposici\u00f3n de un relato hist\u00f3rico coherente y consistente del siglo xviii espa\u00f1ol, que permite observar la paulatina configuraci\u00f3n de una \u00e9lite social, la de los marinos ilustrados, que se distinguir\u00eda con notoriedad del conjunto del tejido social de la \u00e9poca. Dicha \u00e9lite ser\u00e1 el sujeto de estudio de la investigaci\u00f3n.Con una metodolog\u00eda de trabajo que acude constantemente a los textos m\u00e1s significativos de los propios marinos, la segunda parte de la investigaci\u00f3n aborda el progresivo resquebrajamiento de la idea de ciencia que hab\u00eda imperado hasta el siglo xviii y la sucesiva implantaci\u00f3n de las distintas ciencias positivas. Los conceptos de campo y cuerpo de toda ciencia permiten exponer bajo un prisma gnoseol\u00f3gico dicha implantaci\u00f3n, as\u00ed como la trascendencia de las m\u00faltiples expediciones cient\u00edficas que se llevaron a cabo en la \u00e9poca. El ineluctable y beneficioso car\u00e1cter pr\u00e1ctico de las ciencias positivas se pone de manifiesto tanto en las numerosas obras de estos marinos como en el formidable desarrollo tecnol\u00f3gico que vivi\u00f3 la armada espa\u00f1ola a lo largo de gran parte de aquella centuria.La tercera parte analiza las distintas vertientes del reformismo espa\u00f1ol, iniciado en los albores del dieciocho con la llegada al trono del primer borb\u00f3n, as\u00ed como sus diversas v\u00edas de difusi\u00f3n; en especial la de los relatos ut\u00f3picos de corte ilustrado publicados en los denominados \u00c2\u00bfpapeles peri\u00f3dicos\u00c2\u00bf y la del singular, poco conocido e interesant\u00edsimo caso del informe \u00c2\u00abreservado\u00c2\u00bb que los marinos d. Jorge juan y d. Antonio de ulloa elaboraron en una de las expediciones que jalonaron aquel siglo, y que tan brillantes resultaron dejaron para la posteridad. En la segunda parte de aquel informe, publicado d\u00e9cadas despu\u00e9s en inglaterra bajo el manipulado t\u00edtulo noticias secretas de am\u00e9rica, aparece un nutrido conjunto de propuestas de reforma que, a juicio de ambos navegantes, deb\u00edan realizarse inexcusablemente en todas las posesiones del imperio espa\u00f1ol. Ideas como progreso, felicidad o m\u00e9rito, junto a planteamientos jansenistas, de\u00edstas o mas\u00f3nicos, van siendo examinadas en esta tercera parte a trav\u00e9s de su reflejo en el quehacer profesional de nuestros marinos.El desarrollo o evoluci\u00f3n del reformismo ilustrado cristalizar\u00eda en las cortes de c\u00e1diz en forma de un liberalismo que pretend\u00eda instaurar un s\u00f3lido sistema de libertades positivas. En tan decisivo episodio para la historia nacional, las aportaciones de los protagonistas de esta investigaci\u00f3n son tambi\u00e9n dignas de estudio. Desde\u00f1ando lo violento y rupturista de la revoluci\u00f3n francesa, los diputados de las cortes gaditanas quisieron conjugar, como lo atestiguan los diarios de sesiones, ese sistema de libertades positivas con la dilatada tradici\u00f3n legislativa y jur\u00eddica espa\u00f1ola que se remonta hasta la edad media.Las conclusiones alcanzadas en esta tesis pueden ser presentadas en dos direcciones bien definidas: 1. Espa\u00f1a tuvo una genuina ilustraci\u00f3n y \u00e9sta no fue en modo alguno calco de la de otras naciones europeas. 2. La armada espa\u00f1ola form\u00f3 una \u00e9lite de marinos que destacaron por su sobresaliente labor profesional e intelectual hasta el punto de poder sostener hoy que aquellos hombres fueron verdaderos fil\u00f3sofos mundanos de la mar, empleando aqu\u00ed la cl\u00e1sica distinci\u00f3n kantiana entre filosof\u00eda acad\u00e9mica (filosof\u00eda en sentido \u00c2\u00abescol\u00e1stico\u00c2\u00bb, schulbegriff) y filosof\u00eda mundana (filosof\u00eda en sentido \u00c2\u00abc\u00f3smico\u00c2\u00bb, weltbegriff). Es por ello que esta tesis supone asimismo una reivindicaci\u00f3n del honroso lugar que merecen ocupar estos marinos ilustrados en la historia de la filosof\u00eda espa\u00f1ola.<\/p>\n<p>&nbsp;<\/p>\n<h3>Datos acad\u00e9micos de la tesis doctoral \u00ab<strong>Los ideales cient\u00edficos y pol\u00edticos de los marinos ilustrados espa\u00f1oles del siglo xviii<\/strong>\u00ab<\/h3>\n<ul>\n<li><strong>T\u00edtulo de la tesis:<\/strong>\u00a0 Los ideales cient\u00edficos y pol\u00edticos de los marinos ilustrados espa\u00f1oles del siglo xviii <\/li>\n<li><strong>Autor:<\/strong>\u00a0 Francisco Javier Fernandez Curtiella <\/li>\n<li><strong>Universidad:<\/strong>\u00a0 Complutense de Madrid<\/li>\n<li><strong>Fecha de lectura de la tesis:<\/strong>\u00a0 21\/09\/2014<\/li>\n<\/ul>\n<p>&nbsp;<\/p>\n<h3>Direcci\u00f3n y tribunal<\/h3>\n<ul>\n<li><strong>Director de la tesis<\/strong>\n<ul>\n<li>Ram\u00f3n Emilio Mandado Guti\u00e9rrez<\/li>\n<\/ul>\n<\/li>\n<li><strong>Tribunal<\/strong>\n<ul>\n<li>Presidente del tribunal: manuel Maceiras fafi\u00e1n <\/li>\n<li>Jos\u00e9 Luis Mora garcia (vocal)<\/li>\n<li>v\u00edctor Navarro brotons (vocal)<\/li>\n<li>Fernando Hermida de blas (vocal)<\/li>\n<\/ul>\n<\/li>\n<\/ul>\n<p>&nbsp;<\/p>\n","protected":false},"excerpt":{"rendered":"<p>Tesis doctoral de Francisco Javier Fernandez Curtiella El prop\u00f3sito de esta tesis doctoral es presentar con un enfoque filos\u00f3fico la [&hellip;]<\/p>\n","protected":false},"author":1,"featured_media":0,"comment_status":"open","ping_status":"open","sticky":false,"template":"","format":"standard","meta":{"site-sidebar-layout":"default","site-content-layout":"","ast-site-content-layout":"","site-content-style":"default","site-sidebar-style":"default","ast-global-header-display":"","ast-banner-title-visibility":"","ast-main-header-display":"","ast-hfb-above-header-display":"","ast-hfb-below-header-display":"","ast-hfb-mobile-header-display":"","site-post-title":"","ast-breadcrumbs-content":"","ast-featured-img":"","footer-sml-layout":"","theme-transparent-header-meta":"","adv-header-id-meta":"","stick-header-meta":"","header-above-stick-meta":"","header-main-stick-meta":"","header-below-stick-meta":"","astra-migrate-meta-layouts":"default","ast-page-background-enabled":"default","ast-page-background-meta":{"desktop":{"background-color":"var(--ast-global-color-4)","background-image":"","background-repeat":"repeat","background-position":"center center","background-size":"auto","background-attachment":"scroll","background-type":"","background-media":"","overlay-type":"","overlay-color":"","overlay-gradient":""},"tablet":{"background-color":"","background-image":"","background-repeat":"repeat","background-position":"center center","background-size":"auto","background-attachment":"scroll","background-type":"","background-media":"","overlay-type":"","overlay-color":"","overlay-gradient":""},"mobile":{"background-color":"","background-image":"","background-repeat":"repeat","background-position":"center center","background-size":"auto","background-attachment":"scroll","background-type":"","background-media":"","overlay-type":"","overlay-color":"","overlay-gradient":""}},"ast-content-background-meta":{"desktop":{"background-color":"var(--ast-global-color-5)","background-image":"","background-repeat":"repeat","background-position":"center center","background-size":"auto","background-attachment":"scroll","background-type":"","background-media":"","overlay-type":"","overlay-color":"","overlay-gradient":""},"tablet":{"background-color":"var(--ast-global-color-5)","background-image":"","background-repeat":"repeat","background-position":"center center","background-size":"auto","background-attachment":"scroll","background-type":"","background-media":"","overlay-type":"","overlay-color":"","overlay-gradient":""},"mobile":{"background-color":"var(--ast-global-color-5)","background-image":"","background-repeat":"repeat","background-position":"center center","background-size":"auto","background-attachment":"scroll","background-type":"","background-media":"","overlay-type":"","overlay-color":"","overlay-gradient":""}},"footnotes":""},"categories":[986,1058],"tags":[228825,229721,23964,5345,227891,8590],"class_list":["post-116346","post","type-post","status-publish","format-standard","hentry","category-complutense-de-madrid","category-filosofia-moderna","tag-fernando-hermida-de-blas","tag-francisco-javier-fernandez-curtiella","tag-jose-luis-mora-garcia","tag-manuel-maceiras-fafian","tag-ramon-emilio-mandado-gutierrez","tag-victor-navarro-brotons"],"_links":{"self":[{"href":"https:\/\/www.deberes.net\/tesis\/wp-json\/wp\/v2\/posts\/116346","targetHints":{"allow":["GET"]}}],"collection":[{"href":"https:\/\/www.deberes.net\/tesis\/wp-json\/wp\/v2\/posts"}],"about":[{"href":"https:\/\/www.deberes.net\/tesis\/wp-json\/wp\/v2\/types\/post"}],"author":[{"embeddable":true,"href":"https:\/\/www.deberes.net\/tesis\/wp-json\/wp\/v2\/users\/1"}],"replies":[{"embeddable":true,"href":"https:\/\/www.deberes.net\/tesis\/wp-json\/wp\/v2\/comments?post=116346"}],"version-history":[{"count":0,"href":"https:\/\/www.deberes.net\/tesis\/wp-json\/wp\/v2\/posts\/116346\/revisions"}],"wp:attachment":[{"href":"https:\/\/www.deberes.net\/tesis\/wp-json\/wp\/v2\/media?parent=116346"}],"wp:term":[{"taxonomy":"category","embeddable":true,"href":"https:\/\/www.deberes.net\/tesis\/wp-json\/wp\/v2\/categories?post=116346"},{"taxonomy":"post_tag","embeddable":true,"href":"https:\/\/www.deberes.net\/tesis\/wp-json\/wp\/v2\/tags?post=116346"}],"curies":[{"name":"wp","href":"https:\/\/api.w.org\/{rel}","templated":true}]}}